{"id":5073,"date":"2024-08-25T08:27:34","date_gmt":"2024-08-25T06:27:34","guid":{"rendered":"https:\/\/oglasi.infooglasi.rs\/oglasi\/oglasipecinci\/startovala-46-kampanja-prerade-secerne-repe-u-pecincima-oglasi-pecinci\/"},"modified":"2024-08-25T08:27:34","modified_gmt":"2024-08-25T06:27:34","slug":"startovala-46-kampanja-prerade-secerne-repe-u-pecincima-oglasi-pecinci","status":"publish","type":"post","link":"https:\/\/oglasi.infooglasi.rs\/oglasi\/oglasipecinci\/startovala-46-kampanja-prerade-secerne-repe-u-pecincima-oglasi-pecinci\/","title":{"rendered":"Startovala 46. kampanja prerade \u0161e\u0107erne repe u Pe\u0107incima &#8211; OGLASI PE\u0106INCI"},"content":{"rendered":"<p><\/p>\n<div>\n            <!-- image --><\/p>\n<div class=\"td-post-featured-image\">\n<figure><a href=\"https:\/\/www.agrofin.rs\/wp-content\/uploads\/2021\/10\/SAJT_-_Secerana_Crvenka.jpg\" data-caption=\"Foto: poljoprivrednik.net\" target=\"_blank\" rel=\"noopener\"><img loading=\"lazy\" decoding=\"async\" width=\"696\" height=\"522\" class=\"entry-thumb td-modal-image\" src=\"https:\/\/www.agrofin.rs\/wp-content\/uploads\/2021\/10\/SAJT_-_Secerana_Crvenka-696x522.jpg\" srcset=\"https:\/\/www.agrofin.rs\/wp-content\/uploads\/2021\/10\/SAJT_-_Secerana_Crvenka-696x522.jpg 696w, https:\/\/www.agrofin.rs\/wp-content\/uploads\/2021\/10\/SAJT_-_Secerana_Crvenka-300x225.jpg 300w, https:\/\/www.agrofin.rs\/wp-content\/uploads\/2021\/10\/SAJT_-_Secerana_Crvenka-768x576.jpg 768w, https:\/\/www.agrofin.rs\/wp-content\/uploads\/2021\/10\/SAJT_-_Secerana_Crvenka-560x420.jpg 560w, https:\/\/www.agrofin.rs\/wp-content\/uploads\/2021\/10\/SAJT_-_Secerana_Crvenka-80x60.jpg 80w, https:\/\/www.agrofin.rs\/wp-content\/uploads\/2021\/10\/SAJT_-_Secerana_Crvenka-265x198.jpg 265w, https:\/\/www.agrofin.rs\/wp-content\/uploads\/2021\/10\/SAJT_-_Secerana_Crvenka.jpg 800w\" sizes=\"auto, (max-width: 696px) 100vw, 696px\" alt=\"\" title=\"SAJT_-_Secerana_Crvenka\"\/><\/a><figcaption class=\"wp-caption-text\">Foto: poljoprivrednik.net<\/figcaption><\/figure>\n<\/div>\n<p>            <!-- content --><\/p>\n<div class=\"td-a-rec td-a-rec-id-content_top  tdi_3 td_block_template_1\">\n<div class=\"td-all-devices\">\n    <a href=\"https:\/\/traktoriprikljucnemasine.rs\/\" target=\"_blank\" rel=\"noopener\">&#13;<br \/>\n        <img decoding=\"async\" src=\"https:\/\/www.agrofin.rs\/wp-content\/uploads\/2021\/05\/Volim-Traktore_baner_728x90px.jpg\"\/>&#13;<br \/>\n    <\/a>\n<\/div>\n<\/div>\n<p>U\u00a0proizvodnom centru Fabrike \u0161e\u0107era \u201eSunoko\u201c u Pe\u0107incima potpaljivanjem kre\u010dne pe\u0107i po\u010dela je 46. kampanja prerade \u0161e\u0107erne repe. Pe\u0107 je potpalio zamenik predsednika op\u0161tine Pe\u0107inci Zoran Vojki\u0107, koji je tom prilikom rukovodstvu i zaposlenima u fabrici po\u017eeleo uspe\u0161nu kampanju i rekao da je \u0161e\u0107erna repa sve vi\u0161e zastupljena na oranicama poljoprivrednih proizvo\u0111a\u010da u pe\u0107ina\u010dkoj op\u0161tini.<\/p>\n<p>Tehni\u010dki direktor \u0161e\u0107erane Branislav Bogdanovi\u0107 rekao je da je ovogodi\u0161nja kampanja najranije zapo\u010deta kampanja u istoriji fabrike, jer visoke temperature uti\u010du na \u0161e\u0107ernu repu.<\/p>\n<p><em>\u201eU skladu sa tim, doneli smo odluku za raniji po\u010detak kampanje \u0161to se pokazalo kao dobro, jer su svi predkampanjski rezultati analize \u0161e\u0107erne repe ukazali da je repa \u00a0tehnolo\u0161ki zrela i da mo\u017ee da se prera\u0111uje. Na pojedinim mestima ve\u0107 se pojavila trule\u017e, pa sada poku\u0161avamo da prvo tu repu preradimo kako se trule\u017e ne bi pro\u0161irila na celu parcel\u201c<\/em>; izjavio je Bogdanovi\u0107.<\/p>\n<div class=\"td-a-rec td-a-rec-id-content_inlineleft  tdi_2 td_block_template_1\">\n<div class=\"td-all-devices\">\n    <a href=\"https:\/\/agro-berza.rs\/\" target=\"_blank\" rel=\"noopener\">&#13;<br \/>\n        <img decoding=\"async\" src=\"https:\/\/www.agrofin.rs\/wp-content\/uploads\/2021\/05\/300x600.jpg\"\/>&#13;<br \/>\n    <\/a>\n<\/div>\n<\/div>\n<p>Kako je rekao Aleksandar Ne\u0161kovi\u0107, predstavnik sirovinskog sektora, na teritoriji Srema pod \u0161e\u0107ernom repom je ukupno 7.000 hektara a samo u pe\u0107ina\u010dkoj op\u0161tini zasejano je 550 ha.<\/p>\n<p><em>\u201ePrimetno je pove\u0107anje u odnosu na prethodnu godinu, kako u Sremu tako i u pe\u0107ina\u010dkoj op\u0161tini. Na teritoriji Srema, prethodne godine je pod \u0161e\u0107ernom repom bilo oko 5.000, u op\u0161tini Pe\u0107inci 150 hektara\u201c<\/em>, kazao je Ne\u0161kovi\u0107.<\/p>\n<p>B. K.<\/p>\n<div class=\"td-a-rec td-a-rec-id-content_bottom  tdi_4 td_block_template_1\">\n<div class=\"td-all-devices\"><a href=\"http:\/\/www.agrofin.rs\/vodic-za-kupovinu\/merna-tehnika\/mp-mz-mo-zak\/\" target=\"_blank\" rel=\"noopener\"><img decoding=\"async\" src=\"http:\/\/www.agrofin.rs\/wp-content\/uploads\/2019\/01\/MO-ZAK-baner-728x90-PNG.png\"\/><\/a><\/div>\n<\/div><\/div>\n<p><a href=\"https:\/\/www.agrofin.rs\/vesti\/startovala-46-kampanja-prerade-secerne-repe-u-pecincima\/\" target=\"_blank\" rel=\"noopener\">Source link <\/a><br \/>\n\n Startovala 46. kampanja prerade \u0161e\u0107erne repe u Pe\u0107incima<\/p>\n","protected":false},"excerpt":{"rendered":"<p>Foto: poljoprivrednik.net &#13; &#13; U\u00a0proizvodnom centru Fabrike \u0161e\u0107era \u201eSunoko\u201c u Pe\u0107incima potpaljivanjem kre\u010dne pe\u0107i po\u010dela je 46. kampanja prerade \u0161e\u0107erne&hellip;<\/p>\n","protected":false},"author":1,"featured_media":5074,"comment_status":"open","ping_status":"open","sticky":false,"template":"","format":"standard","meta":{"footnotes":""},"categories":[1],"tags":[],"class_list":["post-5073","post","type-post","status-publish","format-standard","has-post-thumbnail","hentry","category-oglasi-pecinci"],"_links":{"self":[{"href":"https:\/\/oglasi.infooglasi.rs\/oglasi\/oglasipecinci\/wp-json\/wp\/v2\/posts\/5073","targetHints":{"allow":["GET"]}}],"collection":[{"href":"https:\/\/oglasi.infooglasi.rs\/oglasi\/oglasipecinci\/wp-json\/wp\/v2\/posts"}],"about":[{"href":"https:\/\/oglasi.infooglasi.rs\/oglasi\/oglasipecinci\/wp-json\/wp\/v2\/types\/post"}],"author":[{"embeddable":true,"href":"https:\/\/oglasi.infooglasi.rs\/oglasi\/oglasipecinci\/wp-json\/wp\/v2\/users\/1"}],"replies":[{"embeddable":true,"href":"https:\/\/oglasi.infooglasi.rs\/oglasi\/oglasipecinci\/wp-json\/wp\/v2\/comments?post=5073"}],"version-history":[{"count":0,"href":"https:\/\/oglasi.infooglasi.rs\/oglasi\/oglasipecinci\/wp-json\/wp\/v2\/posts\/5073\/revisions"}],"wp:featuredmedia":[{"embeddable":true,"href":"https:\/\/oglasi.infooglasi.rs\/oglasi\/oglasipecinci\/wp-json\/wp\/v2\/media\/5074"}],"wp:attachment":[{"href":"https:\/\/oglasi.infooglasi.rs\/oglasi\/oglasipecinci\/wp-json\/wp\/v2\/media?parent=5073"}],"wp:term":[{"taxonomy":"category","embeddable":true,"href":"https:\/\/oglasi.infooglasi.rs\/oglasi\/oglasipecinci\/wp-json\/wp\/v2\/categories?post=5073"},{"taxonomy":"post_tag","embeddable":true,"href":"https:\/\/oglasi.infooglasi.rs\/oglasi\/oglasipecinci\/wp-json\/wp\/v2\/tags?post=5073"}],"curies":[{"name":"wp","href":"https:\/\/api.w.org\/{rel}","templated":true}]}}