{"id":5213,"date":"2025-02-13T17:11:20","date_gmt":"2025-02-13T16:11:20","guid":{"rendered":"https:\/\/oglasi.infooglasi.rs\/oglasi\/oglasipecinci\/talas-pobune-mesta-koja-jos-uvek-nisu-ustala-oglasi-pecinci\/"},"modified":"2025-02-13T17:11:20","modified_gmt":"2025-02-13T16:11:20","slug":"talas-pobune-mesta-koja-jos-uvek-nisu-ustala-oglasi-pecinci","status":"publish","type":"post","link":"https:\/\/oglasi.infooglasi.rs\/oglasi\/oglasipecinci\/talas-pobune-mesta-koja-jos-uvek-nisu-ustala-oglasi-pecinci\/","title":{"rendered":"Talas pobune: Mesta koja jo\u0161 uvek nisu (u)stala &#8211; OGLASI PE\u0106INCI"},"content":{"rendered":"<p><\/p>\n<div>\n<p>Talas gra\u0111anske neposlu\u0161nosti i <a href=\"https:\/\/vreme.com\/tag\/protesti\/\" target=\"_blank\" rel=\"noopener\">protesta<\/a> ra\u0161irio se Srbijom.<\/p>\n<p>Od 22. novembra 2024. godine, kada je organizovano prvo protestno okupljanje \u201eZastani, Srbijo\u201d, tri nedelje posle ru\u0161enja nadstre\u0161nice na \u017eelezni\u010dkoj stanici u <a href=\"https:\/\/vreme.com\/tag\/novi-sad\/\" target=\"_blank\" rel=\"noopener\">Novom Sadu<\/a> kada je stradalo 15 ljudi, broj mesta u kojima su skupovi organizovani do sada narastao je na vi\u0161e od 150.<\/p>\n<p>Bunt se razvio na <a href=\"https:\/\/vreme.com\/tag\/blokade-fakulteta\/\" target=\"_blank\" rel=\"noopener\">blokade fakulteta<\/a>, svakodnevna petnaestominutna okupljanja u ti\u0161ini i blokiranja saobra\u0107ajnica kako bi se odala po\u010dast stradalima, a kulminacija je dostignuta celodnevnom <a href=\"https:\/\/vreme.com\/vesti\/blog-uzivo-studenti-najavili-blokadu-autokomande\/\" target=\"_blank\" rel=\"noopener\">blokadom Autokomande<\/a> u Beogradu u ponedeljak 27. januara.<\/p>\n<p>Protest se iz dana u dan \u0161iri Srbijom, a podr\u0161ka sti\u017ee i iz nekih gradova u Sjedinjenim Ameri\u010dkim Dr\u017eavama i Evrope.<\/p>\n<p><strong>Gde skupova nije bilo?<\/strong><\/p>\n<p>Arhiv javnih skupova objavio je u ponedeljak, 27. januara, spisak mesta u kojima je do sada organizovano makar jedno okupljanje.<\/p>\n<p>Na listi je 151 mesto u Srbiji.<\/p>\n<p>Na dru\u0161tvenim mre\u017eama pojavila se i mapa mesta u kojima su skupovi do sada organizovani, a kako se na ovoj mapi vidi, najmanje jedan protest organizovan je u 154 od 197 jedinica lokalne samouprave koliko ih, kako je navedeno na mapi, ima prema podacima Republi\u010dkog geodetskog zavoda u Srbiji zajedno sa Kosovom.<\/p>\n<p>Sve ove podatke treba uzeti s rezervom, po\u0161to su oba spiska napravljena na osnovu snimaka, pretrage po internetu, objava sa dru\u0161tvenih mre\u017ea.<\/p>\n<p>Tako\u0111e, treba imati u vidu da pojedine lokalne samouprave imaju vi\u0161e op\u0161tina, naselja, te je ukupan broj naseljenih mesta u Srbiji ve\u0107i od 4000, pa mogu postojati razli\u010diti podaci u odnosu na taj znatno ve\u0107i broj.<\/p>\n<p>Obe mape broje proteste na nivou lokalne samouprave.<\/p>\n<p>Prema dostupnim podacima, skupovi nisu organizovani do sada u Tutinu, Se\u010dnju, Pe\u0107incima, Crnoj Travi, Gad\u017einom Hanu, Doljevcu, u Ra\u017enju, Golubcu, Malom Crni\u0107u, u Pre\u0161evu, te u Medve\u0111i i u Golupcu.<\/p>\n<p>Skupova nije bilo, prema dostupnim podacima, ni u \u010coki, Adi i Malom I\u0111o\u0161u.<\/p>\n<p><strong>Ustaju Tutin, Se\u010danj i Pe\u0107inci<\/strong><\/p>\n<p>Sa ove liste, u narednim danima, kako je najavljeno, trebalo bi da budu izbrisani Tutin, Se\u010danj i Pe\u0107inci.<\/p>\n<p>U petak, 31. januara u 11:52 bi\u0107e odr\u017ean skup petnaestominutne ti\u0161ine u Pe\u0107incima, mestu u Sremu, prenosi In medija.<\/p>\n<p>Istog dana u 13 \u010dasova, bi\u0107e organizovan prvi skup i u Tutinu, mestu na jugozapadu Srbije, na granici sa Crnom Gorom.<\/p>\n<p>Srednjo\u0161kolci Tutina pozvali su sugra\u0111ane na protestnu \u0161etnju pod nazivom \u201ePodr\u017eimo studente\u201c. Kako je najavljeno, okupljanje po\u010dinje ispred srednjo\u0161kolskog centra Sebilj.<\/p>\n<p>Dan kasnije, okupi\u0107e se i me\u0161tani Se\u010dnja, naselja u Vojvodini na granici sa Rumunijom.<\/p>\n<p>Okupljanje je najavljeno za subotu 1. februar na Trgu u tom mestu, a posle petnaestominutne ti\u0161ine koja \u0107e po\u010deti u 11:52, odr\u017ea\u0107e se i protestna \u0161etnja uz buku ka izlazu iz Se\u010dnja prema Zrenjaninu, navode organizatori.<\/p>\n<\/div>\n<p><a href=\"https:\/\/vreme.com\/vesti\/talas-pobune-mesta-koja-jos-uvek-nisu-ustala\/\" target=\"_blank\" rel=\"noopener\">Source link <\/a><br \/>\n\n Talas pobune: Mesta koja jo\u0161 uvek nisu (u)stala<\/p>\n","protected":false},"excerpt":{"rendered":"<p>Talas gra\u0111anske neposlu\u0161nosti i protesta ra\u0161irio se Srbijom. Od 22. novembra 2024. godine, kada je organizovano prvo protestno okupljanje \u201eZastani,&hellip;<\/p>\n","protected":false},"author":1,"featured_media":5214,"comment_status":"open","ping_status":"open","sticky":false,"template":"","format":"standard","meta":{"footnotes":""},"categories":[1],"tags":[],"class_list":["post-5213","post","type-post","status-publish","format-standard","has-post-thumbnail","hentry","category-oglasi-pecinci"],"_links":{"self":[{"href":"https:\/\/oglasi.infooglasi.rs\/oglasi\/oglasipecinci\/wp-json\/wp\/v2\/posts\/5213","targetHints":{"allow":["GET"]}}],"collection":[{"href":"https:\/\/oglasi.infooglasi.rs\/oglasi\/oglasipecinci\/wp-json\/wp\/v2\/posts"}],"about":[{"href":"https:\/\/oglasi.infooglasi.rs\/oglasi\/oglasipecinci\/wp-json\/wp\/v2\/types\/post"}],"author":[{"embeddable":true,"href":"https:\/\/oglasi.infooglasi.rs\/oglasi\/oglasipecinci\/wp-json\/wp\/v2\/users\/1"}],"replies":[{"embeddable":true,"href":"https:\/\/oglasi.infooglasi.rs\/oglasi\/oglasipecinci\/wp-json\/wp\/v2\/comments?post=5213"}],"version-history":[{"count":0,"href":"https:\/\/oglasi.infooglasi.rs\/oglasi\/oglasipecinci\/wp-json\/wp\/v2\/posts\/5213\/revisions"}],"wp:featuredmedia":[{"embeddable":true,"href":"https:\/\/oglasi.infooglasi.rs\/oglasi\/oglasipecinci\/wp-json\/wp\/v2\/media\/5214"}],"wp:attachment":[{"href":"https:\/\/oglasi.infooglasi.rs\/oglasi\/oglasipecinci\/wp-json\/wp\/v2\/media?parent=5213"}],"wp:term":[{"taxonomy":"category","embeddable":true,"href":"https:\/\/oglasi.infooglasi.rs\/oglasi\/oglasipecinci\/wp-json\/wp\/v2\/categories?post=5213"},{"taxonomy":"post_tag","embeddable":true,"href":"https:\/\/oglasi.infooglasi.rs\/oglasi\/oglasipecinci\/wp-json\/wp\/v2\/tags?post=5213"}],"curies":[{"name":"wp","href":"https:\/\/api.w.org\/{rel}","templated":true}]}}