{"id":5229,"date":"2025-03-13T00:59:10","date_gmt":"2025-03-12T23:59:10","guid":{"rendered":"https:\/\/oglasi.infooglasi.rs\/oglasi\/oglasipecinci\/srem-nije-nem-studenti-srednjoskolci-i-gradjani-pumpaju-u-pecincima-oglasi-pecinci\/"},"modified":"2025-03-13T00:59:10","modified_gmt":"2025-03-12T23:59:10","slug":"srem-nije-nem-studenti-srednjoskolci-i-gradjani-pumpaju-u-pecincima-oglasi-pecinci","status":"publish","type":"post","link":"https:\/\/oglasi.infooglasi.rs\/oglasi\/oglasipecinci\/srem-nije-nem-studenti-srednjoskolci-i-gradjani-pumpaju-u-pecincima-oglasi-pecinci\/","title":{"rendered":"Srem nije nem : Studenti, srednjo\u0161kolci i gra\u0111ani &#8220;pumpaju&#8221; u Pe\u0107incima &#8211; OGLASI PE\u0106INCI"},"content":{"rendered":"<p><\/p>\n<div>\n<div class=\"storyLead mb-3 mt-1\">\n<p>U Pe\u0107incima se odr\u017eava veliki protest na koji su studenti, srednjo\u0161kolci i gra\u0111ani krenuli pe\u0161ke iz pravca Sremske Mitrovice, Rume, In\u0111ije i Stare Pazove.<\/p>\n<\/div>\n<p>\t\t\t\t\t\t\t<!-- .entry-meta -->\n\t\t\t\t\t<\/div>\n<div><img width=\"960\" height=\"630\" src=\"https:\/\/inmedija.rs\/wp-content\/uploads\/sites\/8\/2025\/03\/Srem-nije-nem.jpg\" class=\"attachment-large-thumb size-large-thumb wp-post-image\" alt=\"Srem nije nem : Studenti, srednjo\u0161kolci i gra\u0111ani \u201epumpaju\u201c u Pe\u0107incima\" title=\"Srem nije nem : Studenti, srednjo\u0161kolci i gra\u0111ani \u201epumpaju\u201c u Pe\u0107incima\" decoding=\"async\" fetchpriority=\"high\" srcset=\"https:\/\/inmedija.rs\/wp-content\/uploads\/sites\/8\/2025\/03\/Srem-nije-nem.jpg 960w, https:\/\/inmedija.rs\/wp-content\/uploads\/sites\/8\/2025\/03\/Srem-nije-nem-420x276.jpg 420w, https:\/\/inmedija.rs\/wp-content\/uploads\/sites\/8\/2025\/03\/Srem-nije-nem-267x175.jpg 267w, https:\/\/inmedija.rs\/wp-content\/uploads\/sites\/8\/2025\/03\/Srem-nije-nem-768x504.jpg 768w\" sizes=\"(max-width: 960px) 100vw, 960px\"\/><\/p>\n<p>Foto: Sara Skend\u017ei\u0107 (IN Medija)<\/p>\n<\/div>\n<div>\n<p>Ruta protestnog mar\u0161a iz In\u0111ije je vodila preko Ljukova i Golubinaca odakle su zajedno sa studentima i gra\u0111anima iz Stare Pazove nastavili put.<\/p>\n<p>Po dolasku u Popince oko 15:40, u\u010desnici su se kratko zadr\u017eali, nakon toga nastavili ka Pe\u0107incima, gde su stigli oko 17:15.<\/p>\n<p>Studente, srednjo\u0161kolce i gra\u0111ane u Pe\u0107incima je do\u010dekalo tradicionalno srema\u010dko poslu\u017eenje.<\/p>\n<p>\u2013<strong><em>Srem nije nem<\/em><\/strong>.-poruka je iz Pe\u0107inaca.<\/p>\n<p>\u00a0<\/p>\n<p><iframe loading=\"lazy\" width=\"268\" height=\"476\" style=\"border: none; overflow: hidden;\" src=\"https:\/\/www.facebook.com\/plugins\/video.php?height=476&amp;href=https%3A%2F%2Fwww.facebook.com%2Finmedija.rs%2Fvideos%2F1210643140775869%2F&amp;show_text=false&amp;width=268&amp;t=0\" scrolling=\"no\" frameborder=\"0\" allow=\"autoplay; clipboard-write; encrypted-media; picture-in-picture; web-share\" allowfullscreen=\"allowfullscreen\"><\/iframe><\/p>\n<\/p><\/div>\n<p><a href=\"https:\/\/inmedija.rs\/srem-nije-nem-studenti-srednjoskolci-i-gradjani-pumpaju-u-pecincima\/\" target=\"_blank\" rel=\"noopener\">Source link <\/a><br \/>\n\n Srem nije nem : Studenti, srednjo\u0161kolci i gra\u0111ani &#8220;pumpaju&#8221; u Pe\u0107incima<\/p>\n","protected":false},"excerpt":{"rendered":"<p>U Pe\u0107incima se odr\u017eava veliki protest na koji su studenti, srednjo\u0161kolci i gra\u0111ani krenuli pe\u0161ke iz pravca Sremske Mitrovice, Rume,&hellip;<\/p>\n","protected":false},"author":1,"featured_media":5230,"comment_status":"open","ping_status":"open","sticky":false,"template":"","format":"standard","meta":{"footnotes":""},"categories":[1],"tags":[],"class_list":["post-5229","post","type-post","status-publish","format-standard","has-post-thumbnail","hentry","category-oglasi-pecinci"],"_links":{"self":[{"href":"https:\/\/oglasi.infooglasi.rs\/oglasi\/oglasipecinci\/wp-json\/wp\/v2\/posts\/5229","targetHints":{"allow":["GET"]}}],"collection":[{"href":"https:\/\/oglasi.infooglasi.rs\/oglasi\/oglasipecinci\/wp-json\/wp\/v2\/posts"}],"about":[{"href":"https:\/\/oglasi.infooglasi.rs\/oglasi\/oglasipecinci\/wp-json\/wp\/v2\/types\/post"}],"author":[{"embeddable":true,"href":"https:\/\/oglasi.infooglasi.rs\/oglasi\/oglasipecinci\/wp-json\/wp\/v2\/users\/1"}],"replies":[{"embeddable":true,"href":"https:\/\/oglasi.infooglasi.rs\/oglasi\/oglasipecinci\/wp-json\/wp\/v2\/comments?post=5229"}],"version-history":[{"count":0,"href":"https:\/\/oglasi.infooglasi.rs\/oglasi\/oglasipecinci\/wp-json\/wp\/v2\/posts\/5229\/revisions"}],"wp:featuredmedia":[{"embeddable":true,"href":"https:\/\/oglasi.infooglasi.rs\/oglasi\/oglasipecinci\/wp-json\/wp\/v2\/media\/5230"}],"wp:attachment":[{"href":"https:\/\/oglasi.infooglasi.rs\/oglasi\/oglasipecinci\/wp-json\/wp\/v2\/media?parent=5229"}],"wp:term":[{"taxonomy":"category","embeddable":true,"href":"https:\/\/oglasi.infooglasi.rs\/oglasi\/oglasipecinci\/wp-json\/wp\/v2\/categories?post=5229"},{"taxonomy":"post_tag","embeddable":true,"href":"https:\/\/oglasi.infooglasi.rs\/oglasi\/oglasipecinci\/wp-json\/wp\/v2\/tags?post=5229"}],"curies":[{"name":"wp","href":"https:\/\/api.w.org\/{rel}","templated":true}]}}