{"id":4955,"date":"2023-10-29T13:17:35","date_gmt":"2023-10-29T12:17:35","guid":{"rendered":"https:\/\/oglasi.infooglasi.rs\/oglasi\/oglasiplandiste\/kostajnicki-bajkeri-uredili-gradsku-plazu-na-plandistu-kostajnica-oglasi-plandiste\/"},"modified":"2023-10-29T13:17:35","modified_gmt":"2023-10-29T12:17:35","slug":"kostajnicki-bajkeri-uredili-gradsku-plazu-na-plandistu-kostajnica-oglasi-plandiste","status":"publish","type":"post","link":"https:\/\/oglasi.infooglasi.rs\/oglasi\/oglasiplandiste\/kostajnicki-bajkeri-uredili-gradsku-plazu-na-plandistu-kostajnica-oglasi-plandiste\/","title":{"rendered":"Kostajni\u010dki bajkeri uredili gradsku pla\u017eu na \u201cPlandi\u0161tu\u201d \u2013 Kostajnica &#8211; OGLASI PLANDI\u0160TE"},"content":{"rendered":"<p><\/p>\n<div id=\"the-post\">&#13;<br \/>\n\t\t\t&#13;<\/p>\n<div class=\"single-post-thumb\">\n\t\t\t<img width=\"660\" height=\"330\" src=\"https:\/\/www.kostajnica.com\/wp-content\/uploads\/2020\/04\/plandiste-660x330.jpg\" class=\"attachment-slider size-slider wp-post-image\" alt=\"\" decoding=\"async\" fetchpriority=\"high\" srcset=\"https:\/\/www.kostajnica.com\/wp-content\/uploads\/2020\/04\/plandiste-660x330.jpg 660w, https:\/\/www.kostajnica.com\/wp-content\/uploads\/2020\/04\/plandiste-1050x525.jpg 1050w\" sizes=\"(max-width: 660px) 100vw, 660px\"\/>\t\t<\/div>\n<p>&#13;<br \/>\n\t&#13;<br \/>\n\t\t&#13;<br \/>\n&#13;<br \/>\n&#13;<\/p>\n<div class=\"post-inner\">\n<p class=\"post-meta\">&#13;<br \/>\n\t\t&#13;<br \/>\n\t<span class=\"post-meta-author\"><i class=\"fa fa-user\"\/><a href=\"https:\/\/www.kostajnica.com\/author\/kostajnicagmail-com\/\" title=\"\" target=\"_blank\" rel=\"noopener\">kostajnica@gmail.com <\/a><\/span>&#13;<br \/>\n\t&#13;<br \/>\n\t\t&#13;<br \/>\n\t<span class=\"tie-date\"><i class=\"fa fa-clock-o\"\/>April 24, 2020<\/span>\t&#13;<br \/>\n\t<span class=\"post-cats\"><i class=\"fa fa-folder\"\/><a href=\"https:\/\/www.kostajnica.com\/category\/aktuelno\/\" rel=\"category tag noopener\" target=\"_blank\">Aktuelno<\/a><\/span>&#13;<br \/>\n\t&#13;<br \/>\n\t&#13;<br \/>\n<span class=\"post-views\"><i class=\"fa fa-eye\"\/>263 Views<\/span> <\/p>\n<div class=\"entry\">\n<p>\u010clanovi Moto kluba \u201cDuhovi\u201d iz Kostajnice jo\u0161 jednom su pokazali koliko mnogo mo\u017ee da se uradi za na\u0161 grad kad se svega nekoliko ljudi aktivira s ciljem da u\u010dini neko javno dobro. Ju\u010de su udru\u017eenim snagama o\u010distili, pokosili i u potpunosti uredili gradsku pla\u017eu na \u201cPlandi\u0161tu\u201d.<\/p>\n<p>Moto klub \u201cDuhovi\u201d je najavio tradicionalni moto susret u Kostajnici koji bi se gradskoj pla\u017ei \u201cPlandi\u0161te\u201d ove godine trebao odr\u017eati od 12. do 14. juna.<\/p>\n<p><em>Foto: Facebook.com<\/em><\/p>\n<\/p><\/div>\n<p><!-- .entry \/--><\/p>\n<p>\t\t\t\t <!-- .share-post --><\/p><\/div>\n<p><!-- .post-inner -->&#13;<br \/>\n&#13;<br \/>\n\t\t\t&#13;\n\t\t<\/div>\n<div id=\"check-also-box\">&#13;<br \/>\n\t\t<a href=\"#\" id=\"check-also-close\"><i class=\"fa fa-close\"\/><\/a>&#13;<br \/>\n&#13;<\/p>\n<p>&#13;<\/p>\n<h3>Check Also<\/h3>\n<p>&#13;\n\t\t<\/p>\n<p>&#13;<br \/>\n&#13;<\/p>\n<div class=\"check-also-post\">\n<div class=\"post-thumbnail\">\n\t\t\t\t<a href=\"https:\/\/www.kostajnica.com\/sutra-glasajte-za-kostajnicu-na-muzickom-festivalu-ritam-evrope\/\" target=\"_blank\" rel=\"noopener\">&#13;<br \/>\n\t\t\t\t\t<img loading=\"lazy\" width=\"310\" height=\"165\" src=\"https:\/\/www.kostajnica.com\/wp-content\/uploads\/2023\/10\/ritam-310x165.jpg\" class=\"attachment-tie-medium size-tie-medium wp-post-image\" alt=\"\" decoding=\"async\"\/>\t\t\t\t\t<span class=\"fa overlay-icon\"\/>&#13;<br \/>\n\t\t\t\t<\/a>\n\t\t\t<\/div>\n<p><!-- post-thumbnail \/--><\/p>\n<p>Sutra \u0107e se u Gradi\u0161koj odr\u017eati muzi\u010dki festival \u201eRitam Evrope\u201c, a Kostajnicu \u0107e predstavljati Bo\u0161\u010danin \u2026<\/p>\n<\/p><\/div>\n<p>&#13;\n\t\t\t<\/p><\/div>\n<p><a href=\"https:\/\/www.kostajnica.com\/kostajnicki-bajkeri-uredili-gradsku-plazu-na-plandistu\/\" target=\"_blank\" rel=\"noopener\">Source link <\/a><br \/>\n\n Kostajni\u010dki bajkeri uredili gradsku pla\u017eu na \u201cPlandi\u0161tu\u201d \u2013 Kostajnica<\/p>\n","protected":false},"excerpt":{"rendered":"<p>&#13; &#13; &#13; &#13; &#13; &#13; &#13; &#13; &#13; kostajnica@gmail.com &#13; &#13; &#13; April 24, 2020 &#13; Aktuelno&#13; &#13; &#13;&hellip;<\/p>\n","protected":false},"author":1,"featured_media":4956,"comment_status":"open","ping_status":"open","sticky":false,"template":"","format":"standard","meta":{"footnotes":""},"categories":[1],"tags":[],"class_list":["post-4955","post","type-post","status-publish","format-standard","has-post-thumbnail","hentry","category-oglasi-plandiste"],"_links":{"self":[{"href":"https:\/\/oglasi.infooglasi.rs\/oglasi\/oglasiplandiste\/wp-json\/wp\/v2\/posts\/4955","targetHints":{"allow":["GET"]}}],"collection":[{"href":"https:\/\/oglasi.infooglasi.rs\/oglasi\/oglasiplandiste\/wp-json\/wp\/v2\/posts"}],"about":[{"href":"https:\/\/oglasi.infooglasi.rs\/oglasi\/oglasiplandiste\/wp-json\/wp\/v2\/types\/post"}],"author":[{"embeddable":true,"href":"https:\/\/oglasi.infooglasi.rs\/oglasi\/oglasiplandiste\/wp-json\/wp\/v2\/users\/1"}],"replies":[{"embeddable":true,"href":"https:\/\/oglasi.infooglasi.rs\/oglasi\/oglasiplandiste\/wp-json\/wp\/v2\/comments?post=4955"}],"version-history":[{"count":0,"href":"https:\/\/oglasi.infooglasi.rs\/oglasi\/oglasiplandiste\/wp-json\/wp\/v2\/posts\/4955\/revisions"}],"wp:featuredmedia":[{"embeddable":true,"href":"https:\/\/oglasi.infooglasi.rs\/oglasi\/oglasiplandiste\/wp-json\/wp\/v2\/media\/4956"}],"wp:attachment":[{"href":"https:\/\/oglasi.infooglasi.rs\/oglasi\/oglasiplandiste\/wp-json\/wp\/v2\/media?parent=4955"}],"wp:term":[{"taxonomy":"category","embeddable":true,"href":"https:\/\/oglasi.infooglasi.rs\/oglasi\/oglasiplandiste\/wp-json\/wp\/v2\/categories?post=4955"},{"taxonomy":"post_tag","embeddable":true,"href":"https:\/\/oglasi.infooglasi.rs\/oglasi\/oglasiplandiste\/wp-json\/wp\/v2\/tags?post=4955"}],"curies":[{"name":"wp","href":"https:\/\/api.w.org\/{rel}","templated":true}]}}