{"id":4980,"date":"2023-11-27T10:48:43","date_gmt":"2023-11-27T09:48:43","guid":{"rendered":"https:\/\/oglasi.infooglasi.rs\/oglasi\/oglasiplandiste\/poziv-za-ucesce-na-13-likovnom-salonu-u-plandistu-oglasi-plandiste\/"},"modified":"2023-11-27T10:48:43","modified_gmt":"2023-11-27T09:48:43","slug":"poziv-za-ucesce-na-13-likovnom-salonu-u-plandistu-oglasi-plandiste","status":"publish","type":"post","link":"https:\/\/oglasi.infooglasi.rs\/oglasi\/oglasiplandiste\/poziv-za-ucesce-na-13-likovnom-salonu-u-plandistu-oglasi-plandiste\/","title":{"rendered":"Poziv za u\u010de\u0161\u0107e na 13. Likovnom salonu u Plandi\u0161tu &#8211; OGLASI PLANDI\u0160TE"},"content":{"rendered":"<p><\/p>\n<div id=\"post-41302\">&#13;<br \/>\n\t\t\t\t\t\t\t\t\t&#13;<br \/>\n\t\t\t\t\t\t\t\t\t\t\t&#13;<\/p>\n<div class=\"entry-content clearfix single-post-content\">\n<p><img loading=\"lazy\" decoding=\"async\" class=\"aligncenter size-full wp-image-9626\" src=\"https:\/\/www.jasatomic.org\/wp-content\/uploads\/2018\/05\/likovni-salon.jpg\" alt=\"\" width=\"660\" height=\"330\" srcset=\"https:\/\/www.jasatomic.org\/wp-content\/uploads\/2018\/05\/likovni-salon.jpg 660w, https:\/\/www.jasatomic.org\/wp-content\/uploads\/2018\/05\/likovni-salon-300x150.jpg 300w\" sizes=\"auto, (max-width: 660px) 100vw, 660px\"\/><\/p>\n<p style=\"text-align: justify;\">Ove godine, u subotu 11. jula 2020. godine sa po\u010detkom u 19.00 \u010dasova bi\u0107e odr\u017ean 13. po redu Likovni salon u organizaciji Kulturno obrazovnog centra \u201cVuk Karad\u017ei\u0107\u201d iz Plandi\u0161ta. U prethodnom periodu ovaj doga\u0111aj organizovan je na obostrano zadovoljstvo talentovanih izlaga\u010da i znati\u017eeljnih posetilaca \u017eeljnih kulture i umetnosti.<br \/>Zbog poznatih doga\u0111aja u vezi pandemije izazvane virusom kovid 19 rganizator je bio prinu\u0111en da pomeri ovu kulturnu manifestaciju za subotu 11.07. ove godine. Zbog toga je KOC \u201eVuk Karad\u017ei\u0107\u201c ove godine spreman da, osim vra\u0107anja slika sa izlo\u017ebe svojim prevozom, pre izlo\u017ebe obi\u0111e sve svoje saradnike i izlaga\u010de i preuzme slike koje \u0107e biti izlo\u017eene na ovogodi\u0161njem Salonu i to u ponedeljak 29. i utorak 30. juna o \u010demu bi se prethodno dogovorili telefonom.<br \/>O sastavu ovogodi\u0161njeg \u017eirija bi\u0107ete obave\u0161teni naknadno.<br \/>Molimo Vas da slike koje budete slali na ovogodi\u0161nji Salon budu opremljene da mogu da se oka\u010de. Uz radove obavezno dostaviti podatke:<br \/>\u2013 Ime i prezime autora, pripadnost nekom likovnom udru\u017eenju (ako je \u010dlan)<br \/>\u2013 Naziv dela,<br \/>\u2013 Dimenzije slike,<br \/>\u2013 Tehnika rada<\/p>\n<p style=\"text-align: justify;\">NAPOMENA:<br \/>Radovi koji u\u010destvuju na izlo\u017ebi po gabaritima i te\u017eini moraju da odgovaraju lakom i bezbednom transportu i uslovima za izlaganje. Jedna stranica slike mo\u017ee da ima najvi\u0161e 100 santimetara. Bez obzira na umetni\u010dki kvalitet svaki rad koji ne udovolji ovom uslovu bi\u0107e diskvalifikovan.<br \/>Svi radovi koji budu primljeni na izlo\u017ebu bi\u0107e vra\u0107eni autorima u organizaciji KOC \u201eVuk Karad\u017ei\u0107\u201c iz Plandi\u0161ta.<br \/>Srda\u010dno i dobro nam do\u0161li.<br \/>Kontakt:<br \/>013\/ 861 289; 862-318<br \/>Mihajlo Ban\u010devi\u0107, 069 \u2013 1 862 318; 063 \u2013 72 71 148<br \/>Nina Talevski, 064-385 29 27<br \/>Ili OKC Se\u010danj na tel: 023 3841-471<\/p>\n<\/p><\/div>\n<p>&#13;<br \/>\n\t\t\t\t\t\t\t\t\t\t&#13;<br \/>\n\t\t&#13;\n\t\t\t\t\t\t\t\t\t\t<\/p><\/div>\n<div>\n<div class=\"bs-push-noti-inner\">\n<p class=\"bs-push-noti-message\">Dobijte obave\u0161tenja u realnom vremenu odmah nakon objavljivanja nove vesti.<\/p>\n<p>\t\t<button class=\"btn btn-light bs-push-noti-button\">Prijava<\/button><\/p><\/div>\n<\/div>\n<p><script type=\"text\/javascript\" src=\"https:\/\/connect.facebook.net\/sr_RS\/sdk\/xfbml.customerchat.js?ver=6.3.2\" id='facebook-sdk-js'><\/script><script>\n\t\t\t(function () {<\/p>\n<p>    function appendFbScript() {\n        var js, id = 'facebook-jssdk',\n            fjs = document.getElementsByTagName('script')[0];<\/p>\n<p>        if (document.getElementById(id)) return;\n        js = document.createElement('script');\n        js.id = id;\n        js.src = \"\/\/connect.facebook.net\/sr_RS\/sdk.js#xfbml=1&appId=1046047585507211&version=v2.0\";\n        fjs.parentNode.insertBefore(js, fjs);<\/p>\n<p>        window.fbAsyncInit = function () {\n            FB.init({\n                appId: '1046047585507211',\n                xfbml: true,\n                version: 'v2.0'\n            });\n            FB.Event.subscribe('comment.create', function (comment_data) {\n                console.log(comment_data);\n                update_comments_count();\n            });\n            FB.Event.subscribe('comment.remove', function (comment_data) {\n                update_comments_count();\n            });<\/p>\n<p>            function update_comments_count(comment_data, comment_action) {\n                jQuery.ajax({\n                        type: 'GET',\n                        dataType: 'json',\n                        url: 'https:\/\/www.jasatomic.org\/wp-admin\/admin-ajax.php',\n                        data: {\n                            action: 'clear_better_facebook_comments',\n                            post_id: '193093'\n                        },\n                        success: function (data) {\n                            \/\/ todo sync comments count here! data have the counts\n                        },\n                        error: function (i, b) {\n                            \/\/ todo\n                        }\n                    }\n                )\n            };\n        };<\/p>\n<p>        appendFbScript();\n    }<\/p>\n<p>    appendFbScript();<\/p>\n<p>})();\n\t\t<\/script><br \/>\n<br \/><a href=\"https:\/\/www.jasatomic.org\/poziv-za-ucesce-na-13-likovnom-salonu-u-plandistu\/\" target=\"_blank\" rel=\"noopener\">Source link <\/a><br \/>\n\n Poziv za u\u010de\u0161\u0107e na 13. Likovnom salonu u Plandi\u0161tu<\/p>\n","protected":false},"excerpt":{"rendered":"<p>&#13; &#13; &#13; Ove godine, u subotu 11. jula 2020. godine sa po\u010detkom u 19.00 \u010dasova bi\u0107e odr\u017ean 13. po&hellip;<\/p>\n","protected":false},"author":1,"featured_media":4950,"comment_status":"open","ping_status":"open","sticky":false,"template":"","format":"standard","meta":{"footnotes":""},"categories":[1],"tags":[],"class_list":["post-4980","post","type-post","status-publish","format-standard","has-post-thumbnail","hentry","category-oglasi-plandiste"],"_links":{"self":[{"href":"https:\/\/oglasi.infooglasi.rs\/oglasi\/oglasiplandiste\/wp-json\/wp\/v2\/posts\/4980","targetHints":{"allow":["GET"]}}],"collection":[{"href":"https:\/\/oglasi.infooglasi.rs\/oglasi\/oglasiplandiste\/wp-json\/wp\/v2\/posts"}],"about":[{"href":"https:\/\/oglasi.infooglasi.rs\/oglasi\/oglasiplandiste\/wp-json\/wp\/v2\/types\/post"}],"author":[{"embeddable":true,"href":"https:\/\/oglasi.infooglasi.rs\/oglasi\/oglasiplandiste\/wp-json\/wp\/v2\/users\/1"}],"replies":[{"embeddable":true,"href":"https:\/\/oglasi.infooglasi.rs\/oglasi\/oglasiplandiste\/wp-json\/wp\/v2\/comments?post=4980"}],"version-history":[{"count":0,"href":"https:\/\/oglasi.infooglasi.rs\/oglasi\/oglasiplandiste\/wp-json\/wp\/v2\/posts\/4980\/revisions"}],"wp:featuredmedia":[{"embeddable":true,"href":"https:\/\/oglasi.infooglasi.rs\/oglasi\/oglasiplandiste\/wp-json\/wp\/v2\/media\/4950"}],"wp:attachment":[{"href":"https:\/\/oglasi.infooglasi.rs\/oglasi\/oglasiplandiste\/wp-json\/wp\/v2\/media?parent=4980"}],"wp:term":[{"taxonomy":"category","embeddable":true,"href":"https:\/\/oglasi.infooglasi.rs\/oglasi\/oglasiplandiste\/wp-json\/wp\/v2\/categories?post=4980"},{"taxonomy":"post_tag","embeddable":true,"href":"https:\/\/oglasi.infooglasi.rs\/oglasi\/oglasiplandiste\/wp-json\/wp\/v2\/tags?post=4980"}],"curies":[{"name":"wp","href":"https:\/\/api.w.org\/{rel}","templated":true}]}}