{"id":4993,"date":"2023-12-12T17:45:52","date_gmt":"2023-12-12T16:45:52","guid":{"rendered":"https:\/\/oglasi.infooglasi.rs\/oglasi\/oglasiplandiste\/inter-opstina-becej-primer-dobre-prakse-u-realizaciji-projekata-javno-privatnog-partnerstva-portal-moj-becej-oglasi-plandiste\/"},"modified":"2023-12-12T17:45:52","modified_gmt":"2023-12-12T16:45:52","slug":"inter-opstina-becej-primer-dobre-prakse-u-realizaciji-projekata-javno-privatnog-partnerstva-portal-moj-becej-oglasi-plandiste","status":"publish","type":"post","link":"https:\/\/oglasi.infooglasi.rs\/oglasi\/oglasiplandiste\/inter-opstina-becej-primer-dobre-prakse-u-realizaciji-projekata-javno-privatnog-partnerstva-portal-moj-becej-oglasi-plandiste\/","title":{"rendered":"InTER: Op\u0161tina Be\u010dej primer dobre prakse u realizaciji projekata javno-privatnog partnerstva &#8211; Portal Moj Be\u010dej &#8211; OGLASI PLANDI\u0160TE"},"content":{"rendered":"<p><\/p>\n<div>\n<div class=\"td-post-featured-image\">\n<figure><a href=\"https:\/\/mojbecej.rs\/wp-content\/uploads\/2022\/03\/foto-inter.jpg\" data-caption=\"Sa skupa u Be\u010deju\" target=\"_blank\" rel=\"noopener\"><img loading=\"lazy\" decoding=\"async\" width=\"696\" height=\"522\" class=\"entry-thumb td-modal-image\" src=\"https:\/\/mojbecej.rs\/wp-content\/uploads\/2022\/03\/foto-inter-696x522.jpg\" srcset=\"https:\/\/mojbecej.rs\/wp-content\/uploads\/2022\/03\/foto-inter-696x522.jpg 696w, https:\/\/mojbecej.rs\/wp-content\/uploads\/2022\/03\/foto-inter-300x225.jpg 300w, https:\/\/mojbecej.rs\/wp-content\/uploads\/2022\/03\/foto-inter-768x576.jpg 768w, https:\/\/mojbecej.rs\/wp-content\/uploads\/2022\/03\/foto-inter-150x113.jpg 150w, https:\/\/mojbecej.rs\/wp-content\/uploads\/2022\/03\/foto-inter-560x420.jpg 560w, https:\/\/mojbecej.rs\/wp-content\/uploads\/2022\/03\/foto-inter-80x60.jpg 80w, https:\/\/mojbecej.rs\/wp-content\/uploads\/2022\/03\/foto-inter-265x198.jpg 265w, https:\/\/mojbecej.rs\/wp-content\/uploads\/2022\/03\/foto-inter.jpg 800w\" sizes=\"auto, (max-width: 696px) 100vw, 696px\" alt=\"Sa skupa u Be\u010deju\" title=\"Sa skupa u Be\u010deju\"\/><\/a><figcaption class=\"wp-caption-text\">Sa skupa u Be\u010deju<\/figcaption><\/figure>\n<\/div>\n<div class=\"desktopAd\" style=\"width: 100%;text-align: center;\">\n<div class=\"g g-5\">\n<div class=\"g-dyn a-29 c-1\"><span class=\"desktopAd\"><a class=\"gofollow\" data-track=\"MjksNSwxLDYw\" href=\"https:\/\/shop.armaagro.rs\/product-category\/proizvodi-na-akciji\/?orderby=popularity&amp;per_page=24\" target=\"_blank\" rel=\"noopener\"><img decoding=\"async\" src=\"https:\/\/mojbecej.rs\/wp-content\/uploads\/2023\/10\/arma-agro-banner-desktop728x90.gif\"\/><\/a><\/span><\/div>\n<\/div>\n<\/div>\n<div class=\"mobileAd\" style=\"width: 100%;text-align: center;\">\n<div class=\"g g-6\">\n<div class=\"g-dyn a-30 c-1\"><span class=\"mobileAd\"><a class=\"gofollow\" data-track=\"MzAsNiwxLDYw\" href=\"https:\/\/shop.armaagro.rs\/product-category\/proizvodi-na-akciji\/?orderby=popularity&amp;per_page=24\" target=\"_blank\" rel=\"noopener\"><img decoding=\"async\" src=\"https:\/\/mojbecej.rs\/wp-content\/uploads\/2023\/10\/arma-agro-banner-mobile300x100.gif\"\/><\/a><\/span><\/div>\n<\/div>\n<\/div>\n<p style=\"text-align: justify;\"><strong>Institut za teritorijalni ekonomski razvoj \u2013 InTER iz Beograda, u saradnji sa Op\u0161tinom Be\u010dej, organizovao je radionicu u Be\u010deju u okviru projekta Unapre\u0111enje dijaloga izme\u0111u organizacija civilnog dru\u0161tva i javnih vlasti kod projekata javno-privatnog partnerstva na lokalnom nivou.<\/strong><\/p>\n<p style=\"text-align: justify;\">Op\u0161tina Be\u010dej prepoznata je kao primer dobre prakse u realizaciji projekata javno-privatnog partnerstva, ali i kao neko ko te\u017ei ka \u0161to ve\u0107oj transparentnosti i uklju\u010divanju gra\u0111ana u sve procese odlu\u010divanja. Radionica je okupila predstavnike organizacija civilnog dru\u0161tva, medije i predstavnike lokalne samouprave. Sve prisutne je u ime op\u0161tine Be\u010dej pozdravila Jovana Topi\u0107, koja je govorila o projektima koje je op\u0161tina realizovala zahvaljuju\u0107i javno \u2013 privatnom partnerstvu, ali i naporima op\u0161tine da u projekte uklju\u010duju organizacije civilnog dru\u0161tva i gra\u0111ane. Nakon toga, na temu javno \u2013 privatnog partnerstva i zna\u010daja dijaloga izme\u0111u organizacija civilnog dru\u0161tva i javnih vlasti, govorila je prof. dr Vesela Vla\u0161kovi\u0107, istra\u017eiva\u010d na projektu. U\u010desnici su diskutovali o va\u017enosti uklju\u010divanja gra\u0111ana i organizacija civilnog dru\u0161tva u proces planiranja i dono\u0161enja odluka u projektima JPP.<\/p>\n<p style=\"text-align: justify;\">Na radionici su predstavljeni preliminarni nalazi monitoring izve\u0161taja o stepenu uklju\u010denosti organizacija civilnog dru\u0161tva u proces planiranja i dono\u0161enja odluka u projektima javno-privatnog partnerstva na lokalnom nivou, koji govore da organizacije civilnog dru\u0161tva nisu uklju\u010dene<strong> ni u jednoj fazi<\/strong> sprovo\u0111enja projekata javno privatnog partnerstva.<\/p>\n<p style=\"text-align: justify;\">U realizaciji projekta koji je finansiran od strane Delegacije Evropske unije u Srbiji a kojim koordinira Beogradska otvorena \u0161kola (BO\u0160), u\u010destvuju Op\u0161tine Be\u010dej, Plandi\u0161te i Topola.<\/p>\n<p style=\"text-align: justify;\">Cilj projekta jeste da doprinese demokratskom razvoju kroz unapre\u0111enje javnih politika i dijaloga u oblasti Javno-privatnog partnerstva u Srbiji, kao i ve\u0107em uklju\u010divanju organizacija civilnog dru\u0161tva u proces planiranja i dono\u0161enja odluka kod projekata javno-privatnog partnerstva na lokalnom nivou.<\/p>\n<div class=\"desktopAd\" style=\"width: 100%;text-align: center;\">\n<div class=\"g g-7\">\n<div class=\"g-dyn a-69 c-1\"><span class=\"desktopAd\"><a class=\"gofollow\" data-track=\"NjksNywxLDYw\" href=\"https:\/\/www.facebook.com\/profile.php?id=100082214606073\" target=\"_blank\" rel=\"noopener\"><img decoding=\"async\" src=\"https:\/\/mojbecej.rs\/wp-content\/uploads\/2023\/10\/VetPet-centar-baner-7.gif\"\/><\/a><\/span><\/div>\n<\/div>\n<\/div>\n<div class=\"mobileAd\" style=\"width: 100%;text-align: center;\">\n<div class=\"g g-8\">\n<div class=\"g-dyn a-70 c-1\"><span class=\"mobileAd\"><a class=\"gofollow\" data-track=\"NzAsOCwxLDYw\" href=\"https:\/\/www.facebook.com\/profile.php?id=100082214606073\" target=\"_blank\" rel=\"noopener\"><img decoding=\"async\" src=\"https:\/\/mojbecej.rs\/wp-content\/uploads\/2023\/10\/VetPet-centar-mobile-baner-7.gif\"\/><\/a><\/span><\/div>\n<\/div>\n<\/div><\/div>\n<p><a href=\"https:\/\/mojbecej.rs\/inter-opstina-becej-primer-dobre-prakse-u-realizaciji-projekata-javno-privatnog-partnerstva\/\" target=\"_blank\" rel=\"noopener\">Source link <\/a><br \/>\n\n InTER: Op\u0161tina Be\u010dej primer dobre prakse u realizaciji projekata javno-privatnog partnerstva &#8211; Portal Moj Be\u010dej<\/p>\n","protected":false},"excerpt":{"rendered":"<p>Sa skupa u Be\u010deju Institut za teritorijalni ekonomski razvoj \u2013 InTER iz Beograda, u saradnji sa Op\u0161tinom Be\u010dej, organizovao je&hellip;<\/p>\n","protected":false},"author":1,"featured_media":4994,"comment_status":"open","ping_status":"open","sticky":false,"template":"","format":"standard","meta":{"footnotes":""},"categories":[1],"tags":[],"class_list":["post-4993","post","type-post","status-publish","format-standard","has-post-thumbnail","hentry","category-oglasi-plandiste"],"_links":{"self":[{"href":"https:\/\/oglasi.infooglasi.rs\/oglasi\/oglasiplandiste\/wp-json\/wp\/v2\/posts\/4993","targetHints":{"allow":["GET"]}}],"collection":[{"href":"https:\/\/oglasi.infooglasi.rs\/oglasi\/oglasiplandiste\/wp-json\/wp\/v2\/posts"}],"about":[{"href":"https:\/\/oglasi.infooglasi.rs\/oglasi\/oglasiplandiste\/wp-json\/wp\/v2\/types\/post"}],"author":[{"embeddable":true,"href":"https:\/\/oglasi.infooglasi.rs\/oglasi\/oglasiplandiste\/wp-json\/wp\/v2\/users\/1"}],"replies":[{"embeddable":true,"href":"https:\/\/oglasi.infooglasi.rs\/oglasi\/oglasiplandiste\/wp-json\/wp\/v2\/comments?post=4993"}],"version-history":[{"count":0,"href":"https:\/\/oglasi.infooglasi.rs\/oglasi\/oglasiplandiste\/wp-json\/wp\/v2\/posts\/4993\/revisions"}],"wp:featuredmedia":[{"embeddable":true,"href":"https:\/\/oglasi.infooglasi.rs\/oglasi\/oglasiplandiste\/wp-json\/wp\/v2\/media\/4994"}],"wp:attachment":[{"href":"https:\/\/oglasi.infooglasi.rs\/oglasi\/oglasiplandiste\/wp-json\/wp\/v2\/media?parent=4993"}],"wp:term":[{"taxonomy":"category","embeddable":true,"href":"https:\/\/oglasi.infooglasi.rs\/oglasi\/oglasiplandiste\/wp-json\/wp\/v2\/categories?post=4993"},{"taxonomy":"post_tag","embeddable":true,"href":"https:\/\/oglasi.infooglasi.rs\/oglasi\/oglasiplandiste\/wp-json\/wp\/v2\/tags?post=4993"}],"curies":[{"name":"wp","href":"https:\/\/api.w.org\/{rel}","templated":true}]}}