{"id":5022,"date":"2024-01-02T08:38:07","date_gmt":"2024-01-02T07:38:07","guid":{"rendered":"https:\/\/oglasi.infooglasi.rs\/oglasi\/oglasiplandiste\/zrenjanin-dobio-187-miliona-dinara-za-uredjenje-pijace-i-borbu-protiv-klimatskih-promena-oglasi-plandiste\/"},"modified":"2024-01-02T08:38:07","modified_gmt":"2024-01-02T07:38:07","slug":"zrenjanin-dobio-187-miliona-dinara-za-uredjenje-pijace-i-borbu-protiv-klimatskih-promena-oglasi-plandiste","status":"publish","type":"post","link":"https:\/\/oglasi.infooglasi.rs\/oglasi\/oglasiplandiste\/zrenjanin-dobio-187-miliona-dinara-za-uredjenje-pijace-i-borbu-protiv-klimatskih-promena-oglasi-plandiste\/","title":{"rendered":"Zrenjanin dobio 18,7 miliona dinara za ure\u0111enje pijace i borbu protiv klimatskih promena &#8211; OGLASI PLANDI\u0160TE"},"content":{"rendered":"<p><\/p>\n<div>\n<figure id=\"attachment_119854\" aria-describedby=\"caption-attachment-119854\" style=\"width: 340px\" class=\"wp-caption alignright\"><img data-lazyloaded=\"1\" fetchpriority=\"high\" decoding=\"async\" class=\"size-medium wp-image-119854\" src=\"https:\/\/energetskiportal.rs\/wp-content\/uploads\/2020\/03\/Trg_slobode_-_panoramio_9-340x226.jpg\" alt=\"\" width=\"340\" height=\"226\" srcset=\"https:\/\/energetskiportal.rs\/wp-content\/uploads\/2020\/03\/Trg_slobode_-_panoramio_9-340x226.jpg 340w, https:\/\/energetskiportal.rs\/wp-content\/uploads\/2020\/03\/Trg_slobode_-_panoramio_9-768x512.jpg 768w, https:\/\/energetskiportal.rs\/wp-content\/uploads\/2020\/03\/Trg_slobode_-_panoramio_9.jpg 1024w, https:\/\/energetskiportal.rs\/wp-content\/uploads\/2020\/03\/Trg_slobode_-_panoramio_9-100x65.jpg 100w\" data-sizes=\"(max-width: 340px) 100vw, 340px\"\/><figcaption id=\"caption-attachment-119854\" class=\"wp-caption-text\">Foto: <a href=\"https:\/\/en.wikipedia.org\/wiki\/Zrenjanin#\/media\/File:Trg_slobode_-_panoramio_(9).jpg\" target=\"_blank\" rel=\"noopener noreferrer\">Wikipedia<\/a>\/Mister No<\/figcaption><\/figure>\n<p style=\"text-align: justify;\">Gradona\u010delnik Zrenjanina <a href=\"https:\/\/energetskiportal.rs\/?s=%C4%8Dedomir+janji%C4%87\" target=\"_blank\" rel=\"noopener noreferrer\">\u010cedomir Janji\u0107<\/a> ove nedelje je, u prisustvu dr\u017eavnog sekretara u <a href=\"https:\/\/energetskiportal.rs\/?s=ministarstvo+dr%C5%BEavne+uprave+i+lokalne+samouprave\" target=\"_blank\" rel=\"noopener noreferrer\">Ministarstvu dr\u017eavne uprave i lokalne samouprave<\/a> Zorana Kasalovi\u0107a, potpisao ugovor o kori\u0161\u0107enju sredstava iz <a href=\"https:\/\/energetskiportal.rs\/?s=bud%C5%BEetski+fond+za+program+lokalne+samouprave\" target=\"_blank\" rel=\"noopener noreferrer\">Bud\u017eetskog fonda za program lokalne samouprave<\/a>, na osnovu kog je <a href=\"https:\/\/energetskiportal.rs\/?s=zrenjanin\" target=\"_blank\" rel=\"noopener noreferrer\">Gradu Zrenjaninu<\/a> opredeljeno 18.680.000 dinara za realizaciju dva projekta \u2013 \u201cUre\u0111enje prostora \u2018Nove pijace\u2019 u Zrenjaninu \u2013 faza 2\u201d i \u201cPreventivno delovanje na smanjenju rizika od <a href=\"https:\/\/energetskiportal.rs\/?s=klimatske+promene\" target=\"_blank\" rel=\"noopener noreferrer\">klimatskih promena<\/a>, kao i elementarnih i drugih nepogoda\u201d.<\/p>\n<p style=\"text-align: justify;\">Potpisivanje ugovora uprili\u010deno je u Zrenjaninu, a uz gradona\u010delnika Janji\u0107a, ugovore o dodeli sredstava potpisali su i \u010delnici grada <a href=\"https:\/\/energetskiportal.rs\/?s=kikinda\" target=\"_blank\" rel=\"noopener noreferrer\">Kikinde<\/a> i op\u0161tina <a href=\"https:\/\/energetskiportal.rs\/?s=\u017eabalj\" target=\"_blank\" rel=\"noopener noreferrer\">\u017dabalj<\/a>, <a href=\"https:\/\/energetskiportal.rs\/?s=\u017eiti\u0161te\" target=\"_blank\" rel=\"noopener noreferrer\">\u017diti\u0161te<\/a> i <a href=\"https:\/\/energetskiportal.rs\/?s=plandi\u0161te\" target=\"_blank\" rel=\"noopener noreferrer\">Plandi\u0161te<\/a>. Prisustvovali su i na\u010delnica Srednjobanatskog upravnog okruga <a href=\"https:\/\/energetskiportal.rs\/?s=Sne%C5%BEana+Vu%C4%8Durevi%C4%87\" target=\"_blank\" rel=\"noopener noreferrer\">Sne\u017eana Vu\u010durevi\u0107<\/a> i zamenik gradona\u010delnika Zrenjanina <a href=\"https:\/\/energetskiportal.rs\/?s=Sa%C5%A1a+Santovac\" target=\"_blank\" rel=\"noopener noreferrer\">Sa\u0161a Santovac<\/a>. Zajedni\u010dka sve\u010danost je trebalo da bude odr\u017eana u Beogradu, sli\u010dno kao prethodne godine, ali je zbog uvo\u0111enja vanrednog stanja u dr\u017eavi i ograni\u010denja odr\u017eavanja skupova, odlu\u010deno da se organizuju potpisivanja na teritorijama okruga.<\/p>\n<p style=\"text-align: justify;\">Dr\u017eavni sekretar Kasalovi\u0107 kazao je da su se u ministarstvu odlu\u010dili na taj korak, kako bi sa\u010duvali gra\u0111anke i gra\u0111ane, ali i operativno potpisali ugovore, kako bi se stekli uslovi da ve\u0107 u toku marta sredstva budu dostupna lokalnim samoupravama i bila omogu\u0107ena \u0161to efikasnija realizacija njihovih projekata.<\/p>\n<p style=\"text-align: justify;\">\u201cImali smo \u010detiri cilja konkursa kao i pro\u0161le godine, prvi je u vezi sa <a href=\"https:\/\/energetskiportal.rs\/?s=komunalna+infrastruktura\" target=\"_blank\" rel=\"noopener noreferrer\">komunalnom infrastrukturom<\/a>, drugi cilj se ti\u010de uvo\u0111enja <a href=\"https:\/\/energetskiportal.rs\/?s=e-uprava\" target=\"_blank\" rel=\"noopener noreferrer\">e-uprave<\/a>, tre\u0107i je u vezi sa organizacijom kulturnih, sportskih i turisti\u010dkih manifestacija, a \u010detvrti cilj obuhvata projekte koji se baziraju na preventivnom delovanju od <a href=\"https:\/\/energetskiportal.rs\/?s=prirodne+nepogode\" target=\"_blank\" rel=\"noopener noreferrer\">prirodnih nepogoda<\/a>. Opredelili smo ove godine\u00a0 i odre\u0111ena sredstva da nagradimo pojedine lokalne samouprave sa najboljim primerima dobre prakse u oblasti uprave\u201d, objasnio je Zoran Kasalovi\u0107.<\/p>\n<figure id=\"attachment_119856\" aria-describedby=\"caption-attachment-119856\" style=\"width: 340px\" class=\"wp-caption alignright\"><img loading=\"lazy\" data-lazyloaded=\"1\" decoding=\"async\" class=\"size-medium wp-image-119856\" src=\"https:\/\/energetskiportal.rs\/wp-content\/uploads\/2020\/03\/Kasalovic_ugovori_018-340x227.jpg\" alt=\"\" width=\"340\" height=\"227\" srcset=\"https:\/\/energetskiportal.rs\/wp-content\/uploads\/2020\/03\/Kasalovic_ugovori_018-340x227.jpg 340w, https:\/\/energetskiportal.rs\/wp-content\/uploads\/2020\/03\/Kasalovic_ugovori_018-768x513.jpg 768w, https:\/\/energetskiportal.rs\/wp-content\/uploads\/2020\/03\/Kasalovic_ugovori_018-1024x683.jpg 1024w, https:\/\/energetskiportal.rs\/wp-content\/uploads\/2020\/03\/Kasalovic_ugovori_018.jpg 1920w\" data-sizes=\"(max-width: 340px) 100vw, 340px\"\/><figcaption id=\"caption-attachment-119856\" class=\"wp-caption-text\">Foto: Grad Zrenjanin<\/figcaption><\/figure>\n<p style=\"text-align: justify;\">Grad Zrenjanin je ovoga puta ostvario sredstva po dva navedena cilja, \u0161to je omogu\u0107eno i pravilima konkursa. Projekat \u201cUre\u0111enje prostora \u2018Nove pijace\u2019 u Zrenjaninu \u2013 faza 2\u201d finansira se u iznosu od 14 miliona dinara i predstavlja nastavak zapo\u010detih infrastrukturnih radova i privo\u0111enja nameni novog platoa centralne gradske pijace, dok je 4.680.000 dinara opredeljeno za projekat u okviru \u010detvrtog cilja konkursa \u2013 \u201cPreventivno delovanje na smanjenju rizika od klimatskih promena, kao i elementarnih i drugih nepogoda\u201d.<\/p>\n<p style=\"text-align: justify;\">Odlukom o raspodeli sredstava iz Bud\u017eetskog fonda za program lokalne samouprave za 2020. godinu podr\u017eano je ukupno 74 projekta, koji \u0107e, u potpunosti ili delimi\u010dno, biti finansirani iz Bud\u017eetskog fonda za lokalne samouprave koji iznosi 520.000.000 dinara, \u0161to je za 30.644.000 dinara vi\u0161e nego prethodne godine.<\/p>\n<p style=\"text-align: justify;\">Izvor: <a href=\"http:\/\/www.zrenjanin.rs\/sr\/vesti\/2020\/03\/gradu-zrenjaninu-za-dva-projekta-18-7-miliona-dinara-iz-budzetskog-fonda-za-program-lokalne-samouprave-za-2020-godinu\" target=\"_blank\" rel=\"noopener noreferrer\">Grad Zrenjanin<\/a><\/p>\n<\/div>\n<p><a href=\"https:\/\/energetskiportal.rs\/zrenjanin-dobio-187-miliona-dinara-za-uredenje-pijace-i-borbu-protiv-klimatskih-promena\/\" target=\"_blank\" rel=\"noopener\">Source link <\/a><br \/>\n\n Zrenjanin dobio 18,7 miliona dinara za ure\u0111enje pijace i borbu protiv klimatskih promena<\/p>\n","protected":false},"excerpt":{"rendered":"<p>Foto: Wikipedia\/Mister No Gradona\u010delnik Zrenjanina \u010cedomir Janji\u0107 ove nedelje je, u prisustvu dr\u017eavnog sekretara u Ministarstvu dr\u017eavne uprave i lokalne&hellip;<\/p>\n","protected":false},"author":1,"featured_media":5023,"comment_status":"open","ping_status":"open","sticky":false,"template":"","format":"standard","meta":{"footnotes":""},"categories":[1],"tags":[],"class_list":["post-5022","post","type-post","status-publish","format-standard","has-post-thumbnail","hentry","category-oglasi-plandiste"],"_links":{"self":[{"href":"https:\/\/oglasi.infooglasi.rs\/oglasi\/oglasiplandiste\/wp-json\/wp\/v2\/posts\/5022","targetHints":{"allow":["GET"]}}],"collection":[{"href":"https:\/\/oglasi.infooglasi.rs\/oglasi\/oglasiplandiste\/wp-json\/wp\/v2\/posts"}],"about":[{"href":"https:\/\/oglasi.infooglasi.rs\/oglasi\/oglasiplandiste\/wp-json\/wp\/v2\/types\/post"}],"author":[{"embeddable":true,"href":"https:\/\/oglasi.infooglasi.rs\/oglasi\/oglasiplandiste\/wp-json\/wp\/v2\/users\/1"}],"replies":[{"embeddable":true,"href":"https:\/\/oglasi.infooglasi.rs\/oglasi\/oglasiplandiste\/wp-json\/wp\/v2\/comments?post=5022"}],"version-history":[{"count":0,"href":"https:\/\/oglasi.infooglasi.rs\/oglasi\/oglasiplandiste\/wp-json\/wp\/v2\/posts\/5022\/revisions"}],"wp:featuredmedia":[{"embeddable":true,"href":"https:\/\/oglasi.infooglasi.rs\/oglasi\/oglasiplandiste\/wp-json\/wp\/v2\/media\/5023"}],"wp:attachment":[{"href":"https:\/\/oglasi.infooglasi.rs\/oglasi\/oglasiplandiste\/wp-json\/wp\/v2\/media?parent=5022"}],"wp:term":[{"taxonomy":"category","embeddable":true,"href":"https:\/\/oglasi.infooglasi.rs\/oglasi\/oglasiplandiste\/wp-json\/wp\/v2\/categories?post=5022"},{"taxonomy":"post_tag","embeddable":true,"href":"https:\/\/oglasi.infooglasi.rs\/oglasi\/oglasiplandiste\/wp-json\/wp\/v2\/tags?post=5022"}],"curies":[{"name":"wp","href":"https:\/\/api.w.org\/{rel}","templated":true}]}}