{"id":5055,"date":"2024-02-14T22:18:22","date_gmt":"2024-02-14T21:18:22","guid":{"rendered":"https:\/\/oglasi.infooglasi.rs\/oglasi\/oglasiplandiste\/poziv-za-ucesce-na-likovnom-salonu-u-plandistu-oglasi-plandiste\/"},"modified":"2024-02-14T22:18:22","modified_gmt":"2024-02-14T21:18:22","slug":"poziv-za-ucesce-na-likovnom-salonu-u-plandistu-oglasi-plandiste","status":"publish","type":"post","link":"https:\/\/oglasi.infooglasi.rs\/oglasi\/oglasiplandiste\/poziv-za-ucesce-na-likovnom-salonu-u-plandistu-oglasi-plandiste\/","title":{"rendered":"Poziv za u\u010de\u0161\u0107e na Likovnom salonu u Plandi\u0161tu &#8211; OGLASI PLANDI\u0160TE"},"content":{"rendered":"<p><\/p>\n<div>\n<p><a href=\"https:\/\/www.jasatomic.org\/wp-content\/uploads\/2018\/05\/likovni-salon.jpg\" target=\"_blank\" rel=\"noopener\"><img loading=\"lazy\" decoding=\"async\" class=\"aligncenter size-full wp-image-9626\" src=\"https:\/\/www.jasatomic.org\/wp-content\/uploads\/2018\/05\/likovni-salon.jpg\" alt=\"\" width=\"660\" height=\"330\" srcset=\"https:\/\/www.jasatomic.org\/wp-content\/uploads\/2018\/05\/likovni-salon.jpg 660w, https:\/\/www.jasatomic.org\/wp-content\/uploads\/2018\/05\/likovni-salon-300x150.jpg 300w\" sizes=\"auto, (max-width: 660px) 100vw, 660px\"\/><\/a><\/p>\n<p style=\"text-align: justify;\">Ove godine bi\u0107e odr\u017ean deseti po redu Likovni salon u organizaciji Kulturno obrazovnog centra \u201cVuk Karad\u017ei\u0107\u201d iz Plandi\u0161ta. U prethodnom periodu ovaj doga\u0111aj organizovan je na obostrano zadovoljstvo talentovanih izlaga\u010da i znati\u017eeljnih posetilaca \u017eeljnih kulture i umetnosti.<\/p>\n<p style=\"text-align: justify;\">Svi zainteresovani ljubitelji slikarstva 26. maja ima\u0107e priliku da od 19h u izlo\u017ebenom prostoru KOC-a pogledaju sada ve\u0107 tradicionalnu izlo\u017ebu radova. Postavku \u010dine slike koje dostave umetnici i koje \u017eiri pregleda i oceni.<\/p>\n<p style=\"text-align: justify;\">Svi nadareni kreativci su dobrodo\u0161li da dostave do dva svoja rada na adresu KOC-a do 7. maja (do kraja radnog vremena) i time ostvare mogu\u0107nost da njihov rad bude nagra\u0111en i izlo\u017een na ovogodi\u0161njem Salonu.<\/p>\n<p style=\"text-align: justify;\">Svaki autor du\u017ean je da po\u0161alje osnovne podatke o sebi i radu kojim se predstavlja:<\/p>\n<p style=\"text-align: justify;\">-Ime i prezime autora, pripadnost nekom likovnom udru\u017eenju (ako je \u010dlan)<\/p>\n<p style=\"text-align: justify;\">-Naziv dela,<\/p>\n<p style=\"text-align: justify;\">-Dimenzije slike,<\/p>\n<p style=\"text-align: justify;\">-Tehnika rada<\/p>\n<p style=\"text-align: justify;\">Organizatori skre\u0107u pa\u017enju da radovi moraju po gabaritu i te\u017eini da budu pogodni za lak i bezbedan transport i uslove izlaganja. Tako\u0111e, radovi se ne\u0107e uzimati u obzir ako je stranica slike ve\u0107a od 100 centimetara. Nakon izlo\u017ebe u\u010desnicima \u0107e njihova dela biti vra\u0107ena.<\/p>\n<p style=\"text-align: justify;\">Organizatori su otvoreni za sva dodatna pitanja i pozivaju zainteresovane da im se jave ukoliko imaju bilo kakvih nejasno\u0107a.<\/p>\n<p style=\"text-align: justify;\">Kontakt telefoni su: 013\/862-318, 069 1862 318 \u2013 Mihajlo Ban\u010devi\u0107, 065 32141310 \u2013 Bogdanka Petrovi\u0107.<\/p>\n<p style=\"text-align: justify;\">O\u010dekuje se ve\u0107i broj prijava nego ranije, a ukoliko se amaterski ili profesionalno bavite slikarstvom ovo je sjajna prilika da poka\u017eete svoje ume\u0107e i \u010dujete mi\u0161ljenje uva\u017eenih stru\u010dnjaka iz ove oblasti koji \u010dine \u017eiri.<\/p>\n<p>J.\u010c.<\/p>\n<\/p><\/div>\n<p><script type=\"text\/javascript\" src=\"https:\/\/connect.facebook.net\/sr_RS\/sdk\/xfbml.customerchat.js?ver=6.4.3\" id=\"facebook-sdk-js\"><\/script><script>\n\t\t\t(function () {<\/p>\n<p>    function appendFbScript() {\n        var js, id = 'facebook-jssdk',\n            fjs = document.getElementsByTagName('script')[0];<\/p>\n<p>        if (document.getElementById(id)) return;\n        js = document.createElement('script');\n        js.id = id;\n        js.src = \"\/\/connect.facebook.net\/sr_RS\/sdk.js#xfbml=1&appId=1046047585507211&version=v2.0\";\n        fjs.parentNode.insertBefore(js, fjs);<\/p>\n<p>        window.fbAsyncInit = function () {\n            FB.init({\n                appId: '1046047585507211',\n                xfbml: true,\n                version: 'v2.0'\n            });\n            FB.Event.subscribe('comment.create', function (comment_data) {\n                console.log(comment_data);\n                update_comments_count();\n            });\n            FB.Event.subscribe('comment.remove', function (comment_data) {\n                update_comments_count();\n            });<\/p>\n<p>            function update_comments_count(comment_data, comment_action) {\n                jQuery.ajax({\n                        type: 'GET',\n                        dataType: 'json',\n                        url: 'https:\/\/www.jasatomic.org\/wp-admin\/admin-ajax.php',\n                        data: {\n                            action: 'clear_better_facebook_comments',\n                            post_id: '193531'\n                        },\n                        success: function (data) {\n                            \/\/ todo sync comments count here! data have the counts\n                        },\n                        error: function (i, b) {\n                            \/\/ todo\n                        }\n                    }\n                )\n            };\n        };<\/p>\n<p>        appendFbScript();\n    }<\/p>\n<p>    appendFbScript();<\/p>\n<p>})();\n\t\t<\/script><br \/>\n<br \/><a href=\"https:\/\/www.jasatomic.org\/poziv-za-ucesce-na-likovnom-salonu-u-plandistu\/\" target=\"_blank\" rel=\"noopener\">Source link <\/a><br \/>\n\n Poziv za u\u010de\u0161\u0107e na Likovnom salonu u Plandi\u0161tu<\/p>\n","protected":false},"excerpt":{"rendered":"<p>Ove godine bi\u0107e odr\u017ean deseti po redu Likovni salon u organizaciji Kulturno obrazovnog centra \u201cVuk Karad\u017ei\u0107\u201d iz Plandi\u0161ta. U prethodnom&hellip;<\/p>\n","protected":false},"author":1,"featured_media":5056,"comment_status":"open","ping_status":"open","sticky":false,"template":"","format":"standard","meta":{"footnotes":""},"categories":[1],"tags":[],"class_list":["post-5055","post","type-post","status-publish","format-standard","has-post-thumbnail","hentry","category-oglasi-plandiste"],"_links":{"self":[{"href":"https:\/\/oglasi.infooglasi.rs\/oglasi\/oglasiplandiste\/wp-json\/wp\/v2\/posts\/5055","targetHints":{"allow":["GET"]}}],"collection":[{"href":"https:\/\/oglasi.infooglasi.rs\/oglasi\/oglasiplandiste\/wp-json\/wp\/v2\/posts"}],"about":[{"href":"https:\/\/oglasi.infooglasi.rs\/oglasi\/oglasiplandiste\/wp-json\/wp\/v2\/types\/post"}],"author":[{"embeddable":true,"href":"https:\/\/oglasi.infooglasi.rs\/oglasi\/oglasiplandiste\/wp-json\/wp\/v2\/users\/1"}],"replies":[{"embeddable":true,"href":"https:\/\/oglasi.infooglasi.rs\/oglasi\/oglasiplandiste\/wp-json\/wp\/v2\/comments?post=5055"}],"version-history":[{"count":0,"href":"https:\/\/oglasi.infooglasi.rs\/oglasi\/oglasiplandiste\/wp-json\/wp\/v2\/posts\/5055\/revisions"}],"wp:featuredmedia":[{"embeddable":true,"href":"https:\/\/oglasi.infooglasi.rs\/oglasi\/oglasiplandiste\/wp-json\/wp\/v2\/media\/5056"}],"wp:attachment":[{"href":"https:\/\/oglasi.infooglasi.rs\/oglasi\/oglasiplandiste\/wp-json\/wp\/v2\/media?parent=5055"}],"wp:term":[{"taxonomy":"category","embeddable":true,"href":"https:\/\/oglasi.infooglasi.rs\/oglasi\/oglasiplandiste\/wp-json\/wp\/v2\/categories?post=5055"},{"taxonomy":"post_tag","embeddable":true,"href":"https:\/\/oglasi.infooglasi.rs\/oglasi\/oglasiplandiste\/wp-json\/wp\/v2\/tags?post=5055"}],"curies":[{"name":"wp","href":"https:\/\/api.w.org\/{rel}","templated":true}]}}