{"id":5151,"date":"2023-10-29T18:06:57","date_gmt":"2023-10-29T17:06:57","guid":{"rendered":"https:\/\/oglasi.infooglasi.rs\/oglasi\/oglasipriboj\/vucic-zatvor-za-svakog-ko-bi-da-puca-na-dzamije-ili-kolje-decu-oglasi-priboj\/"},"modified":"2023-10-29T18:06:57","modified_gmt":"2023-10-29T17:06:57","slug":"vucic-zatvor-za-svakog-ko-bi-da-puca-na-dzamije-ili-kolje-decu-oglasi-priboj","status":"publish","type":"post","link":"https:\/\/oglasi.infooglasi.rs\/oglasi\/oglasipriboj\/vucic-zatvor-za-svakog-ko-bi-da-puca-na-dzamije-ili-kolje-decu-oglasi-priboj\/","title":{"rendered":"Vu\u010di\u0107: Zatvor za svakog ko bi da puca na d\u017eamije ili kolje decu &#8211; OGLASI PRIBOJ"},"content":{"rendered":"<p><\/p>\n<div>\n<p>Predsednik Srbije Aleksandar Vu\u010di\u0107 izjavio je danas da \u0107e policajci iz Priboja koji su pevali pesme kojima se veli\u010da zlo\u010din nad Bo\u0161njacima u Srebrenici, biti &#8220;ne samo ka\u017enjeni&#8221; ve\u0107 i preme\u0161teni iz tog vi\u0161enacionalnog grada na jugozapadu Srbije.<\/p>\n<p>Navode\u0107i da u tom slu\u010daju i tu\u017eila\u0161tvo \u201eradi svoj posao\u201c, Vu\u010di\u0107 je tokom razgovora sa predstavnicima lokalne samouprave i verskih zajednica u Priboju upozorio da \u0107e svi koji bi da \u201epucaju na d\u017eamije, ubijaju, kolju ne\u010diju decu\u201c zavr\u0161iti iza re\u0161etaka.<\/p>\n<p>\u201eSvako ko pomisli da mo\u017ee da ugrozi ne\u010diji \u017eivot ili ku\u0107u, ne\u010diju d\u017eamiju ili crkvu, ima\u0107e posla sa dr\u017eavom koja \u0107e vrlo nemilosrdno da reaguje. Molim sve ljude da ne izazivaju dr\u017eavu i ne proveravaju snagu dr\u017eave\u201c, rekao je predsednik Srbije.<\/p>\n<p>Vu\u010di\u0107 je kazao da Bo\u0161njaci \u201evekovima\u201c \u017eive sa Srbima u Priboju i okolini.<\/p>\n<p>\u201eMoramo da po\u0161tujemo muslimane, da po\u0161tujemo d\u017eamije kao \u0161to po\u0161tujemo na\u0161e manastire i crkve. Ovo je njihova zemlja jednako kao i na\u0161a. Ne postoji ja\u010di u ovoj dr\u017eavi, svi su jednaki pred zakonom zvao se neko Asmir ili Predrag\u201c, kazao je Vu\u010di\u0107.<\/p>\n<p>Najavio je i da \u0107e se raditi na tome da Bo\u0161njaci budu vi\u0161e zastupljeni u organima reda u Priboju, navode\u0107i da kao manjina moraju da se ose\u0107aju sigurno i bezbedno.<\/p>\n<p><img decoding=\"async\" loading=\"lazy\" class=\"alignnone size-full wp-image-173623\" src=\"https:\/\/media.boom93.rs\/2021\/11\/Boom93-iOS-aplikacija-za-Vesti.gif\" alt=\"Baner Boom93 iOS aplikacija za Vesti\" width=\"810\" height=\"120\"\/>\u201eJa sam Srbin, predsednik Srbije i naravno da volim Srbe, ali ne mogu da zamislim Priboj bez Bo\u0161njaka, i ne\u0107e biti bez Bo\u0161njaka jer imaju ista prava kao Srbi\u201c, poru\u010dio je Vu\u010di\u0107.<\/p>\n<p>Naglasio je da \u201emi moramo da \u017eivimo zajedno\u201c.<\/p>\n<p>\u201eRe\u0107i \u0107e Bo\u0161njaci to je prazna pri\u010da i bajka, ali nije, to je stvaran \u017eivot, i Bo\u0161njak iz Starog Priboja i Sjeverina kao i Srbin iz Pribojske banje i sela prema Rudom \u2013 jednako je ovo njegova zemlja kao \u0161to je moja i svakoga od vas ovde\u201c, rekao je Vu\u010di\u0107.<\/p>\n<p>U Priboju se prethodnih dana desilo nekoliko incideta. Pojavio se snimak kako policajci pevaju na proslavi pesmu sa stihovima \u201eoj, Sjenice nova Srebrenice, oj Pazaru novi Vukovaru\u201c, a nekoliko dana kasnije snimak je zabele\u017eio kako mladi\u0107 u grupi peva \u201eBo\u017ei\u0107 je, Bo\u017ei\u0107 je, pucaj u d\u017eamije\u201c. Nakon toga je Vu\u010di\u0107 najavio da \u0107e posetiti Priboj.<\/p>\n<p>\u201eZa nas je Priboj ispit da li smo ljudi ili ne i ne sme da nam se doga\u0111a da deca pevaju da neko puca u d\u017eamije\u201c, upozorio je Vu\u010di\u0107 i poru\u010dio da, kao \u0161to po\u0161tujemo na\u0161e crkve manastire i ikone, tako moramo po\u0161tovati i kom\u0161ije muslimane.<\/p>\n<p>\u201eAko neko misli da to neko mo\u017ee i treba da sru\u0161i, ima\u0107e posla sa dr\u017eavom, a dr\u017eava po pitanju o\u010duvanja mira i stabilnosti ne\u0107e imati milosti\u201c, poru\u010dio je Vu\u010di\u0107 u Priboju.<\/p>\n<div class=\"shop-cta\">\n<h4>Podr\u017ei Boom93<\/h4>\n<p>\nBoom93 je pokrenuo svoj shop &#8211; boom93shop, a kupovinom nekog od artikala podr\u017eavate rad na\u0161e redakcije.<br \/>\nSvaki va\u0161 doprinos, ma kako koliki bio, dragocen je. Jer pravo novinarstvo vredi.<\/p>\n<p><a href=\"https:\/\/shop.boom93.rs\" class=\"btn btn-black\" target=\"_blank\" rel=\"noopener\">Podr\u017ei Boom93<\/a><\/div>\n<div class=\"herald-da\"><a href=\"https:\/\/www.facebook.com\/radiocaffeboom93\/\" target=\"_blank\" rel=\"noopener\"><img loading=\"lazy\" decoding=\"async\" class=\"aligncenter size-full wp-image-109569\" src=\"https:\/\/media.boom93.com\/2020\/04\/radio-caffe.jpg\" alt=\"\" width=\"468\" height=\"60\"\/><\/a><\/div>\n<\/div>\n<p><script>!function(f,b,e,v,n,t,s)\n  {if(f.fbq)return;n=f.fbq=function(){n.callMethod?\n  n.callMethod.apply(n,arguments):n.queue.push(arguments)};\n  if(!f._fbq)f._fbq=n;n.push=n;n.loaded=!0;n.version='2.0';\n  n.queue=[];t=b.createElement(e);t.async=!0;\n  t.src=v;s=b.getElementsByTagName(e)[0];\n  s.parentNode.insertBefore(t,s)}(window, document,'script',\n  'https:\/\/connect.facebook.net\/en_US\/fbevents.js');\n  fbq('init', '976882202910920');\n  fbq('track', 'PageView');<\/script><br \/>\n<br \/><a href=\"https:\/\/boom93.rs\/info\/drustvo\/vucic-zatvor-za-svakog-ko-bi-da-puca-na-dzamije-ili-kolje-decu\/?utm_source=rss&#038;utm_medium=rss&#038;utm_campaign=vucic-zatvor-za-svakog-ko-bi-da-puca-na-dzamije-ili-kolje-decu\" target=\"_blank\" rel=\"noopener\">Source link <\/a><br \/>\n\n Vu\u010di\u0107: Zatvor za svakog ko bi da puca na d\u017eamije ili kolje decu<\/p>\n","protected":false},"excerpt":{"rendered":"<p>Predsednik Srbije Aleksandar Vu\u010di\u0107 izjavio je danas da \u0107e policajci iz Priboja koji su pevali pesme kojima se veli\u010da zlo\u010din&hellip;<\/p>\n","protected":false},"author":1,"featured_media":5152,"comment_status":"open","ping_status":"open","sticky":false,"template":"","format":"standard","meta":{"footnotes":""},"categories":[1],"tags":[],"class_list":["post-5151","post","type-post","status-publish","format-standard","has-post-thumbnail","hentry","category-oglasi-priboj"],"_links":{"self":[{"href":"https:\/\/oglasi.infooglasi.rs\/oglasi\/oglasipriboj\/wp-json\/wp\/v2\/posts\/5151","targetHints":{"allow":["GET"]}}],"collection":[{"href":"https:\/\/oglasi.infooglasi.rs\/oglasi\/oglasipriboj\/wp-json\/wp\/v2\/posts"}],"about":[{"href":"https:\/\/oglasi.infooglasi.rs\/oglasi\/oglasipriboj\/wp-json\/wp\/v2\/types\/post"}],"author":[{"embeddable":true,"href":"https:\/\/oglasi.infooglasi.rs\/oglasi\/oglasipriboj\/wp-json\/wp\/v2\/users\/1"}],"replies":[{"embeddable":true,"href":"https:\/\/oglasi.infooglasi.rs\/oglasi\/oglasipriboj\/wp-json\/wp\/v2\/comments?post=5151"}],"version-history":[{"count":0,"href":"https:\/\/oglasi.infooglasi.rs\/oglasi\/oglasipriboj\/wp-json\/wp\/v2\/posts\/5151\/revisions"}],"wp:featuredmedia":[{"embeddable":true,"href":"https:\/\/oglasi.infooglasi.rs\/oglasi\/oglasipriboj\/wp-json\/wp\/v2\/media\/5152"}],"wp:attachment":[{"href":"https:\/\/oglasi.infooglasi.rs\/oglasi\/oglasipriboj\/wp-json\/wp\/v2\/media?parent=5151"}],"wp:term":[{"taxonomy":"category","embeddable":true,"href":"https:\/\/oglasi.infooglasi.rs\/oglasi\/oglasipriboj\/wp-json\/wp\/v2\/categories?post=5151"},{"taxonomy":"post_tag","embeddable":true,"href":"https:\/\/oglasi.infooglasi.rs\/oglasi\/oglasipriboj\/wp-json\/wp\/v2\/tags?post=5151"}],"curies":[{"name":"wp","href":"https:\/\/api.w.org\/{rel}","templated":true}]}}