{"id":5175,"date":"2023-11-21T14:03:41","date_gmt":"2023-11-21T13:03:41","guid":{"rendered":"https:\/\/oglasi.infooglasi.rs\/oglasi\/oglasipriboj\/vucic-razgovarao-u-priboju-sa-celnicima-lokalnih-samouprava-i-mestanima-oglasi-priboj\/"},"modified":"2023-11-21T14:03:41","modified_gmt":"2023-11-21T13:03:41","slug":"vucic-razgovarao-u-priboju-sa-celnicima-lokalnih-samouprava-i-mestanima-oglasi-priboj","status":"publish","type":"post","link":"https:\/\/oglasi.infooglasi.rs\/oglasi\/oglasipriboj\/vucic-razgovarao-u-priboju-sa-celnicima-lokalnih-samouprava-i-mestanima-oglasi-priboj\/","title":{"rendered":"Vu\u010di\u0107 razgovarao u Priboju sa \u010delnicima lokalnih samouprava i me\u0161tanima &#8211; OGLASI PRIBOJ"},"content":{"rendered":"<p><\/p>\n<div><img loading=\"lazy\" decoding=\"async\" width=\"740\" height=\"548\" src=\"https:\/\/qninfo.rs\/wp-content\/uploads\/2023\/07\/53880_vucic-priboj-bosnjaci_f.webp\" class=\"attachment-large size-large wp-post-image\" alt=\"\" style=\"margin-bottom: 15px\" \/><\/div>\n<p><strong>Predsednik Srbije Aleksandar Vui\u010di\u0107 razgovarao je danas tokom obilaska op\u0161tine Priboj sa me\u0161tanima i predstavnicima lokalnih samouprava Zlatiborskog okruga i poru\u010dio da je sre\u0107an zbog ljudi koji \u017eele da grade, jer su oni spas za jugozapad Srbije.<\/strong><\/p>\n<p><strong>&#8220;Sre\u0107an sam zbog svih koji \u017eele da grade, jer ima onih koji to ne\u0107e&#8221;<\/strong>, rekao je Vu\u010di\u0107 u razgovoru kojem su prisustvovali ministri Goran Vesi\u0107, Nikola Selakovi\u0107 i Husen Memi\u0107 nakon obilska novoizgra\u0111enog spa centra &#8220;Terme 36,6&#8221; u Pribojskoj banji.<\/p>\n<p>Predsedniku op\u0161tine Priboj Lazaru Rvovi\u0107u je poru\u010dio da ima dosta toga da se uradi u Priboju od gimnazije, do pre\u010di\u0161\u0107iva\u010da i bolnice sa domom zdravlja.<\/p>\n<p>(Tanjug)<\/p>\n<p>The post <a href=\"https:\/\/qninfo.rs\/vucic-razgovarao-u-priboju-sa-celnicima-lokalnih-samouprava-i-mestanima\/\" target=\"_blank\" rel=\"noopener\">Vu\u010di\u0107 razgovarao u Priboju sa \u010delnicima lokalnih samouprava i me\u0161tanima<\/a> first appeared on <a href=\"https:\/\/qninfo.rs\" target=\"_blank\" rel=\"noopener\">Quicknews<\/a>.<\/p>\n<p>The post <a rel=\"nofollow noopener\" href=\"https:\/\/qninfo.rs\/vucic-razgovarao-u-priboju-sa-celnicima-lokalnih-samouprava-i-mestanima\/\" target=\"_blank\">Vu\u010di\u0107 razgovarao u Priboju sa \u010delnicima lokalnih samouprava i me\u0161tanima<\/a> appeared first on <a rel=\"nofollow noopener\" href=\"https:\/\/qninfo.rs\" target=\"_blank\">Quicknews<\/a>.<\/p>\n<p><a href=\"https:\/\/qninfo.rs\/vucic-razgovarao-u-priboju-sa-celnicima-lokalnih-samouprava-i-mestanima\/?utm_source=rss&#038;utm_medium=rss&#038;utm_campaign=vucic-razgovarao-u-priboju-sa-celnicima-lokalnih-samouprava-i-mestanima\" target=\"_blank\" rel=\"noopener\">Source link <\/a><br \/>\n\n Vu\u010di\u0107 razgovarao u Priboju sa \u010delnicima lokalnih samouprava i me\u0161tanima<\/p>\n","protected":false},"excerpt":{"rendered":"<p>Predsednik Srbije Aleksandar Vui\u010di\u0107 razgovarao je danas tokom obilaska op\u0161tine Priboj sa me\u0161tanima i predstavnicima lokalnih samouprava Zlatiborskog okruga i&hellip;<\/p>\n","protected":false},"author":1,"featured_media":5176,"comment_status":"open","ping_status":"open","sticky":false,"template":"","format":"standard","meta":{"footnotes":""},"categories":[1],"tags":[],"class_list":["post-5175","post","type-post","status-publish","format-standard","has-post-thumbnail","hentry","category-oglasi-priboj"],"_links":{"self":[{"href":"https:\/\/oglasi.infooglasi.rs\/oglasi\/oglasipriboj\/wp-json\/wp\/v2\/posts\/5175","targetHints":{"allow":["GET"]}}],"collection":[{"href":"https:\/\/oglasi.infooglasi.rs\/oglasi\/oglasipriboj\/wp-json\/wp\/v2\/posts"}],"about":[{"href":"https:\/\/oglasi.infooglasi.rs\/oglasi\/oglasipriboj\/wp-json\/wp\/v2\/types\/post"}],"author":[{"embeddable":true,"href":"https:\/\/oglasi.infooglasi.rs\/oglasi\/oglasipriboj\/wp-json\/wp\/v2\/users\/1"}],"replies":[{"embeddable":true,"href":"https:\/\/oglasi.infooglasi.rs\/oglasi\/oglasipriboj\/wp-json\/wp\/v2\/comments?post=5175"}],"version-history":[{"count":0,"href":"https:\/\/oglasi.infooglasi.rs\/oglasi\/oglasipriboj\/wp-json\/wp\/v2\/posts\/5175\/revisions"}],"wp:featuredmedia":[{"embeddable":true,"href":"https:\/\/oglasi.infooglasi.rs\/oglasi\/oglasipriboj\/wp-json\/wp\/v2\/media\/5176"}],"wp:attachment":[{"href":"https:\/\/oglasi.infooglasi.rs\/oglasi\/oglasipriboj\/wp-json\/wp\/v2\/media?parent=5175"}],"wp:term":[{"taxonomy":"category","embeddable":true,"href":"https:\/\/oglasi.infooglasi.rs\/oglasi\/oglasipriboj\/wp-json\/wp\/v2\/categories?post=5175"},{"taxonomy":"post_tag","embeddable":true,"href":"https:\/\/oglasi.infooglasi.rs\/oglasi\/oglasipriboj\/wp-json\/wp\/v2\/tags?post=5175"}],"curies":[{"name":"wp","href":"https:\/\/api.w.org\/{rel}","templated":true}]}}