{"id":5183,"date":"2023-11-30T09:53:59","date_gmt":"2023-11-30T08:53:59","guid":{"rendered":"https:\/\/oglasi.infooglasi.rs\/oglasi\/oglasipriboj\/priboj-ima-drzavnog-prvaka-u-biciklizmu-titula-posvecena-tragicno-nastradalom-sugradjaninu-oglasi-priboj\/"},"modified":"2023-11-30T09:53:59","modified_gmt":"2023-11-30T08:53:59","slug":"priboj-ima-drzavnog-prvaka-u-biciklizmu-titula-posvecena-tragicno-nastradalom-sugradjaninu-oglasi-priboj","status":"publish","type":"post","link":"https:\/\/oglasi.infooglasi.rs\/oglasi\/oglasipriboj\/priboj-ima-drzavnog-prvaka-u-biciklizmu-titula-posvecena-tragicno-nastradalom-sugradjaninu-oglasi-priboj\/","title":{"rendered":"PRIBOJ IMA DR\u017dAVNOG PRVAKA U BICIKLIZMU! TITULA POSVE\u0106ENA TRAGI\u010cNO NASTRADALOM SUGRA\u0110ANINU &#8211; OGLASI PRIBOJ"},"content":{"rendered":"<p><\/p>\n<div>\n<p>U nedelju na Fru\u0161koj Gori vo\u017een je MTB maraton u master kategoriji, gde je na\u0161 sugra\u0111anin Marko \u0106irjakovi\u0107 postao dr\u017eavni prvak u konkurenciji od preko 130 takmi\u010dara iz cele Srbije.<\/p>\n<p><img loading=\"lazy\" decoding=\"async\" class=\"alignnone size-full wp-image-1668 lazyload\" src=\"https:\/\/priboj.online\/wp-content\/uploads\/2023\/05\/IMG_20230522_091730_555.webp\" alt=\"\" width=\"1440\" height=\"815\"\/><noscript><img loading=\"lazy\" decoding=\"async\" class=\"alignnone size-full wp-image-1668 lazyload\" src=\"https:\/\/priboj.online\/wp-content\/uploads\/2023\/05\/IMG_20230522_091730_555.webp\" alt=\"\" width=\"1440\" height=\"815\" srcset=\"https:\/\/priboj.online\/wp-content\/uploads\/2023\/05\/IMG_20230522_091730_555.webp 1440w, https:\/\/priboj.online\/wp-content\/uploads\/2023\/05\/IMG_20230522_091730_555-300x170.webp 300w, https:\/\/priboj.online\/wp-content\/uploads\/2023\/05\/IMG_20230522_091730_555-1024x580.webp 1024w, https:\/\/priboj.online\/wp-content\/uploads\/2023\/05\/IMG_20230522_091730_555-768x435.webp 768w\" sizes=\"auto, (max-width: 1440px) 100vw, 1440px\"\/><\/noscript><\/p>\n<p>\u2013 Izborio sam se u veoma jakoj konkurenciji takmi\u010dara iz cele Srbije, nije bilo ni malo lako, ali titula je tu.<\/p>\n<p>Me\u0111utim, iako je ovo ogroman uspeh, gorak ukus ostavlja tragedija koja se dogodila u na\u0161em gradu iz tog razloga Marko poru\u010duje:<\/p>\n<p>\u2013 Ovu vest sam saznao pred sam po\u010detak trke i veoma me potresla jer sam ga i li\u010dno poznavao.<br \/>Ovom prilikom \u017eelim da izrazim sau\u010de\u0161\u0107e porodici nastradalog Erka i voleo bih ovu titulu da posvetim njemu.<\/p>\n<p>Marku \u017eelimo puno sre\u0107e u nastavku takmi\u0107enja i da se ovaj niz medalja nastavi.<\/p>\n<blockquote class=\"instagram-media\" data-instgrm-captioned=\"\" data-instgrm-permalink=\"https:\/\/www.instagram.com\/p\/CsiWo1KsSV7\/?utm_source=ig_embed&amp;utm_campaign=loading\" data-instgrm-version=\"14\" style=\" background:#FFF; border:0; border-radius:3px; box-shadow:0 0 1px 0 rgba(0,0,0,0.5),0 1px 10px 0 rgba(0,0,0,0.15); margin: 1px; max-width:540px; min-width:326px; padding:0; width:99.375%; width:-webkit-calc(100% - 2px); width:calc(100% - 2px);\"\/>\n<p>Priboj Online<\/p>\n<\/div>\n<p><script async defer src=\"https:\/\/platform.instagram.com\/en_US\/embeds.js\"><\/script><br \/>\n<br \/><a href=\"https:\/\/priboj.online\/priboj-ima-drzavnog-prvaka-u-biciklizmu-titula-posvecena-tragicno-nastradalom-sugradjaninu\/\" target=\"_blank\" rel=\"noopener\">Source link <\/a><br \/>\n\n PRIBOJ IMA DR\u017dAVNOG PRVAKA U BICIKLIZMU! TITULA POSVE\u0106ENA TRAGI\u010cNO NASTRADALOM SUGRA\u0110ANINU<\/p>\n","protected":false},"excerpt":{"rendered":"<p>U nedelju na Fru\u0161koj Gori vo\u017een je MTB maraton u master kategoriji, gde je na\u0161 sugra\u0111anin Marko \u0106irjakovi\u0107 postao dr\u017eavni&hellip;<\/p>\n","protected":false},"author":1,"featured_media":5184,"comment_status":"open","ping_status":"open","sticky":false,"template":"","format":"standard","meta":{"footnotes":""},"categories":[1],"tags":[],"class_list":["post-5183","post","type-post","status-publish","format-standard","has-post-thumbnail","hentry","category-oglasi-priboj"],"_links":{"self":[{"href":"https:\/\/oglasi.infooglasi.rs\/oglasi\/oglasipriboj\/wp-json\/wp\/v2\/posts\/5183","targetHints":{"allow":["GET"]}}],"collection":[{"href":"https:\/\/oglasi.infooglasi.rs\/oglasi\/oglasipriboj\/wp-json\/wp\/v2\/posts"}],"about":[{"href":"https:\/\/oglasi.infooglasi.rs\/oglasi\/oglasipriboj\/wp-json\/wp\/v2\/types\/post"}],"author":[{"embeddable":true,"href":"https:\/\/oglasi.infooglasi.rs\/oglasi\/oglasipriboj\/wp-json\/wp\/v2\/users\/1"}],"replies":[{"embeddable":true,"href":"https:\/\/oglasi.infooglasi.rs\/oglasi\/oglasipriboj\/wp-json\/wp\/v2\/comments?post=5183"}],"version-history":[{"count":0,"href":"https:\/\/oglasi.infooglasi.rs\/oglasi\/oglasipriboj\/wp-json\/wp\/v2\/posts\/5183\/revisions"}],"wp:featuredmedia":[{"embeddable":true,"href":"https:\/\/oglasi.infooglasi.rs\/oglasi\/oglasipriboj\/wp-json\/wp\/v2\/media\/5184"}],"wp:attachment":[{"href":"https:\/\/oglasi.infooglasi.rs\/oglasi\/oglasipriboj\/wp-json\/wp\/v2\/media?parent=5183"}],"wp:term":[{"taxonomy":"category","embeddable":true,"href":"https:\/\/oglasi.infooglasi.rs\/oglasi\/oglasipriboj\/wp-json\/wp\/v2\/categories?post=5183"},{"taxonomy":"post_tag","embeddable":true,"href":"https:\/\/oglasi.infooglasi.rs\/oglasi\/oglasipriboj\/wp-json\/wp\/v2\/tags?post=5183"}],"curies":[{"name":"wp","href":"https:\/\/api.w.org\/{rel}","templated":true}]}}