{"id":5211,"date":"2023-12-22T22:35:13","date_gmt":"2023-12-22T21:35:13","guid":{"rendered":"https:\/\/oglasi.infooglasi.rs\/oglasi\/oglasipriboj\/proglasena-vanredna-situacija-u-tri-mesne-zajednice-u-priboju-sumski-pozar-bukti-danima-oglasi-priboj\/"},"modified":"2023-12-22T22:35:13","modified_gmt":"2023-12-22T21:35:13","slug":"proglasena-vanredna-situacija-u-tri-mesne-zajednice-u-priboju-sumski-pozar-bukti-danima-oglasi-priboj","status":"publish","type":"post","link":"https:\/\/oglasi.infooglasi.rs\/oglasi\/oglasipriboj\/proglasena-vanredna-situacija-u-tri-mesne-zajednice-u-priboju-sumski-pozar-bukti-danima-oglasi-priboj\/","title":{"rendered":"Progla\u0161ena vanredna situacija u tri mesne zajednice u Priboju: \u0160umski po\u017ear bukti danima&#8230; &#8211; OGLASI PRIBOJ"},"content":{"rendered":"<p><\/p>\n<div>\n<p>Usled velikog po\u017eara, koji bukti ve\u0107 nekoliko dana na delu pribojske op\u0161tine, a koji je ugrozio stanovni\u0161tvo i imovinu, i prouzrokovao \u0161tetu velikih razmera, predsednik op\u0161tine Lazar Rvovi\u0107, doneo je odluku o progla\u0161enju vanredne situacije u tri mesne zajednice, Ra\u010da, Banja i Kratovo, prenosi <a href=\"https:\/\/www.blic.rs\/vesti\/hronika\/u-tri-mesne-zajednice-u-priboju-proglasena-vanredna-situacija-sumski-pozar-bukti\/xf5s4dt?pushmedia=a14bb075604666e&amp;utm_source=browser&amp;utm_campaign=push_a14bb075604666e&amp;utm_medium=push&amp;fbclid=IwAR1D--xAawLL1mAb7_JR9s8yfBDxRJ6u-FJMHrwMhXhe7bLoODD2rjes7rw\" target=\"_blank\" rel=\"noopener\">Blic<\/a>.<\/p>\n<p>Na predlog \u0160taba za vanredne situacije, koji je u subotu zasedao, predsednik op\u0161tine Priboj, Lazar Rvovi\u0107, proglasio je vanrednau situaciju, zbog ugro\u017eenosti stanovni\u0161tva i imovine. Kako stoji u odluci, \u0161umski po\u017ear je na\u010dinio \u0161tetu ve\u0107ih razmera na delu tri mesne zajednice.<\/p>\n<p>\u2013 Vanredna situacija se progla\u0161ava zbog velikog \u0161umskog po\u017eara na delu teritorije op\u0161tine Priboj na lokaciji Crni vrh, radi preduzimanja vanrednih mera, upotrebe dodatnih snaga i sredstava, radi otklanjanja posledice nastale usled elementarne nepogode po\u017ear. Radom subjekta sistema za\u0161tite i spasavanja i drugim snagama koje u\u010destvuju u za\u0161titi i spasavanju, rukovodi i koordinira Op\u0161tinski \u0161tab za vanredne situacije \u2013 stoji izme\u0111u ostalog u obrazlo\u017eenju odluke za progla\u0161enjem vanredne situacije.<\/p>\n<p>Ina\u010de, po\u017ear koji ve\u0107e nekoliko dana gori u pribojskom kraju zahvatio je povr\u0161inu od skoro 200 hektara. Gori \u010damova \u0161uma i nisko rastinje. Sa vatrenom stihijom, bore se vatrogasci iz gotovo celog Zlatiborskog okruga.<\/p>\n<figure class=\"wp-block-embed-wordpress wp-block-embed is-type-wp-embed is-provider-nstore\"\/>\n<p>&#13;<br \/>\n\t\t\t\t<span class=\"post-views-icon dashicons dashicons-chart-bar\"\/> <span class=\"post-views-label\">Post Views:<\/span> <span class=\"post-views-count\">36<\/span>&#13;\n\t\t\t<\/p>\n<p>                                                                            <!--Akla Placement: P1 Nedeljnik - ispod teksta Ad 901 Widget--><\/p><\/div>\n<p><a href=\"https:\/\/www.nedeljnik.rs\/proglasena-vanredna-situacija-u-tri-mesne-zajednice-u-priboju-sumski-pozar-bukti-danima\/\" target=\"_blank\" rel=\"noopener\">Source link <\/a><br \/>\n\n Progla\u0161ena vanredna situacija u tri mesne zajednice u Priboju: \u0160umski po\u017ear bukti danima&#8230;<\/p>\n","protected":false},"excerpt":{"rendered":"<p>Usled velikog po\u017eara, koji bukti ve\u0107 nekoliko dana na delu pribojske op\u0161tine, a koji je ugrozio stanovni\u0161tvo i imovinu, i&hellip;<\/p>\n","protected":false},"author":1,"featured_media":5212,"comment_status":"open","ping_status":"open","sticky":false,"template":"","format":"standard","meta":{"footnotes":""},"categories":[1],"tags":[],"class_list":["post-5211","post","type-post","status-publish","format-standard","has-post-thumbnail","hentry","category-oglasi-priboj"],"_links":{"self":[{"href":"https:\/\/oglasi.infooglasi.rs\/oglasi\/oglasipriboj\/wp-json\/wp\/v2\/posts\/5211","targetHints":{"allow":["GET"]}}],"collection":[{"href":"https:\/\/oglasi.infooglasi.rs\/oglasi\/oglasipriboj\/wp-json\/wp\/v2\/posts"}],"about":[{"href":"https:\/\/oglasi.infooglasi.rs\/oglasi\/oglasipriboj\/wp-json\/wp\/v2\/types\/post"}],"author":[{"embeddable":true,"href":"https:\/\/oglasi.infooglasi.rs\/oglasi\/oglasipriboj\/wp-json\/wp\/v2\/users\/1"}],"replies":[{"embeddable":true,"href":"https:\/\/oglasi.infooglasi.rs\/oglasi\/oglasipriboj\/wp-json\/wp\/v2\/comments?post=5211"}],"version-history":[{"count":0,"href":"https:\/\/oglasi.infooglasi.rs\/oglasi\/oglasipriboj\/wp-json\/wp\/v2\/posts\/5211\/revisions"}],"wp:featuredmedia":[{"embeddable":true,"href":"https:\/\/oglasi.infooglasi.rs\/oglasi\/oglasipriboj\/wp-json\/wp\/v2\/media\/5212"}],"wp:attachment":[{"href":"https:\/\/oglasi.infooglasi.rs\/oglasi\/oglasipriboj\/wp-json\/wp\/v2\/media?parent=5211"}],"wp:term":[{"taxonomy":"category","embeddable":true,"href":"https:\/\/oglasi.infooglasi.rs\/oglasi\/oglasipriboj\/wp-json\/wp\/v2\/categories?post=5211"},{"taxonomy":"post_tag","embeddable":true,"href":"https:\/\/oglasi.infooglasi.rs\/oglasi\/oglasipriboj\/wp-json\/wp\/v2\/tags?post=5211"}],"curies":[{"name":"wp","href":"https:\/\/api.w.org\/{rel}","templated":true}]}}