{"id":5231,"date":"2024-01-11T03:32:06","date_gmt":"2024-01-11T02:32:06","guid":{"rendered":"https:\/\/oglasi.infooglasi.rs\/oglasi\/oglasipriboj\/muftija-dudic-odrzao-hutbu-u-priboju-oglasi-priboj\/"},"modified":"2024-01-11T03:32:06","modified_gmt":"2024-01-11T02:32:06","slug":"muftija-dudic-odrzao-hutbu-u-priboju-oglasi-priboj","status":"publish","type":"post","link":"https:\/\/oglasi.infooglasi.rs\/oglasi\/oglasipriboj\/muftija-dudic-odrzao-hutbu-u-priboju-oglasi-priboj\/","title":{"rendered":"Muftija Dudi\u0107 odr\u017eao hutbu u Priboju &#8211; OGLASI PRIBOJ"},"content":{"rendered":"<p><\/p>\n<div data-td-block-uid=\"tdi_68\">\n<div class=\"tdb-block-inner td-fix-index\">\n<p><img fetchpriority=\"high\" decoding=\"async\" class=\"alignnone size-full wp-image-85057\" src=\"https:\/\/sanapress.info\/wp-content\/uploads\/2023\/05\/PB.jpg\" alt=\"\" width=\"768\" height=\"637\" srcset=\"https:\/\/sanapress.info\/wp-content\/uploads\/2023\/05\/PB.jpg 768w, https:\/\/sanapress.info\/wp-content\/uploads\/2023\/05\/PB-300x249.jpg 300w, https:\/\/sanapress.info\/wp-content\/uploads\/2023\/05\/PB-506x420.jpg 506w, https:\/\/sanapress.info\/wp-content\/uploads\/2023\/05\/PB-640x531.jpg 640w, https:\/\/sanapress.info\/wp-content\/uploads\/2023\/05\/PB-681x565.jpg 681w\" sizes=\"(max-width: 768px) 100vw, 768px\"\/><strong>U glavnoj Hasan-aginoj d\u017eamiji u Priboju hutbu je odr\u017eao i d\u017euma namaz predvodio predsjednik Me\u0161ihata Islamske zajednice muftija dr. Mevlud ef. Dudi\u0107 u znak podr\u0161ke imamima i d\u017eematlijama Priboja zbog nedavnog nemilog doga\u0111aja \u2013 ubistva Ervina \u0106elahmetovi\u0107a.<\/strong><\/p>\n<p>Tom prilikom, istakao je da \u0107e Zajednica uvijek stajati uz svoj narod te da \u0107e svim svojim mehanizmima pomo\u0107i da se rasvijetli ovaj slu\u010daj i po\u010dinilac najstro\u017eije kazni, a vjernike pozvao na pribranost, mudrost i uskla\u0111ivanje svog \u017eivota u duhu Kur'ana i Sunneta.<\/p>\n<p><em>\u201cNepravda koja se \u010dini, ne\u0107e biti razlogom da i mi odemo u jednu drugu krajnost i da i mi po\u010dnemo \u010diniti stvari koje ne valjaju jer nas vjera ne u\u010di tome. Iako je zlo\u010dinac danas uhap\u0161en i priveden pravdi, ni sa time ne\u0107emo likovati jer prava pravda i prava sankcija, u \u0161ta mi vjerujemo, slijedi od Stvoritelja svih svjetova, ali nam je bitno da je nakon nekoliko dana, onaj koji je trebao voditi ra\u010duna o javnom redu i miru, suprotno postupio tome i ponio grijeh na sebe i svoju porodicu, svoje potomstvo, oduzev\u0161i nevini \u017eivot, \u017eivot mladog \u010dovjeka.\u201d<\/em><\/p>\n<p>Istakao je da se ne mire sa nepravdama koje se \u010dine.<\/p>\n<p><em>\u201cNe mirimo se sa pravosudnim organima, tu\u017eila\u0161tvom, i mnogim postupcima odre\u0111enih koji su zadu\u017eeni da zavode javni red i mir, na na\u010din kako oni to dunkcioni\u0161u. Nije slu\u010dajno da ba\u0161 kada se sve ovo de\u0161ava, tu\u017eila\u0161tvo iz U\u017eica obavje\u0161tava poimeni\u010dno glavnog imama, kako nema osnova za tu\u017ebu koja je podnijeta od pro\u0161le godine kada su maloljetnici pjevali nedoli\u010dne pjesme ovdje u Priboju jer nema dokaza. Kada im treba, onda i efendiji znaju sve titule da mu napi\u0161u i da ga obavijeste, a nemaju dokaza. Ne\u0107ete nas pokolebat, niti upla\u0161it, niti obeshrabrit.\u201d<\/em><\/p>\n<p>Tako\u0111er, u pribojskom d\u017eematu \u010citluk hutbu je odr\u017eao muftija dr. Re\u0161ad ef. Plojovi\u0107, u Novoj Varo\u0161i miftija hfz. Abdurrahman ef. Kujevi\u0107, a u Prijepolju hfz. dr. Almir ef. Pramenkovi\u0107 i dr. Hajrudin ef. Bali\u0107.<\/p>\n<p><iframe loading=\"lazy\" title=\"Muftija Dudi\u0107 odr\u017eao hutbu u Priboju\" width=\"640\" height=\"360\" src=\"https:\/\/www.youtube.com\/embed\/GBk-yYc81vY?feature=oembed\" frameborder=\"0\" allow=\"accelerometer; autoplay; clipboard-write; encrypted-media; gyroscope; picture-in-picture; web-share\" referrerpolicy=\"strict-origin-when-cross-origin\" allowfullscreen><\/iframe><\/p>\n<p><img loading=\"lazy\" decoding=\"async\" class=\"alignnone size-full wp-image-85058\" src=\"https:\/\/sanapress.info\/wp-content\/uploads\/2023\/05\/PB-1.jpg\" alt=\"\" width=\"1024\" height=\"768\" srcset=\"https:\/\/sanapress.info\/wp-content\/uploads\/2023\/05\/PB-1.jpg 1024w, https:\/\/sanapress.info\/wp-content\/uploads\/2023\/05\/PB-1-300x225.jpg 300w, https:\/\/sanapress.info\/wp-content\/uploads\/2023\/05\/PB-1-768x576.jpg 768w, https:\/\/sanapress.info\/wp-content\/uploads\/2023\/05\/PB-1-560x420.jpg 560w, https:\/\/sanapress.info\/wp-content\/uploads\/2023\/05\/PB-1-80x60.jpg 80w, https:\/\/sanapress.info\/wp-content\/uploads\/2023\/05\/PB-1-100x75.jpg 100w, https:\/\/sanapress.info\/wp-content\/uploads\/2023\/05\/PB-1-180x135.jpg 180w, https:\/\/sanapress.info\/wp-content\/uploads\/2023\/05\/PB-1-238x178.jpg 238w, https:\/\/sanapress.info\/wp-content\/uploads\/2023\/05\/PB-1-640x480.jpg 640w, https:\/\/sanapress.info\/wp-content\/uploads\/2023\/05\/PB-1-681x511.jpg 681w\" sizes=\"auto, (max-width: 1024px) 100vw, 1024px\"\/> <img loading=\"lazy\" decoding=\"async\" class=\"alignnone size-full wp-image-85059\" src=\"https:\/\/sanapress.info\/wp-content\/uploads\/2023\/05\/PB-2.jpg\" alt=\"\" width=\"800\" height=\"600\" srcset=\"https:\/\/sanapress.info\/wp-content\/uploads\/2023\/05\/PB-2.jpg 800w, https:\/\/sanapress.info\/wp-content\/uploads\/2023\/05\/PB-2-300x225.jpg 300w, https:\/\/sanapress.info\/wp-content\/uploads\/2023\/05\/PB-2-768x576.jpg 768w, https:\/\/sanapress.info\/wp-content\/uploads\/2023\/05\/PB-2-560x420.jpg 560w, https:\/\/sanapress.info\/wp-content\/uploads\/2023\/05\/PB-2-80x60.jpg 80w, https:\/\/sanapress.info\/wp-content\/uploads\/2023\/05\/PB-2-100x75.jpg 100w, https:\/\/sanapress.info\/wp-content\/uploads\/2023\/05\/PB-2-180x135.jpg 180w, https:\/\/sanapress.info\/wp-content\/uploads\/2023\/05\/PB-2-238x178.jpg 238w, https:\/\/sanapress.info\/wp-content\/uploads\/2023\/05\/PB-2-640x480.jpg 640w, https:\/\/sanapress.info\/wp-content\/uploads\/2023\/05\/PB-2-681x511.jpg 681w\" sizes=\"auto, (max-width: 800px) 100vw, 800px\"\/><\/p>\n<\/div>\n<\/div>\n<p><a href=\"https:\/\/sanapress.info\/2023\/05\/26\/muftija-dudic-odrzao-hutbu-u-priboju\/\" target=\"_blank\" rel=\"noopener\">Source link <\/a><br \/>\n\n Muftija Dudi\u0107 odr\u017eao hutbu u Priboju<\/p>\n","protected":false},"excerpt":{"rendered":"<p>U glavnoj Hasan-aginoj d\u017eamiji u Priboju hutbu je odr\u017eao i d\u017euma namaz predvodio predsjednik Me\u0161ihata Islamske zajednice muftija dr. Mevlud&hellip;<\/p>\n","protected":false},"author":1,"featured_media":5233,"comment_status":"open","ping_status":"open","sticky":false,"template":"","format":"standard","meta":{"footnotes":""},"categories":[1],"tags":[],"class_list":["post-5231","post","type-post","status-publish","format-standard","has-post-thumbnail","hentry","category-oglasi-priboj"],"_links":{"self":[{"href":"https:\/\/oglasi.infooglasi.rs\/oglasi\/oglasipriboj\/wp-json\/wp\/v2\/posts\/5231","targetHints":{"allow":["GET"]}}],"collection":[{"href":"https:\/\/oglasi.infooglasi.rs\/oglasi\/oglasipriboj\/wp-json\/wp\/v2\/posts"}],"about":[{"href":"https:\/\/oglasi.infooglasi.rs\/oglasi\/oglasipriboj\/wp-json\/wp\/v2\/types\/post"}],"author":[{"embeddable":true,"href":"https:\/\/oglasi.infooglasi.rs\/oglasi\/oglasipriboj\/wp-json\/wp\/v2\/users\/1"}],"replies":[{"embeddable":true,"href":"https:\/\/oglasi.infooglasi.rs\/oglasi\/oglasipriboj\/wp-json\/wp\/v2\/comments?post=5231"}],"version-history":[{"count":0,"href":"https:\/\/oglasi.infooglasi.rs\/oglasi\/oglasipriboj\/wp-json\/wp\/v2\/posts\/5231\/revisions"}],"wp:featuredmedia":[{"embeddable":true,"href":"https:\/\/oglasi.infooglasi.rs\/oglasi\/oglasipriboj\/wp-json\/wp\/v2\/media\/5233"}],"wp:attachment":[{"href":"https:\/\/oglasi.infooglasi.rs\/oglasi\/oglasipriboj\/wp-json\/wp\/v2\/media?parent=5231"}],"wp:term":[{"taxonomy":"category","embeddable":true,"href":"https:\/\/oglasi.infooglasi.rs\/oglasi\/oglasipriboj\/wp-json\/wp\/v2\/categories?post=5231"},{"taxonomy":"post_tag","embeddable":true,"href":"https:\/\/oglasi.infooglasi.rs\/oglasi\/oglasipriboj\/wp-json\/wp\/v2\/tags?post=5231"}],"curies":[{"name":"wp","href":"https:\/\/api.w.org\/{rel}","templated":true}]}}