{"id":5237,"date":"2024-01-15T09:50:23","date_gmt":"2024-01-15T08:50:23","guid":{"rendered":"https:\/\/oglasi.infooglasi.rs\/oglasi\/oglasipriboj\/u-fokusu-turisticke-organizacije-priboj-verski-turizam-i-pribojska-banja-oglasi-priboj\/"},"modified":"2024-01-15T09:50:23","modified_gmt":"2024-01-15T08:50:23","slug":"u-fokusu-turisticke-organizacije-priboj-verski-turizam-i-pribojska-banja-oglasi-priboj","status":"publish","type":"post","link":"https:\/\/oglasi.infooglasi.rs\/oglasi\/oglasipriboj\/u-fokusu-turisticke-organizacije-priboj-verski-turizam-i-pribojska-banja-oglasi-priboj\/","title":{"rendered":"U fokusu Turisti\u010dke organizacije Priboj verski turizam i Pribojska Banja &#8211; OGLASI PRIBOJ"},"content":{"rendered":"<p><\/p>\n<div>\n<p>Priboj \u2013 Nakon uspe\u0161ne prekograni\u010dne saradnje sa BiH, TO Priboj na ovogodi\u0161njem sajmu promovi\u0161e i projekat \u201c\u010cudesni putevi vere od Lima do Zete.\u201d<\/p>\n<figure class=\"wp-block-image size-large\"><img fetchpriority=\"high\" decoding=\"async\" width=\"1024\" height=\"577\" src=\"https:\/\/ppmedia.rs\/wp-content\/uploads\/2023\/02\/priboj-na-sajmu-u-BG-foto-pp-media-1024x577.jpg\" alt=\"\" class=\"wp-image-34868\" srcset=\"https:\/\/ppmedia.rs\/wp-content\/uploads\/2023\/02\/priboj-na-sajmu-u-BG-foto-pp-media-1024x577.jpg 1024w, https:\/\/ppmedia.rs\/wp-content\/uploads\/2023\/02\/priboj-na-sajmu-u-BG-foto-pp-media-300x169.jpg 300w, https:\/\/ppmedia.rs\/wp-content\/uploads\/2023\/02\/priboj-na-sajmu-u-BG-foto-pp-media-768x432.jpg 768w, https:\/\/ppmedia.rs\/wp-content\/uploads\/2023\/02\/priboj-na-sajmu-u-BG-foto-pp-media-1536x865.jpg 1536w, https:\/\/ppmedia.rs\/wp-content\/uploads\/2023\/02\/priboj-na-sajmu-u-BG-foto-pp-media-2048x1153.jpg 2048w\" sizes=\"(max-width: 1024px) 100vw, 1024px\"\/><figcaption class=\"wp-element-caption\">Foto: PP Media<\/figcaption><\/figure>\n<p>-Organizacija ovog sajma ide preko projekta Evropske unije. Zajedni\u010dki nastupa TO Priboj i Eparhija Budimljansko-Nik\u0161i\u0107ka. U subotu imamo zakazano u Maloj sali prezentaciju projekta koji je vredan 410.000 evra koji realizujemo kroz prekograni\u010dnu saradnju Srbije i Crne Gore, isti\u010de Vladan Radovi\u0107, direktor TO Priboj<\/p>\n<p>Projektom \u201c\u010cudesni putevi vere od Lima do Zete\u201d na inovativan na\u010din se promovi\u0161e verski i hodo\u010dasni\u010dki \u00a0turizam u Priboju, Nik\u0161i\u0107u i celoj Budimljansko-Nik\u0161i\u0107koj eparhiji.<\/p>\n<p>-Lokalne samouprave Nik\u0161i\u0107a i Priboja su se ujedinile u ovom ozbiljnom projektu koji \u0107e, pretpostavljamo, podi\u0107i nivo verskog turizma koji je u ekspanziji i koji \u0107e sigurno doprineti pobolj\u0161anju turisti\u010dke ponude Priboja i Nik\u0161i\u0107a. Grade se objekti u Pribojskoj Banji i Nik\u0161i\u0107u koji \u0107e biti hodo\u010dasni\u010dki centri. Projekat \u0107e imati i socio-ekonomski efekat kroz obuke koje su zavr\u0161ene za konobare i kuvare na pove\u0107anju receptivnosti turizma a sve usluge koje imamo u Priboju i Nik\u0161i\u0107u i celoj eparhiji poja\u010da\u0107e turizam, promovisa\u0107e Polimlje i ovaj deo Srbije i Crne Gore, obja\u0161njava Goran Rekovi\u0107, koordinator projekta.<\/p>\n<figure class=\"wp-block-image size-large\"><img loading=\"lazy\" decoding=\"async\" width=\"1024\" height=\"577\" src=\"https:\/\/ppmedia.rs\/wp-content\/uploads\/2023\/02\/priboj-na-sajmu-2-1024x577.jpg\" alt=\"\" class=\"wp-image-34869\" srcset=\"https:\/\/ppmedia.rs\/wp-content\/uploads\/2023\/02\/priboj-na-sajmu-2-1024x577.jpg 1024w, https:\/\/ppmedia.rs\/wp-content\/uploads\/2023\/02\/priboj-na-sajmu-2-300x169.jpg 300w, https:\/\/ppmedia.rs\/wp-content\/uploads\/2023\/02\/priboj-na-sajmu-2-768x432.jpg 768w, https:\/\/ppmedia.rs\/wp-content\/uploads\/2023\/02\/priboj-na-sajmu-2-1536x865.jpg 1536w, https:\/\/ppmedia.rs\/wp-content\/uploads\/2023\/02\/priboj-na-sajmu-2-2048x1153.jpg 2048w\" sizes=\"auto, (max-width: 1024px) 100vw, 1024px\"\/><figcaption class=\"wp-element-caption\">Foto: PP Media<\/figcaption><\/figure>\n<p>Tako\u0111e, u fokusu promocije TO Priboj na ovogodi\u0161njem sajmu je i Pribojska Banja koja je, zahvaljuju\u0107i turisti\u010dkim vau\u010derima, izuzetno bila pose\u0107ena u pro\u0161loj godini.<\/p>\n<p>-Realizovali smo preko 3000 vau\u010dera. Pedeset doma\u0107instava koji rade preko nas u Pribojskoj Banji su zaista zadovoljni i vidimo po samom interesovanju i ljudima koji svra\u0107aju i raspituju se da \u0107e i ove godine \u201cvau\u010deri\u201d planuti, obzirom da je prvi deo ve\u0107 razgrabljen, zadovoljno ka\u017ee Vladan Radovi\u0107, direktor TO Priboj.<\/p>\n<p>Prilikom posete \u0161tandu TO Priboj i razgovoru sa turisti\u010dkim radnicima najavio je nova ulaganja u Pribojsku banju do koje je pro\u0161le godine ura\u0111en put do Kokinog Broda.<\/p>\n<p>PP Media<\/p>\n<footer class=\"entry-meta\">\n\t\t<a href=\"https:\/\/ppmedia.rs\/category\/drustvo\/\" rel=\"category tag noopener\" target=\"_blank\">DRU\u0160TVO<\/a>\t\t<\/p>\n<p>\u041e\u0437\u043d\u0430\u043a\u0435: <a href=\"https:\/\/ppmedia.rs\/tag\/priboj\/\" rel=\"tag noopener\" target=\"_blank\">PRIBOJ<\/a>, <a href=\"https:\/\/ppmedia.rs\/tag\/pribojska-banja\/\" rel=\"tag noopener\" target=\"_blank\">Pribojska Banja<\/a>, <a href=\"https:\/\/ppmedia.rs\/tag\/sajam-turizma-u-beogradu\/\" rel=\"tag noopener\" target=\"_blank\">Sajam turizma u Beogradu<\/a>, <a href=\"https:\/\/ppmedia.rs\/tag\/to-priboj\/\" rel=\"tag noopener\" target=\"_blank\">TO Priboj<\/a>, <a href=\"https:\/\/ppmedia.rs\/tag\/vesti-priboj\/\" rel=\"tag noopener\" target=\"_blank\">vesti priboj<\/a><\/p>\n<\/footer>\n<p><!-- .entry-meta --><\/p><\/div>\n<p><a href=\"https:\/\/ppmedia.rs\/u-fokusu-turisticke-organizacije-priboj-verski-turizam-i-pribojska-banja\/\" target=\"_blank\" rel=\"noopener\">Source link <\/a><br \/>\n\n U fokusu Turisti\u010dke organizacije Priboj verski turizam i Pribojska Banja<\/p>\n","protected":false},"excerpt":{"rendered":"<p>Priboj \u2013 Nakon uspe\u0161ne prekograni\u010dne saradnje sa BiH, TO Priboj na ovogodi\u0161njem sajmu promovi\u0161e i projekat \u201c\u010cudesni putevi vere od&hellip;<\/p>\n","protected":false},"author":1,"featured_media":5238,"comment_status":"open","ping_status":"open","sticky":false,"template":"","format":"standard","meta":{"footnotes":""},"categories":[1],"tags":[],"class_list":["post-5237","post","type-post","status-publish","format-standard","has-post-thumbnail","hentry","category-oglasi-priboj"],"_links":{"self":[{"href":"https:\/\/oglasi.infooglasi.rs\/oglasi\/oglasipriboj\/wp-json\/wp\/v2\/posts\/5237","targetHints":{"allow":["GET"]}}],"collection":[{"href":"https:\/\/oglasi.infooglasi.rs\/oglasi\/oglasipriboj\/wp-json\/wp\/v2\/posts"}],"about":[{"href":"https:\/\/oglasi.infooglasi.rs\/oglasi\/oglasipriboj\/wp-json\/wp\/v2\/types\/post"}],"author":[{"embeddable":true,"href":"https:\/\/oglasi.infooglasi.rs\/oglasi\/oglasipriboj\/wp-json\/wp\/v2\/users\/1"}],"replies":[{"embeddable":true,"href":"https:\/\/oglasi.infooglasi.rs\/oglasi\/oglasipriboj\/wp-json\/wp\/v2\/comments?post=5237"}],"version-history":[{"count":0,"href":"https:\/\/oglasi.infooglasi.rs\/oglasi\/oglasipriboj\/wp-json\/wp\/v2\/posts\/5237\/revisions"}],"wp:featuredmedia":[{"embeddable":true,"href":"https:\/\/oglasi.infooglasi.rs\/oglasi\/oglasipriboj\/wp-json\/wp\/v2\/media\/5238"}],"wp:attachment":[{"href":"https:\/\/oglasi.infooglasi.rs\/oglasi\/oglasipriboj\/wp-json\/wp\/v2\/media?parent=5237"}],"wp:term":[{"taxonomy":"category","embeddable":true,"href":"https:\/\/oglasi.infooglasi.rs\/oglasi\/oglasipriboj\/wp-json\/wp\/v2\/categories?post=5237"},{"taxonomy":"post_tag","embeddable":true,"href":"https:\/\/oglasi.infooglasi.rs\/oglasi\/oglasipriboj\/wp-json\/wp\/v2\/tags?post=5237"}],"curies":[{"name":"wp","href":"https:\/\/api.w.org\/{rel}","templated":true}]}}