{"id":5266,"date":"2024-02-15T10:13:20","date_gmt":"2024-02-15T09:13:20","guid":{"rendered":"https:\/\/oglasi.infooglasi.rs\/oglasi\/oglasipriboj\/pribojci-od-najlepsih-fotografija-grada-prave-kalendar-oglasi-priboj\/"},"modified":"2024-02-15T10:13:20","modified_gmt":"2024-02-15T09:13:20","slug":"pribojci-od-najlepsih-fotografija-grada-prave-kalendar-oglasi-priboj","status":"publish","type":"post","link":"https:\/\/oglasi.infooglasi.rs\/oglasi\/oglasipriboj\/pribojci-od-najlepsih-fotografija-grada-prave-kalendar-oglasi-priboj\/","title":{"rendered":"Pribojci od najlep\u0161ih fotografija grada prave kalendar &#8211; OGLASI PRIBOJ"},"content":{"rendered":"<p><\/p>\n<div id=\"post-34608\">\n\t<!-- .entry-header --><\/p>\n<div class=\"entry-content\">\n<p>Priboj \u2013 Jednu lepu ideju, da se zabele\u017ei trag u vremenu i mladim nara\u0161tajima ostavi u nasle\u0111e, krajem pro\u0161le godine, realizovao je Zavi\u010dajni muzej u Priboju, u saradnji sa lokalnom samoupravom i Turisti\u010dkom organizacijom ovog grada. U decembru je sproveden \u201eNagradni konkurs za izbor najbolje fotografije Priboja u 2022. godini\u201c, na kome je u\u010destvovalo preko 70 autora, ali je samo njih 45 ispunilo uslove konkursa.<\/p>\n<figure class=\"wp-block-image size-large\"><img fetchpriority=\"high\" decoding=\"async\" width=\"1024\" height=\"576\" src=\"https:\/\/ppmedia.rs\/wp-content\/uploads\/2023\/02\/slike-priboj-kalendar-1024x576.jpg\" alt=\"\" class=\"wp-image-34609\" srcset=\"https:\/\/ppmedia.rs\/wp-content\/uploads\/2023\/02\/slike-priboj-kalendar-1024x576.jpg 1024w, https:\/\/ppmedia.rs\/wp-content\/uploads\/2023\/02\/slike-priboj-kalendar-300x169.jpg 300w, https:\/\/ppmedia.rs\/wp-content\/uploads\/2023\/02\/slike-priboj-kalendar-768x432.jpg 768w, https:\/\/ppmedia.rs\/wp-content\/uploads\/2023\/02\/slike-priboj-kalendar-1536x864.jpg 1536w, https:\/\/ppmedia.rs\/wp-content\/uploads\/2023\/02\/slike-priboj-kalendar.jpg 1920w\" sizes=\"(max-width: 1024px) 100vw, 1024px\"\/><figcaption class=\"wp-element-caption\">Foto: Op\u0161tina Priboj<\/figcaption><\/figure>\n<p>Izbor najbolje fotografije obavljen je javno, glasanjem preko dru\u0161tvenih mre\u017ea Facebook i Instagram profila Zavi\u010dajnog muzeja Priboj, gde su fotografije objavljivane po redosledu pristizanja.<\/p>\n<p>Prvo mesto pripalo je fotografiji \u201ePogled sa Panje Glave na Novi Priboj\u201c autorke Emanuele \u041aulinovi\u0107, drugo mesto zauzela je fotografija \u201eDruga\u010diji Priboj iznad magle\u201c autora Luke Milo\u0161evi\u0107a a tre\u0107e mesto fotografija \u201ePriboj na dlanu\u201c autorke Ivanke Bukvi\u0107.<\/p>\n<p>Od 12 prvoplasiranih fotografija bi\u0107e ura\u0111en i kalendar Op\u0161tine Priboj, plan je da ovaj konkurs postane tradicija, jer se u nasle\u0111e ostavljaju foto zapisi u vremenu na\u0161eg grada, a ove fotografije na najbolji na\u010din i promovi\u0161u turisti\u010dke potencijele Priboja.<\/p>\n<p>Izlo\u017eba najboljih fotografija Priboja, u galeriji Zavi\u010dajnog muzeja, do 1.marta.\u00a0<\/p>\n<p>PP Media<\/p>\n<footer class=\"entry-meta\">\n\t\t<a href=\"https:\/\/ppmedia.rs\/category\/drustvo\/\" rel=\"category tag noopener\" target=\"_blank\">DRU\u0160TVO<\/a>\t\t<\/p>\n<p>\u041e\u0437\u043d\u0430\u043a\u0435: <a href=\"https:\/\/ppmedia.rs\/tag\/kalendar-priboja\/\" rel=\"tag noopener\" target=\"_blank\">kalendar priboja<\/a>, <a href=\"https:\/\/ppmedia.rs\/tag\/priboj\/\" rel=\"tag noopener\" target=\"_blank\">PRIBOJ<\/a>, <a href=\"https:\/\/ppmedia.rs\/tag\/to-priboj\/\" rel=\"tag noopener\" target=\"_blank\">TO Priboj<\/a>, <a href=\"https:\/\/ppmedia.rs\/tag\/vesti-priboj\/\" rel=\"tag noopener\" target=\"_blank\">vesti priboj<\/a><\/p>\n<\/footer>\n<p><!-- .entry-meta --><\/p><\/div>\n<p><!-- .entry-content -->\n<\/div>\n<p><a href=\"https:\/\/ppmedia.rs\/pribojci-od-najlepsih-fotografija-grada-prave-kalendar\/\" target=\"_blank\" rel=\"noopener\">Source link <\/a><br \/>\n\n Pribojci od najlep\u0161ih fotografija grada prave kalendar<\/p>\n","protected":false},"excerpt":{"rendered":"<p>Priboj \u2013 Jednu lepu ideju, da se zabele\u017ei trag u vremenu i mladim nara\u0161tajima ostavi u nasle\u0111e, krajem pro\u0161le godine,&hellip;<\/p>\n","protected":false},"author":1,"featured_media":5267,"comment_status":"open","ping_status":"open","sticky":false,"template":"","format":"standard","meta":{"footnotes":""},"categories":[1],"tags":[],"class_list":["post-5266","post","type-post","status-publish","format-standard","has-post-thumbnail","hentry","category-oglasi-priboj"],"_links":{"self":[{"href":"https:\/\/oglasi.infooglasi.rs\/oglasi\/oglasipriboj\/wp-json\/wp\/v2\/posts\/5266","targetHints":{"allow":["GET"]}}],"collection":[{"href":"https:\/\/oglasi.infooglasi.rs\/oglasi\/oglasipriboj\/wp-json\/wp\/v2\/posts"}],"about":[{"href":"https:\/\/oglasi.infooglasi.rs\/oglasi\/oglasipriboj\/wp-json\/wp\/v2\/types\/post"}],"author":[{"embeddable":true,"href":"https:\/\/oglasi.infooglasi.rs\/oglasi\/oglasipriboj\/wp-json\/wp\/v2\/users\/1"}],"replies":[{"embeddable":true,"href":"https:\/\/oglasi.infooglasi.rs\/oglasi\/oglasipriboj\/wp-json\/wp\/v2\/comments?post=5266"}],"version-history":[{"count":0,"href":"https:\/\/oglasi.infooglasi.rs\/oglasi\/oglasipriboj\/wp-json\/wp\/v2\/posts\/5266\/revisions"}],"wp:featuredmedia":[{"embeddable":true,"href":"https:\/\/oglasi.infooglasi.rs\/oglasi\/oglasipriboj\/wp-json\/wp\/v2\/media\/5267"}],"wp:attachment":[{"href":"https:\/\/oglasi.infooglasi.rs\/oglasi\/oglasipriboj\/wp-json\/wp\/v2\/media?parent=5266"}],"wp:term":[{"taxonomy":"category","embeddable":true,"href":"https:\/\/oglasi.infooglasi.rs\/oglasi\/oglasipriboj\/wp-json\/wp\/v2\/categories?post=5266"},{"taxonomy":"post_tag","embeddable":true,"href":"https:\/\/oglasi.infooglasi.rs\/oglasi\/oglasipriboj\/wp-json\/wp\/v2\/tags?post=5266"}],"curies":[{"name":"wp","href":"https:\/\/api.w.org\/{rel}","templated":true}]}}