{"id":5294,"date":"2024-02-28T02:19:41","date_gmt":"2024-02-28T01:19:41","guid":{"rendered":"https:\/\/oglasi.infooglasi.rs\/oglasi\/oglasipriboj\/gasic-najavio-odlazak-u-priboj-odgovorio-poslanici-dveri-zasto-je-pucnjavu-kod-mladenovca-nazvao-terorizmom-politika-oglasi-priboj\/"},"modified":"2024-02-28T02:19:41","modified_gmt":"2024-02-28T01:19:41","slug":"gasic-najavio-odlazak-u-priboj-odgovorio-poslanici-dveri-zasto-je-pucnjavu-kod-mladenovca-nazvao-terorizmom-politika-oglasi-priboj","status":"publish","type":"post","link":"https:\/\/oglasi.infooglasi.rs\/oglasi\/oglasipriboj\/gasic-najavio-odlazak-u-priboj-odgovorio-poslanici-dveri-zasto-je-pucnjavu-kod-mladenovca-nazvao-terorizmom-politika-oglasi-priboj\/","title":{"rendered":"Ga\u0161i\u0107 najavio odlazak u Priboj, odgovorio poslanici Dveri za\u0161to je pucnjavu kod Mladenovca nazvao terorizmom &#8211; Politika &#8211; OGLASI PRIBOJ"},"content":{"rendered":"<p><\/p>\n<div>\n<div class=\"font-medium post-intro-content content\">\n<p>Ministar unutra\u0161njih poslova Bratislav Ga\u0161i\u0107 najavio je danas da \u0107e u sredu biti na kolegijumu u Policijskoj upravi Priboj, povodom incidenta u kome je u\u010destvovao policajac za kojim je MUP raspisao potragu sumnji\u010de\u0107i ga za ubistvo E. \u0106. iz tog grada.<\/p>\n<\/div>\n<p>\u201ePreduzete su sve radnje da po\u010dinilac ovog te\u0161kog krivi\u010dnog dela bude priveden poznanju pravde\u201c, rekao je Ga\u0161i\u0107 u Skup\u0161tini Srbije, odgovaraju\u0107i na pitanje poslanika Socijaldemokratske partije Srbije Muamera Ba\u010devca.<\/p>\n<p>Ba\u010devac je na sednici Skup\u0161tine ukazao da je danas u op\u0161tini Priboj dan \u017ealosti zbog smrti E. \u0106, dok policija traga za policajcem koji se sumnji\u010di da ga je vi\u0161e puta udarao u kafani, zbog \u010dega je E. \u0106. preminuo u bolnici.<\/p>\n<p>Poslanik SDPS podsetio je i na slu\u010daj kada su policajci u Priboju pevali pesmu koja veli\u010da zlo\u010din u Srebrenici.<\/p>\n<p>Odgovaraju\u0107i na pitanje poslanice Dveri Tamare Milenkovi\u0107 Kerkovi\u0107 zbog \u010dega je zlo\u010din u Mladenovcu odmah okarakterisan kao terorizam i po kom kriterijumu, Ga\u0161i\u0107 je rekao da je doga\u0111aj u Mladenovcu izazvao veliko uznemirenje gra\u0111ana, a da zakon propisuje da \u201eko u nameri da izazove veliki strah u\u010dini krivi\u010dnu radnju smatra se krivi\u010dno delo terorizma\u201c.<\/p>\n<p>On je istakao da je u Mladenovcu MUP postupao \u201eapsolutno maksimalno profesionalno i posve\u0107eno\u201c.<\/p>\n<p>\u201eNa\u0161e jedinice su stigle 15 minuta posle krivi\u010dnog dela. Istog trenutka su blokirani svi putni pravci. To je teritorija od vi\u0161e desetina kvadratnih kilometara. Na\u0161e jedinice su pretra\u017eivale metar po metar. Jedan deo jedinica bio je usmeren na njegove veze i na njegovu porodicu\u201c, rekao je Ga\u0161i\u0107.<\/p>\n<p>On je, komentari\u0161u\u0107i ocene da policija nije uradila ni\u0161ta jer su se po\u010dinioci masovnih ubistava sami predali, pitao \u0161ta je trebalo da urade.<\/p>\n<p>\u201eMi smo ih uhapsili. \u0160ta je trebalo \u2013 da ih ubijemo, da budemo isti kao oni\u201c, pitao je Ga\u0161i\u0107.<\/p>\n<p>On je dodao i da je O\u0160 \u201eVladislav Ribnikar\u201c imala sve mere koje se predla\u017eu i video nadzor i \u0161kolskog policajca.<\/p>\n<p>Odgovaraju\u0107i poslaniku Demokratske stranke Zorau Lutovcu, Ga\u0161i\u0107 je rekao da se \u010desto pominje uzbunjiva\u010d iz \u201eKru\u0161ika\u201c, ali da su \u201eMUP i Bezbednosno informativna agencija odradili kompletnu analizu, unazad 10 godina pro\u0161li kroz poslovanje \u201eKru\u0161ika\u201c\u201c.<\/p>\n<p>Zoga \u0161to vi ho\u0107ete da prika\u017eete kao kriminal nije bilo na taj na\u010din, rekao je Ga\u0161i\u0107.<\/p>\n<p>On je naveo i da, kad Srpska napredna stranka organizuje \u201eop\u0161tenarodni miting\u201c, ima pretnji da \u0107e neko da zapre\u010di put \u2013 u Zrenjaninu, u Loznici.<\/p>\n<p>Ga\u0161i\u0107 je pitao opoziciju zbog \u010dega nije osudila ju\u010dera\u0161nji napad na analiti\u010dara Dejana Vuka Stankovi\u0107a i dodao da su sva tri napada\u010da na njega privedeni i da \u0107e biti predati tu\u017eila\u0161tvu.<\/p>\n<p>\u201ePa ko to izaziva nasilje\u201c, pitao je Ga\u0161i\u0107.<\/p>\n<p>On je svima koji govore o tome da je Uro\u0161 Pani\u0107, koji je divljao lamborginijem po ulicama Beograda, kum\u010de predsednika Srbije Aleksandra Vu\u010di\u0107a, poru\u010dio da Pani\u0107 nije kum predsednika Vu\u010di\u0107a, da je on poznavao Petra Pani\u0107a, da mu je on poznanik, ali \u201enikakav kum nije\u201c.<\/p>\n<p>\u201eNe mo\u017ee policija da reaguje samo na snimak, moramo da imamo bi\u0107e krivi\u010dnog dela\u201c, rekao je Ga\u0161i\u0107.<\/p>\n<div class=\"post-disclaimer\">\n<p><strong><em>Pratite nas na na\u0161oj <a href=\"https:\/\/www.facebook.com\/www.danas.rs\" target=\"_blank\" rel=\"noopener external noreferrer\" data-wpel-link=\"external\">Facebook<\/a> i <a href=\"https:\/\/www.instagram.com\/danas.rs\/?hl=en\" target=\"_blank\" rel=\"noopener external noreferrer\" data-wpel-link=\"external\">Instagram<\/a> stranici, ali i na <a href=\"https:\/\/twitter.com\/OnlineDanas\" target=\"_blank\" rel=\"noopener external noreferrer\" data-wpel-link=\"external\">Twitter<\/a> nalogu. Pretplatite se na <a href=\"https:\/\/klub.danas.rs\/\" target=\"_blank\" rel=\"noopener external noreferrer\" data-wpel-link=\"external\">PDF izdanje lista Danas<\/a>.<\/em><\/strong><\/p>\n<\/div>\n<\/div>\n<p><script async src=\"\/\/platform.twitter.com\/widgets.js\" charset=\"utf-8\"><\/script><script async defer src=\"https:\/\/platform.instagram.com\/en_US\/embeds.js\"><\/script><br \/>\n<br \/><a href=\"https:\/\/www.danas.rs\/vesti\/politika\/gasic-najavio-odlazak-u-priboj-odgovorio-poslanici-dveri-zasto-je-pucnjavu-kod-mladenovca-nazvao-terorizmom\/\" target=\"_blank\" rel=\"noopener\">Source link <\/a><br \/>\n\n Ga\u0161i\u0107 najavio odlazak u Priboj, odgovorio poslanici Dveri za\u0161to je pucnjavu kod Mladenovca nazvao terorizmom &#8211; Politika<\/p>\n","protected":false},"excerpt":{"rendered":"<p>Ministar unutra\u0161njih poslova Bratislav Ga\u0161i\u0107 najavio je danas da \u0107e u sredu biti na kolegijumu u Policijskoj upravi Priboj, povodom&hellip;<\/p>\n","protected":false},"author":1,"featured_media":5295,"comment_status":"open","ping_status":"open","sticky":false,"template":"","format":"standard","meta":{"footnotes":""},"categories":[1],"tags":[],"class_list":["post-5294","post","type-post","status-publish","format-standard","has-post-thumbnail","hentry","category-oglasi-priboj"],"_links":{"self":[{"href":"https:\/\/oglasi.infooglasi.rs\/oglasi\/oglasipriboj\/wp-json\/wp\/v2\/posts\/5294","targetHints":{"allow":["GET"]}}],"collection":[{"href":"https:\/\/oglasi.infooglasi.rs\/oglasi\/oglasipriboj\/wp-json\/wp\/v2\/posts"}],"about":[{"href":"https:\/\/oglasi.infooglasi.rs\/oglasi\/oglasipriboj\/wp-json\/wp\/v2\/types\/post"}],"author":[{"embeddable":true,"href":"https:\/\/oglasi.infooglasi.rs\/oglasi\/oglasipriboj\/wp-json\/wp\/v2\/users\/1"}],"replies":[{"embeddable":true,"href":"https:\/\/oglasi.infooglasi.rs\/oglasi\/oglasipriboj\/wp-json\/wp\/v2\/comments?post=5294"}],"version-history":[{"count":0,"href":"https:\/\/oglasi.infooglasi.rs\/oglasi\/oglasipriboj\/wp-json\/wp\/v2\/posts\/5294\/revisions"}],"wp:featuredmedia":[{"embeddable":true,"href":"https:\/\/oglasi.infooglasi.rs\/oglasi\/oglasipriboj\/wp-json\/wp\/v2\/media\/5295"}],"wp:attachment":[{"href":"https:\/\/oglasi.infooglasi.rs\/oglasi\/oglasipriboj\/wp-json\/wp\/v2\/media?parent=5294"}],"wp:term":[{"taxonomy":"category","embeddable":true,"href":"https:\/\/oglasi.infooglasi.rs\/oglasi\/oglasipriboj\/wp-json\/wp\/v2\/categories?post=5294"},{"taxonomy":"post_tag","embeddable":true,"href":"https:\/\/oglasi.infooglasi.rs\/oglasi\/oglasipriboj\/wp-json\/wp\/v2\/tags?post=5294"}],"curies":[{"name":"wp","href":"https:\/\/api.w.org\/{rel}","templated":true}]}}