{"id":5421,"date":"2024-07-06T21:13:55","date_gmt":"2024-07-06T19:13:55","guid":{"rendered":"https:\/\/oglasi.infooglasi.rs\/oglasi\/oglasipriboj\/vrata-pakla-kod-priboja-prijepoljska-deponija-ekoloska-bomba-oglasi-priboj\/"},"modified":"2024-07-06T21:13:55","modified_gmt":"2024-07-06T19:13:55","slug":"vrata-pakla-kod-priboja-prijepoljska-deponija-ekoloska-bomba-oglasi-priboj","status":"publish","type":"post","link":"https:\/\/oglasi.infooglasi.rs\/oglasi\/oglasipriboj\/vrata-pakla-kod-priboja-prijepoljska-deponija-ekoloska-bomba-oglasi-priboj\/","title":{"rendered":"\u201eVrata pakla\u201c kod Priboja \u2013 prijepoljska deponija ekolo\u0161ka bomba &#8211; OGLASI PRIBOJ"},"content":{"rendered":"<p><\/p>\n<div>\n<p>Ekolo\u0161ka ravnote\u017ea odavno je naru\u0161ena u dolini Lima. Tu se nakupilo sve \u0161to ljudima nije potrebno od Plava do pribojske hidrocentrale. Toga smo postali svesni posebno ovog leta kada smo primorani da odmor provedemo u Srbiji, a u vrelim danima kraj sve\u017ee vode Lima mogli smo samo da se slikamo. Odgovornost nije samo na pojedincima, ve\u0107 i na nadle\u017enima koji bi trebalo da upravljaju otpadom.<\/p>\n<figure class=\"wp-block-video\"><video class=\"lazyload\" controls=\"\" data-src=\"https:\/\/www.rts.rs\/upload\/storyBoxFileData\/2020\/08\/22\/17030769\/lim-220820.mp4\"\/><\/figure>\n<p>Gledano sa visine, priroda lepotom zaustavlja dah, a iz \u010damca ekolo\u0161ka katastrofa. Godinama se zaga\u0111uje i ru\u017ei Potpe\u0107ko jezero koje je nekada bilo raj za kupa\u010de. Ekolozi obe\u0107avaju da \u0107e uskoro postaviti sajlu uz pomo\u0107 koje \u0107e lak\u0161e uklanjati otpad koji sti\u017ee iz pet crnogorskih op\u0161tina i Prijepolja.<\/p>\n<p>Sini\u0161a Lakovi\u0107 iz ekolo\u0161kog udru\u017eenja \u201eJastreb\u201c iz Priboja smatra da bi trebalo zabraniti deponovanje sme\u0107a na obalu Lima. To bi bilo jedino trajno re\u0161enje.\u00a0<\/p>\n<p>Prema njegovim re\u010dima Priboj je ugro\u017een po\u0161to je poslednja op\u0161tina u Srbiji kroz koju proti\u010de Lim. Sve \u0161to se u reku baci do\u0111e do tog grada.<\/p>\n<p>\u201eMi smo svesni da ovo nije trajno re\u0161enje, ali je bolje re\u0161enje nego sada kako je\u201c, ka\u017ee Lakovi\u0107.<\/p>\n<p>Prijepoljska deponija je ekolo\u0161ka bomba. Jo\u0161 jedna, ne\u0161to manja, je uz Lim i na teritoriji pribojske op\u0161tine.<\/p>\n<p>Na gradskoj deponiji \u201eDuboko\u201c u Drugli\u0107ima odla\u017ee se otpad iz Priboja i susedne op\u0161tine Nove Varo\u0161i. Iako ovo sme\u0107e ne zavr\u0161ava u Limu, svakodnevni su po\u017eari i \u0161iri se dim. Pribojci deponiju zbog toga nazivaju i \u201eVrata pakla\u201c.<\/p>\n<p>Neodgovorno pona\u0161anje sa otpadom udaljava Srbiju od evropskog puta.<\/p>\n<p>\u201eTo celo 27. poglavlje je toliko daleko i od ljudi i od lokalnih samouprava koje nemaju resurse bez pomo\u0107i ministarstva, dr\u017eave, Evropske unije i umre\u017eeno tripartitno Srbije, Bosne i Hercegovine i Crne Gore, da bi re\u0161ili ovaj problem\u201c, nagla\u0161ava Goran Rekovi\u0107 iz Udru\u017eenja gra\u0111ana \u201ePrimus\u201c iz Priboja.<\/p>\n<p>Kao mogu\u0107e re\u0161enje odavno je pripremljen projekat za izgradnju regionalne deponije, ali ga ko\u010di nesposobnost tri op\u0161tine i nadle\u017enog ministarstva, ka\u017ee prvi \u010dovek Priboja.<\/p>\n<p>\u201eImate \u2018Stanjevinu\u2019 i imate nere\u0161eno pitanje preduze\u0107a koje treba da gazduje regionalnom sanitarnom deponijom. Imate ignoranciju ministarstva. Kad op\u0161tine nisu sposobne, o\u010digledno vidite da nisu sposobne da vode tako zna\u010dajan projekat. To je du\u017enost i obaveza ministarstva da radi. Oni su otprilike voleli da se slikaju, da prave neke projekte koji nemaju veze sa su\u0161tinom\u201c, ka\u017ee Lazar Rvovi\u0107 predsednik op\u0161tine Priboj.<\/p>\n<p>Voleli bi gra\u0111ani i da se kao nekad okupaju u Limu, ali im je zbog svega \u0161to nosi voda, ostalo samo da se slikaju na obali.<\/p>\n<\/p><\/div>\n<p><a href=\"https:\/\/www.pribojskabanja.info\/vrata-pakla-kod-priboja-prijepoljska-deponija-ekoloska-bomba\/\" target=\"_blank\" rel=\"noopener\">Source link <\/a><br \/>\n\n \u201eVrata pakla\u201c kod Priboja \u2013 prijepoljska deponija ekolo\u0161ka bomba<\/p>\n","protected":false},"excerpt":{"rendered":"<p>Ekolo\u0161ka ravnote\u017ea odavno je naru\u0161ena u dolini Lima. Tu se nakupilo sve \u0161to ljudima nije potrebno od Plava do pribojske&hellip;<\/p>\n","protected":false},"author":1,"featured_media":5422,"comment_status":"open","ping_status":"open","sticky":false,"template":"","format":"standard","meta":{"footnotes":""},"categories":[1],"tags":[],"class_list":["post-5421","post","type-post","status-publish","format-standard","has-post-thumbnail","hentry","category-oglasi-priboj"],"_links":{"self":[{"href":"https:\/\/oglasi.infooglasi.rs\/oglasi\/oglasipriboj\/wp-json\/wp\/v2\/posts\/5421","targetHints":{"allow":["GET"]}}],"collection":[{"href":"https:\/\/oglasi.infooglasi.rs\/oglasi\/oglasipriboj\/wp-json\/wp\/v2\/posts"}],"about":[{"href":"https:\/\/oglasi.infooglasi.rs\/oglasi\/oglasipriboj\/wp-json\/wp\/v2\/types\/post"}],"author":[{"embeddable":true,"href":"https:\/\/oglasi.infooglasi.rs\/oglasi\/oglasipriboj\/wp-json\/wp\/v2\/users\/1"}],"replies":[{"embeddable":true,"href":"https:\/\/oglasi.infooglasi.rs\/oglasi\/oglasipriboj\/wp-json\/wp\/v2\/comments?post=5421"}],"version-history":[{"count":0,"href":"https:\/\/oglasi.infooglasi.rs\/oglasi\/oglasipriboj\/wp-json\/wp\/v2\/posts\/5421\/revisions"}],"wp:featuredmedia":[{"embeddable":true,"href":"https:\/\/oglasi.infooglasi.rs\/oglasi\/oglasipriboj\/wp-json\/wp\/v2\/media\/5422"}],"wp:attachment":[{"href":"https:\/\/oglasi.infooglasi.rs\/oglasi\/oglasipriboj\/wp-json\/wp\/v2\/media?parent=5421"}],"wp:term":[{"taxonomy":"category","embeddable":true,"href":"https:\/\/oglasi.infooglasi.rs\/oglasi\/oglasipriboj\/wp-json\/wp\/v2\/categories?post=5421"},{"taxonomy":"post_tag","embeddable":true,"href":"https:\/\/oglasi.infooglasi.rs\/oglasi\/oglasipriboj\/wp-json\/wp\/v2\/tags?post=5421"}],"curies":[{"name":"wp","href":"https:\/\/api.w.org\/{rel}","templated":true}]}}