{"id":5487,"date":"2024-09-08T09:00:24","date_gmt":"2024-09-08T07:00:24","guid":{"rendered":"https:\/\/oglasi.infooglasi.rs\/oglasi\/oglasipriboj\/fhp-institucije-ohrabruju-zastrasivanje-i-sirenje-nacionalne-mrznje-u-javnom-prostoru-drustvo-oglasi-priboj\/"},"modified":"2024-09-08T09:00:24","modified_gmt":"2024-09-08T07:00:24","slug":"fhp-institucije-ohrabruju-zastrasivanje-i-sirenje-nacionalne-mrznje-u-javnom-prostoru-drustvo-oglasi-priboj","status":"publish","type":"post","link":"https:\/\/oglasi.infooglasi.rs\/oglasi\/oglasipriboj\/fhp-institucije-ohrabruju-zastrasivanje-i-sirenje-nacionalne-mrznje-u-javnom-prostoru-drustvo-oglasi-priboj\/","title":{"rendered":"FHP: Institucije ohrabruju zastra\u0161ivanje i \u0161irenje nacionalne mr\u017enje u javnom prostoru &#8211; Dru\u0161tvo &#8211; OGLASI PRIBOJ"},"content":{"rendered":"<p><\/p>\n<div>\n<div class=\"font-medium post-intro-content content\">\n<p>Povodom sve u\u010destalijeg ispoljavanja nacionalne mr\u017enje u javnom prostoru i zastra\u0161ivanja manjina, Fond za humanitarno pravo (FHP) osu\u0111uje odnos dr\u017eavnih institucija prema ovim incidentima, koji se sastoji u njihovom pre\u0107utnom ili eksplicitnom odobravanju i ohrabrivanju.<\/p>\n<\/div>\n<p>Kako ukazuju iz ove nevladine organizacije u dana\u0161njem saop\u0161tenju, Republika Srbija nastavlja sa zvani\u010dnom politikom negiranja ratnih zlo\u010dina, slavljenja zlo\u010dinaca i samoviktimizacije, \u010dime doprinosi eskalaciji nacionalne i verske mr\u017enje kojoj svedo\u010dimo u poslednje vreme.<\/p>\n<p>FHP podse\u0107a da su tokom devedesetih godina pripadnici srpskih snaga po\u010dinili te\u0161ke zlo\u010dine nad stanovni\u0161tvom Sand\u017eaka, uklju\u010duju\u0107i otmice, ubistva, policijsku torturu i druga sistemska kr\u0161enja ljudskih prava, koje je FHP dokumentovao i predstavio u izve\u0161tajima \u201ePod lupom\u201c.<\/p>\n<p>Neke od najstra\u0161nijih zlo\u010dina nad sand\u017ea\u010dkim Muslimanima \u2013 poput otmice i ubistva putnika iz autobusa iz Sjeverina i putnika iz voza u \u0160trpcima \u2013 po\u010dinili su pripadnici Vojske Republike Srpske (VRS).<\/p>\n<p>\u201cTrideset godina kasnije, ve\u0107ina porodica \u017ertava ova dva zlo\u010dina nije prona\u0161la posmrtne ostatke svojih najbli\u017eih, a zbog diskriminatornih zakona Republike Srbije, ne uspevaju ni da dobiju status \u010dlanova porodica civilnih \u017ertava rata, koji bi im omogu\u0107io priznanje zlo\u010dina i skromnu materijalnu naknadu. Pored toga, stanovnici Sand\u017eaka suo\u010deni su sa zastra\u0161ivanjem i govorom mr\u017enje u javnom prostoru, koji po mnogo \u010demu podse\u0107a na atmosferu od pre 30 godina\u201d, ukazuju u FHP-u.<\/p>\n<p>U prvim danima ove godine, podse\u0107aju iz ove NVO, objavljen je snimak pripadnika Policijske uprave Priboj kako pevaju pesme kojima se poziva na novi genocid i zlo\u010dine protiv \u010dove\u010dnosti, \u201enakon pritiska javnosti, protiv policajaca sa snimka je pokrenut disciplinski postupak koji, kao blaga mera, negira ozbiljnost ovog incidenta\u201c.<\/p>\n<p>Iz FHP ukazuju i da je nekoliko dana kasnije, na pravoslavno Badnje ve\u010de, na ulicama Priboja grupa ljudi pevala \u201eBo\u017ei\u0107 je, Bo\u017ei\u0107 je, pucaj u d\u017eamije\u201c, nose\u0107i baklje i pale\u0107i pirotehni\u010dka sredstva.<\/p>\n<p>\u201ePolicija je navodno identifikovala osamnaestogodi\u0161njeg mladi\u0107a koji se jedini jasno vidi na snimku, i o doga\u0111aju je obave\u0161teno nadle\u017eno tu\u017eila\u0161tvo. Ovakvo \u0161irenje verske mr\u017enje nije delo usamljenog pojedinca, iako imamo razloga da verujemo da \u0107e ga nadle\u017ene institucije tako tretirati\u201c, smatraju u FHP-u.<\/p>\n<p>Dodaju da je i u Novom Pazaru pravoslavni Bo\u017ei\u0107 je \u201eproslavljen\u201c uz zastra\u0161ivanje i nacionalisti\u010dke performanse.<\/p>\n<p>\u201e\u010clanica Predsedni\u010dkog kolegijuma Srpske radikalne stranke (SRS) objavila je na svom Tviter nalogu snimak ve\u0107e grupe mu\u0161karaca koji na novopazarskim ulicama pale baklje uz pesmu \u201eZa krst \u010dasni i slobodu zlatnu\u201c. Imaju\u0107i u vidu da je Novi Pazar multietni\u010dki grad u kojem ve\u0107inu \u010dine Bo\u0161njaci, i da pomenuti performans deluje organizovano i planirano, postavlja se pitanje da li \u0107e dr\u017eavne institucije preduzeti ne\u0161to da ovakvo pona\u0161anje ubudu\u0107e spre\u010de\u201c, navode u FHP-u.<\/p>\n<p>Kako nagla\u0161avaju, dok na \u0161irenje nacionalne mr\u017enje u Sand\u017eaku institucije ili ne reaguju, ili reaguju sa zaka\u0161njenjem i preblago, gotovo ceo dr\u017eavni vrh Srbije je 9. januara u Banjaluci prisustvovao obele\u017eavanju Dana Republike Srpske, koji je u vi\u0161e navrata progla\u0161en neustavnim.<\/p>\n<p>\u201eNa policijskoj paradi, koja je po militantnosti podse\u0107ala na vojnu, dr\u017eavni zvani\u010dnici Srbije stajali su na po\u010dasnoj bini sa Vinkom Pandurevi\u0107em, osu\u0111enim za ratne zlo\u010dine po\u010dinjene u Srebrenici. Pandurevi\u0107 \u017eivi u Srbiji, \u010dest je gost TV emisija, a pre nepunih mesec dana odlikovan je vojnom spomenicom, koju mu je uru\u010dio na\u010delnik General\u0161taba Vojske Srbije\u201c, obja\u0161njavaju u FHP-u.<\/p>\n<p>Dodaju i da je predsednica Vlade Srbije Ana Brnabi\u0107 izjavila povodom neustavnog praznika da je \u201eRepublika Srpska plod \u017eelje srpskog naroda da se spre\u010de zlo\u010dini koji su nad srpskim narodom po\u010dinjeni tokom Drugog svetskog rata.\u201c<\/p>\n<p>\u201eOvaj narativ bio je dominantan i devedesetih godina i slu\u017eio je za legitimizaciju osvaja\u010dkih pohoda srpskih vlasti. Povezivanje Drugog svetskog rata i ratova devedesetih u neprekinutu celinu doprinosi relativizaciji ratnih zlo\u010dina, predstavljaju\u0107i ih kao samoodbranu. Izjava predsednice Vlade posebno je \u0161tetna u kontekstu negiranja zlo\u010dina koje su srpske snage po\u010dinile tokom rata u BiH, a koje je zvani\u010dna politika Srbije\u201c, isti\u010du u FHP-u.<\/p>\n<p>Nagla\u0161avaju da sve \u010de\u0161\u0107e javno \u0161irenje nacionalne mr\u017enje, veli\u010danje zlo\u010dinaca i pozivanje na rat stvara atmosferu straha u kojoj mnogi opravdano strepe od izbijanja novih oru\u017eanih sukoba.<\/p>\n<p>\u201cZvani\u010dna politika se\u0107anja na ratove devedesetih, zasnovana na poricanju i relativizaciji zlo\u010dina koje su po\u010dinile srpske snage, zna\u010dajno doprinosi ovakvoj atmosferi\u201d, ukazuju u Fondu za humanitarno pravo i zahtevaju od institucija Srbije da prekinu sa praksom negiranja zlo\u010dina, kao i poricanja sistemskog karaktera nacionalne mr\u017enje, i da zastra\u0161ivanje i pozive na nasilje sankcioni\u0161u na adekvatan na\u010din.<\/p>\n<div class=\"post-disclaimer\">\n<p><strong><em>Pratite nas na na\u0161oj <a href=\"https:\/\/www.facebook.com\/www.danas.rs\" target=\"_blank\" rel=\"noopener external noreferrer\" data-wpel-link=\"external\">Facebook<\/a> i <a href=\"https:\/\/www.instagram.com\/danas.rs\/?hl=en\" target=\"_blank\" rel=\"noopener external noreferrer\" data-wpel-link=\"external\">Instagram<\/a> stranici, ali i na <a href=\"https:\/\/twitter.com\/OnlineDanas\" target=\"_blank\" rel=\"noopener external noreferrer\" data-wpel-link=\"external\">X<\/a> nalogu. Pretplatite se na <a href=\"https:\/\/klub.danas.rs\/\" target=\"_blank\" rel=\"noopener external noreferrer\" data-wpel-link=\"external\">PDF izdanje lista Danas<\/a>.<\/em><\/strong><\/p>\n<\/div>\n<\/div>\n<p><script async src=\"\/\/platform.twitter.com\/widgets.js\" charset=\"utf-8\"><\/script><script async defer src=\"https:\/\/platform.instagram.com\/en_US\/embeds.js\"><\/script><br \/>\n<br \/><a href=\"https:\/\/www.danas.rs\/vesti\/drustvo\/fhp-institucije-ohrabruju-zastrasivanje-i-sirenje-nacionalne-mrznje-u-javnom-prostoru\/\" target=\"_blank\" rel=\"noopener\">Source link <\/a><br \/>\n\n FHP: Institucije ohrabruju zastra\u0161ivanje i \u0161irenje nacionalne mr\u017enje u javnom prostoru &#8211; Dru\u0161tvo<\/p>\n","protected":false},"excerpt":{"rendered":"<p>Povodom sve u\u010destalijeg ispoljavanja nacionalne mr\u017enje u javnom prostoru i zastra\u0161ivanja manjina, Fond za humanitarno pravo (FHP) osu\u0111uje odnos dr\u017eavnih&hellip;<\/p>\n","protected":false},"author":1,"featured_media":5488,"comment_status":"open","ping_status":"open","sticky":false,"template":"","format":"standard","meta":{"footnotes":""},"categories":[1],"tags":[],"class_list":["post-5487","post","type-post","status-publish","format-standard","has-post-thumbnail","hentry","category-oglasi-priboj"],"_links":{"self":[{"href":"https:\/\/oglasi.infooglasi.rs\/oglasi\/oglasipriboj\/wp-json\/wp\/v2\/posts\/5487","targetHints":{"allow":["GET"]}}],"collection":[{"href":"https:\/\/oglasi.infooglasi.rs\/oglasi\/oglasipriboj\/wp-json\/wp\/v2\/posts"}],"about":[{"href":"https:\/\/oglasi.infooglasi.rs\/oglasi\/oglasipriboj\/wp-json\/wp\/v2\/types\/post"}],"author":[{"embeddable":true,"href":"https:\/\/oglasi.infooglasi.rs\/oglasi\/oglasipriboj\/wp-json\/wp\/v2\/users\/1"}],"replies":[{"embeddable":true,"href":"https:\/\/oglasi.infooglasi.rs\/oglasi\/oglasipriboj\/wp-json\/wp\/v2\/comments?post=5487"}],"version-history":[{"count":0,"href":"https:\/\/oglasi.infooglasi.rs\/oglasi\/oglasipriboj\/wp-json\/wp\/v2\/posts\/5487\/revisions"}],"wp:featuredmedia":[{"embeddable":true,"href":"https:\/\/oglasi.infooglasi.rs\/oglasi\/oglasipriboj\/wp-json\/wp\/v2\/media\/5488"}],"wp:attachment":[{"href":"https:\/\/oglasi.infooglasi.rs\/oglasi\/oglasipriboj\/wp-json\/wp\/v2\/media?parent=5487"}],"wp:term":[{"taxonomy":"category","embeddable":true,"href":"https:\/\/oglasi.infooglasi.rs\/oglasi\/oglasipriboj\/wp-json\/wp\/v2\/categories?post=5487"},{"taxonomy":"post_tag","embeddable":true,"href":"https:\/\/oglasi.infooglasi.rs\/oglasi\/oglasipriboj\/wp-json\/wp\/v2\/tags?post=5487"}],"curies":[{"name":"wp","href":"https:\/\/api.w.org\/{rel}","templated":true}]}}