{"id":5538,"date":"2024-10-16T06:44:32","date_gmt":"2024-10-16T04:44:32","guid":{"rendered":"https:\/\/oglasi.infooglasi.rs\/oglasi\/oglasipriboj\/inicijativa-novi-talas-zastrasivanja-bosnjaka-u-priboju-posledica-mlake-reakcije-drzave-oglasi-priboj\/"},"modified":"2024-10-16T06:44:32","modified_gmt":"2024-10-16T04:44:32","slug":"inicijativa-novi-talas-zastrasivanja-bosnjaka-u-priboju-posledica-mlake-reakcije-drzave-oglasi-priboj","status":"publish","type":"post","link":"https:\/\/oglasi.infooglasi.rs\/oglasi\/oglasipriboj\/inicijativa-novi-talas-zastrasivanja-bosnjaka-u-priboju-posledica-mlake-reakcije-drzave-oglasi-priboj\/","title":{"rendered":"Inicijativa: Novi talas zastra\u0161ivanja Bo\u0161njaka u Priboju posledica mlake reakcije dr\u017eave &#8211; OGLASI PRIBOJ"},"content":{"rendered":"<p><img decoding=\"async\" width=\"300\" height=\"169\" src=\"https:\/\/www.danas.rs\/wp-content\/uploads\/2016\/12\/zihr-300x169.jpg\" class=\"attachment-medium size-medium wp-post-image\" alt=\"Inicijativa: Novi talas zastra\u0161ivanja Bo\u0161njaka u Priboju posledica mlake reakcije dr\u017eave 15\" style=\"float:left;margin:0 10px 10px 0\" loading=\"lazy\" title=\"Inicijativa: Novi talas zastra\u0161ivanja Bo\u0161njaka u Priboju posledica mlake reakcije dr\u017eave 15\">Inicijativa mladih za ljudska prava (YIHR) ocenila je danas da su pojava grafita sa likom Ratka Mladi\u0107a i skandiranje nacionalisti\u010dkih pesama u Priboju, uz upu\u0107ivanje pretnji efendiji u tom gradu, &#8220;direktna posledica mlake reakcije dr\u017eave na slavljenje genocida&#8221;.<br \/>\n<br \/><a href=\"https:\/\/www.danas.rs\/vesti\/drustvo\/inicijativa-novi-talas-zastrasivanja-bosnjaka-u-priboju-posledica-mlake-reakcije-drzave\/\" target=\"_blank\" rel=\"noopener\">Source link <\/a><br \/>\n\n Inicijativa: Novi talas zastra\u0161ivanja Bo\u0161njaka u Priboju posledica mlake reakcije dr\u017eave<\/p>\n","protected":false},"excerpt":{"rendered":"<p>Inicijativa mladih za ljudska prava (YIHR) ocenila je danas da su pojava grafita sa likom Ratka Mladi\u0107a i skandiranje nacionalisti\u010dkih&hellip;<\/p>\n","protected":false},"author":1,"featured_media":5539,"comment_status":"open","ping_status":"open","sticky":false,"template":"","format":"standard","meta":{"footnotes":""},"categories":[1],"tags":[],"class_list":["post-5538","post","type-post","status-publish","format-standard","has-post-thumbnail","hentry","category-oglasi-priboj"],"_links":{"self":[{"href":"https:\/\/oglasi.infooglasi.rs\/oglasi\/oglasipriboj\/wp-json\/wp\/v2\/posts\/5538","targetHints":{"allow":["GET"]}}],"collection":[{"href":"https:\/\/oglasi.infooglasi.rs\/oglasi\/oglasipriboj\/wp-json\/wp\/v2\/posts"}],"about":[{"href":"https:\/\/oglasi.infooglasi.rs\/oglasi\/oglasipriboj\/wp-json\/wp\/v2\/types\/post"}],"author":[{"embeddable":true,"href":"https:\/\/oglasi.infooglasi.rs\/oglasi\/oglasipriboj\/wp-json\/wp\/v2\/users\/1"}],"replies":[{"embeddable":true,"href":"https:\/\/oglasi.infooglasi.rs\/oglasi\/oglasipriboj\/wp-json\/wp\/v2\/comments?post=5538"}],"version-history":[{"count":0,"href":"https:\/\/oglasi.infooglasi.rs\/oglasi\/oglasipriboj\/wp-json\/wp\/v2\/posts\/5538\/revisions"}],"wp:featuredmedia":[{"embeddable":true,"href":"https:\/\/oglasi.infooglasi.rs\/oglasi\/oglasipriboj\/wp-json\/wp\/v2\/media\/5539"}],"wp:attachment":[{"href":"https:\/\/oglasi.infooglasi.rs\/oglasi\/oglasipriboj\/wp-json\/wp\/v2\/media?parent=5538"}],"wp:term":[{"taxonomy":"category","embeddable":true,"href":"https:\/\/oglasi.infooglasi.rs\/oglasi\/oglasipriboj\/wp-json\/wp\/v2\/categories?post=5538"},{"taxonomy":"post_tag","embeddable":true,"href":"https:\/\/oglasi.infooglasi.rs\/oglasi\/oglasipriboj\/wp-json\/wp\/v2\/tags?post=5538"}],"curies":[{"name":"wp","href":"https:\/\/api.w.org\/{rel}","templated":true}]}}