{"id":5571,"date":"2025-01-15T18:52:51","date_gmt":"2025-01-15T17:52:51","guid":{"rendered":"https:\/\/oglasi.infooglasi.rs\/oglasi\/oglasiraca\/izrael-i-hamas-dogovorili-primirje-u-gazi-i-pustanje-talaca-oglasi-raca\/"},"modified":"2025-01-15T18:52:51","modified_gmt":"2025-01-15T17:52:51","slug":"izrael-i-hamas-dogovorili-primirje-u-gazi-i-pustanje-talaca-oglasi-raca","status":"publish","type":"post","link":"https:\/\/oglasi.infooglasi.rs\/oglasi\/oglasiraca\/izrael-i-hamas-dogovorili-primirje-u-gazi-i-pustanje-talaca-oglasi-raca\/","title":{"rendered":"Izrael i Hamas dogovorili primirje u Gazi i pu\u0161tanje talaca &#8211; OGLASI RA\u010cA"},"content":{"rendered":"<p><\/p>\n<p>Pregovori, koji su vi\u0161e puta zapali u \u0107orsokak, kona\u010dno su doveli do re\u0161enja.<\/p>\n<div>\n<figure>         <img loading=\"lazy\" decoding=\"async\" alt=\"Palestinci slave u Kan Junisu na jugu Pojasa Gaze\" src=\"https:\/\/boom93.rs\/image\/cache\/extra-large\/files\/images\/1736962204.4651\" width=\"5500\" height=\"3667\"\/>         <\/p>\n<footer>Reuters<\/footer><figcaption>Palestinci slave u Kan Junisu na jugu Pojasa Gaze<\/figcaption><\/figure>\n<p>Izrael i Hamas su postigli dogovor o primirju u Gazi, rekli su izvori BBC bliski pregovorima. <\/p>\n<p>Indirektni pregovori u Kataru se vode od maja pro\u0161le godine i predlog primirja je na stolu ve\u0107 osam meseci.<\/p>\n<p>Zbog \u010dega je onda ba\u0161 sada profunkcionisao, nakon \u0161to je ostao zamrznut tokom osam meseci rata?<\/p>\n<p>Postoji nekoliko stvari koje su se promenile &#8211; i politi\u010dki, i na terenu.<\/p>\n<p>Prva je izbor Donald Trampa za slede\u0107eg ameri\u010dkog predsednika.<\/p>\n<p>On je zapretio da \u0107e \u201enastupiti pakao&#8221; ako taoci ne budu bili pu\u0161teni pre nego \u0161to on stupi na du\u017enost 20. januara.<\/p>\n<p>Hamas je to mogao da protuma\u010di kao znak da \u0107e \u010dak i kakve-takve ko\u010dnice koje je  administracija D\u017eozefa Bajdena koristila u poku\u0161aju da zauzda izraelsku vladu biti uklonjene, mada je te\u0161ko zamisliti \u0161ta bi to ta\u010dno moglo da zna\u010di za teritoriju koja je ve\u0107 toliko razorena za 15 meseci rata.<\/p>\n<p>Izrael tako\u0111e ose\u0107a pritisak od dolaze\u0107eg ameri\u010dkog predsednika da okon\u010da sukob u Gazi, koji preti da ugrozi Trampove nade za obezbe\u0111ivanje \u0161ireg regionalnog sporazuma i njegovog \u017eeljenog imid\u017ea predsednika koji okon\u010dava ratove.<\/p>\n<p>Rat Izraela i Hamasa traje od oktobra 2023.<\/p>\n<p>Posle iznenadnog upada ekstremisti\u010dkih grupa iz Pojasa Gaze u Izrael, kada je ubijeno 1.200 ljudi, a 251 uzet za taoce, Izrael je pokrenuo odmazdu.<\/p>\n<p>Do sada je ubijeno vi\u0161e od 46.000 ljudi u Gazi, prema palestinskim izvorima, ali se strahuje da je broj mnogo ve\u0107i.<\/p>\n<p>Od 7. oktobra 2023. godine, samo jednom je bilo postignuto primirje.<\/p>\n<p>Obustava vatre trajala je od 24. novembra do 30. novembra 2023. godine, i tada je Hamas oslobodio 105 talaca u zamenu za oko 240 palestinskih zato\u010denika u izraelskim zatvorima.<\/p>\n<figure>         <img loading=\"lazy\" decoding=\"async\" alt=\"Donald Tramp i Stiv Vitkof\" src=\"https:\/\/boom93.rs\/image\/cache\/extra-large\/files\/images\/1736962205.1675\" width=\"6000\" height=\"3377\"\/>         <\/p>\n<footer>Reuters<\/footer><figcaption>Trampov novi izaslanik za Bliski istok Stiv Vitkof pridru\u017eio se pregovorima u Dohi za vikend<\/figcaption><\/figure>\n<p>Sa druge strane, izraelski premijer Benjamin Netanjahu suo\u010dava se sa stalnim pritiskom njegove ultradesni\u010darske koalicije da nastavi rat.<\/p>\n<p>Ali Tramp bi tako\u0111e mogao da mu postane korisno sredstvo u ube\u0111ivanju njegovih saveznika da progutaju ovaj sporazum i ostanu u vladi; novi ameri\u010dki predsednik i \u010dovek kog je izabrao za izraelskog ambasadora do\u017eivljeni su kao pobornici izraelskih naselja na okupiranoj Zapadnoj obali, za koju je izraelski ultradesni\u010darski ministar finansija Bezalel Smotri\u010d rekao da \u017eeli da je anektira.<\/p>\n<p>Ali posle sastanka sa premijerom pro\u0161le no\u0107i, Smotri\u010d je delovao neuvereno, pi\u0161u\u0107i na dru\u0161tvenim mre\u017eama da je aktuelni sporazum \u201ekatastrofa&#8221; za izraelsku nacionalnu bezbednost i da ga on ne\u0107e podr\u017eati.<\/p>\n<p>Neki u Izraelu, me\u0111utim, veruju da i Smotri\u010d i njegov ultradesni\u010darski saveznik, ministar za nacionalnu bezbednost Itamar Ben-Gvir, vide aktuelnu ulogu u izraelskoj vladi kao najbolju \u0161ansu da u\u010dvrste kontrolu nad Zapadnom obalom, naro\u010dito kad se Tramp vrati u Belu ku\u0107u, i da je malo verovatno da \u0107e ostvariti pretnje ostavkom.<\/p>\n<figure>         <img loading=\"lazy\" decoding=\"async\" alt=\"Porodice talaca su u subotu 11. januara u Tel Avivu protestovale protiv neuspeha izraelske vlade da zaklju\u010di sporazum\" src=\"https:\/\/boom93.rs\/image\/cache\/extra-large\/files\/images\/1736962205.7129\" width=\"4300\" height=\"2418\"\/>         <\/p>\n<footer>Reuters<\/footer><figcaption>Porodice talaca su u subotu u Tel Avivu protestovale protiv neuspeha izraelske vlade da zaklju\u010di sporazum<\/figcaption><\/figure>\n<p>Druga najbolja stvar koja se promenila sve je ve\u0107i pritisak na Netanjahua od njegovog vlastitog vojnog establi\u0161menta.<\/p>\n<p>Na\u0161iroko se smatra da su se klju\u010dne li\u010dnosti iznova suo\u010dile sa njim oko nestaju\u0107ih vojnih ciljeva u neprekinutom ratu, posle ubistva vrhovnih vo\u0111a Hamasa i desetkovanja Gaze.<\/p>\n<p>Pro\u0161le nedelje je 10 izraelskih vojnika poginulo u Gazi, ponovo dovev\u0161i u prvi plan cenu rata po Izrael i ve\u010dito pitanje da li je \u201epotpuna pobeda&#8221; nad Hamasom koju je Netanjahu obe\u0107ao uop\u0161te mogu\u0107a.<\/p>\n<p>Neki analiti\u010dari sada sugeri\u0161u da se Hamas br\u017ee obnavlja nego \u0161to ga Izrael pora\u017eava i da stoga Izrael mora da preispita vlastitu strategiju.<\/p>\n<p>A do\u0161lo je i do tre\u0107e &#8211; regionalne &#8211; promene koja je tako\u0111e uticala na promenu ovda\u0161njih o\u010dekivanja: slabljenja i erozije Hamasovih saveznika u iranskoj Osovini otpora, od Hezbolaha u Libanu i Ba\u0161ara al Asada u Siriji, zajedno sa ubistvom Hamasovog vo\u0111e Jahje Sinvara u Gazi.<\/p>\n<figure>         <img loading=\"lazy\" decoding=\"async\" alt=\"Palestinci u Gazi, od kojih je ve\u0107ina raseljena, o\u010dajni\u010dki \u017eele okon\u010danje razornog rata\" src=\"https:\/\/boom93.rs\/image\/cache\/extra-large\/files\/images\/1736962206.1269\" width=\"3942\" height=\"2217\"\/>         <\/p>\n<footer>Reuters<\/footer><figcaption>Palestinci u Gazi, od kojih je ve\u0107ina raseljena, o\u010dajni\u010dki \u017eele okon\u010danje razornog rata<\/figcaption><\/figure>\n<p>Iz svih ovih razloga, ovaj trenutak se do\u017eivljava kao najbolja prilika posle mnogo meseci da se premosti jaz izme\u0111u Izraela i Hamasa, i da se rat privede kraju.<\/p>\n<p>Ono \u0161to se nije promenilo za osam meseci otkako su poslednji put pregovarali su jazovi izme\u0111u njih.<\/p>\n<p>Klju\u010dan je direktan sukob izme\u0111u klju\u010dnih razloga za zabrinutost Hamasa, koji \u017eeli da okon\u010da rat, i Izraela, koji \u017eeli da ostavi otvorena vrata za nastavak sukoba, bilo iz politi\u010dkih ili vojnih razloga.<\/p>\n<p>Sporazum, kao \u0161to ga je izlo\u017eio predsednik D\u017eozef Bajden u maju, podeljen je u tri faze, a stalno primirje stupa na snagu tek u drugoj fazi.<\/p>\n<p>Uspeh \u0107e sada najverovatnije zavisiti od toga da li mogu da se prona\u0111u garancije da se otklone strahovi Hamasa da \u0107e Izrael iza\u0107i iz sporazuma nakon prve faze pu\u0161tanja talaca.<\/p>\n<p>Pitanja kako upravljati teritorijom sa koje \u0107e se Izrael povu\u0107i tako\u0111e su nejasna u ovom trenutku.<\/p>\n<p>Ali diplomatska aktivnost koja je premre\u017eila region protekle nedelje i \u010dinjenica da je Netanjahu poslao \u0161efove izraelskih obave\u0161tajnih slu\u017ebi na pregovore u Dohu, zajedno sa klju\u010dnim politi\u010dkim savetnikom, ohrabruju\u0107i su znaci.<\/p>\n<p>Isto tako i odlazak za Dohu koordinatora za palestinske pritvorenike Kvadure Faresa.<\/p>\n<p>Sporazum jo\u0161 nije postignut, a pregovori su propadali i ranije.<\/p>\n<p>Ovaj stari sporazum budi nove nade delimi\u010dno zato \u0161to se pregovori odvijaju u novom regionalnom kontekstu, sa narastaju\u0107im pritiskom istovremeno sa doma\u0107eg terena i od klju\u010dnih saveznika iz inostranstva.<\/p>\n<p><em>BBC na srpskom je od sada i na Jutjubu, pratite nas <\/em><a href=\"https:\/\/www.youtube.com\/@bbcnewsnasrpskom\/videos\" target=\"_blank\" rel=\"noopener\"><em>OVDE.<\/em><\/a><\/p>\n<p><em>Pratite nas na <\/em><a href=\"https:\/\/www.facebook.com\/BBCNewsnasrpskom\" target=\"_blank\" rel=\"noopener\"><em>Fejsbuku<\/em><\/a><em>, <\/em><a href=\"https:\/\/x.com\/bbcnasrpskom\" target=\"_blank\"><em>Tviteru<\/em><\/a><em>, <\/em><a href=\"https:\/\/www.instagram.com\/bbcnewsnasrpskom\/\" target=\"_blank\" rel=\"noopener\"><em>Instagramu<\/em><\/a><em> i <\/em><a href=\"https:\/\/invite.viber.com\/?g2=AQBkI0TIwObQ%2F05%2FHQsq%2FNA%2BAuEYxNlidvvazJnHYqbAGJhHDn0L%2BccoktcFf57s\" target=\"_blank\" rel=\"noopener\"><em>Vajberu<\/em><\/a><em>. Ako imate predlog teme za nas, javite se na <a href=\"https:\/\/boom93.rs\/cdn-cgi\/l\/email-protection\" class=\"__cf_email__\" data-cfemail=\"264444454847555456554d494b6644444508454908534d\" target=\"_blank\" rel=\"noopener\">[email\u00a0protected]<\/a><\/em><\/p>\n<p><noscript><img decoding=\"async\" src=\"https:\/\/a1.api.bbc.co.uk\/hit.xiti\/?s=598346&amp;p=serbian.articles.c6274lwl1dwo.lat.page&amp;x1=%5Burn%3Abbc%3Aoptimo%3Aasset%3Ac6274lwl1dwo%5D&amp;x4=%5Bsr-latn%5D&amp;x5=%5Bhttps%3A%2F%2Fwww.bbc.com%2Fserbian%2Farticles%2Fc6274lwl1dwo%2Flat%5D&amp;x7=%5Barticle%5D&amp;x8=%5Bsynd_nojs_ISAPI%5D&amp;x9=%5BIzrael+i+Hamas+dogovorili+primirje+u+Gazi+i+pu%C5%A1tanje+talaca%5D&amp;x11=%5B2025-01-14T12%3A36%3A15.611Z%5D&amp;x12=%5B2025-01-15T17%3A29%3A46.785Z%5D&amp;x19=%5Bboom93.com%5D\"\/><\/noscript>\n                        <\/div>\n<p><script async defer src=\"https:\/\/platform.instagram.com\/en_US\/embeds.js\"><\/script><br \/>\n<br \/><a href=\"https:\/\/boom93.rs\/article\/28542\/izrael-i-hamas-dogovorili-primirje-u-gazi-i-pustanje-talaca\" target=\"_blank\" rel=\"noopener\">Source link <\/a><br \/>\n\n Izrael i Hamas dogovorili primirje u Gazi i pu\u0161tanje talaca<\/p>\n","protected":false},"excerpt":{"rendered":"<p>Pregovori, koji su vi\u0161e puta zapali u \u0107orsokak, kona\u010dno su doveli do re\u0161enja. ReutersPalestinci slave u Kan Junisu na jugu&hellip;<\/p>\n","protected":false},"author":1,"featured_media":5572,"comment_status":"open","ping_status":"open","sticky":false,"template":"","format":"standard","meta":{"footnotes":""},"categories":[1],"tags":[],"class_list":["post-5571","post","type-post","status-publish","format-standard","has-post-thumbnail","hentry","category-oglasi-raca"],"_links":{"self":[{"href":"https:\/\/oglasi.infooglasi.rs\/oglasi\/oglasiraca\/wp-json\/wp\/v2\/posts\/5571","targetHints":{"allow":["GET"]}}],"collection":[{"href":"https:\/\/oglasi.infooglasi.rs\/oglasi\/oglasiraca\/wp-json\/wp\/v2\/posts"}],"about":[{"href":"https:\/\/oglasi.infooglasi.rs\/oglasi\/oglasiraca\/wp-json\/wp\/v2\/types\/post"}],"author":[{"embeddable":true,"href":"https:\/\/oglasi.infooglasi.rs\/oglasi\/oglasiraca\/wp-json\/wp\/v2\/users\/1"}],"replies":[{"embeddable":true,"href":"https:\/\/oglasi.infooglasi.rs\/oglasi\/oglasiraca\/wp-json\/wp\/v2\/comments?post=5571"}],"version-history":[{"count":0,"href":"https:\/\/oglasi.infooglasi.rs\/oglasi\/oglasiraca\/wp-json\/wp\/v2\/posts\/5571\/revisions"}],"wp:featuredmedia":[{"embeddable":true,"href":"https:\/\/oglasi.infooglasi.rs\/oglasi\/oglasiraca\/wp-json\/wp\/v2\/media\/5572"}],"wp:attachment":[{"href":"https:\/\/oglasi.infooglasi.rs\/oglasi\/oglasiraca\/wp-json\/wp\/v2\/media?parent=5571"}],"wp:term":[{"taxonomy":"category","embeddable":true,"href":"https:\/\/oglasi.infooglasi.rs\/oglasi\/oglasiraca\/wp-json\/wp\/v2\/categories?post=5571"},{"taxonomy":"post_tag","embeddable":true,"href":"https:\/\/oglasi.infooglasi.rs\/oglasi\/oglasiraca\/wp-json\/wp\/v2\/tags?post=5571"}],"curies":[{"name":"wp","href":"https:\/\/api.w.org\/{rel}","templated":true}]}}