{"id":5580,"date":"2025-01-30T12:10:30","date_gmt":"2025-01-30T11:10:30","guid":{"rendered":"https:\/\/oglasi.infooglasi.rs\/oglasi\/oglasiraca\/protestni-mars-beogradskih-studenata-do-novog-sada-oglasi-raca\/"},"modified":"2025-01-30T12:10:30","modified_gmt":"2025-01-30T11:10:30","slug":"protestni-mars-beogradskih-studenata-do-novog-sada-oglasi-raca","status":"publish","type":"post","link":"https:\/\/oglasi.infooglasi.rs\/oglasi\/oglasiraca\/protestni-mars-beogradskih-studenata-do-novog-sada-oglasi-raca\/","title":{"rendered":"Protestni mar\u0161 beogradskih studenata do Novog Sada &#8211; OGLASI RA\u010cA"},"content":{"rendered":"<p><\/p>\n<p>\n                Protest u Novom Sadu 1. februara na tri mosta se organizuje povodom tri meseca od pada nadstre\u0161nice nedavno rekonstruisane \u017eelezni\u010dke stanice u tom gradu kada je 15 ljudi poginulo, a dvoje te\u0161ko povre\u0111eno.\n            <\/p>\n<div>\n<figure>         <img loading=\"lazy\" decoding=\"async\" alt=\"Studenti i gra\u0111ani na blokadi Autokomande\" src=\"https:\/\/boom93.rs\/image\/cache\/extra-large\/files\/images\/1738229943.2282\" width=\"800\" height=\"450\"\/>         <\/p>\n<footer>Reuters\/Djordje Kojadinovic<\/footer>\n<\/figure>\n<p>Studenti beogradskih fakulteta krenuli su u dvodnevni mar\u0161 do oko 80 kilometara udaljenog Novog Sada kako bi se 1. februara priklju\u010dili tamo\u0161njim kolegama na blokadi mostova. <\/p>\n<p>Protest u Novom Sadu na tri mosta preko reke Dunav organizuju povodom tri meseca od pada nadstre\u0161nice nedavno rekonstruisane \u017delezni\u010dke stanice u Novom Sadu kada je 15 ljudi poginulo, a dvoje te\u0161ko povre\u0111eno. <\/p>\n<p>Beogradski studenti planiraju da do drugog najve\u0107eg grada u Srbiji stignu u petak uve\u010de, uz usputna zaustavljanja na nekoliko mesta, kao i da spavaju u In\u0111iji, grada na pola puta do Novog Sada.<\/p>\n<p>\u201eSve je dobro isplanirano, lep je tempo, sa redovnim pauzama, nije samo za najve\u0107e heroje, ve\u0107 za sve da mogu da pe\u0161a\u010de&#8221;, rekla je Tatjana, studentkinja Biolo\u0161kog fakulteta uo\u010di po\u010detka duge \u0161etnje.<\/p>\n<p>Ka\u017ee i da <a href=\"https:\/\/www.bbc.com\/serbian\/articles\/c9qjn2zvql0o\/lat?xtor=AL-73-%5Bpartner%5D-%5Bboom93.com%5D-%5Blink%5D-%5Bserbian%5D-%5Bbizdev%5D-%5Bisapi%5D\" target=\"_blank\" rel=\"noopener\">ostavka predsednika Vlade Srbije Milo\u0161a Vu\u010devi\u0107a<\/a> ni\u0161ta ne menja jer zahtevi studenata nisu ispunjeni.<\/p>\n<p>\u201eNajva\u017enije je da imamo duha da istrajemo do kraja&#8221;, dodaje.<\/p>\n<p>Druga grupa studenata iz Beograda trebalo bi da krene ka Novom Sadu dan kasnije, na biciklima, na poziv studenata Elektrotehni\u010dkog fakuleta (ETF).<\/p>\n<p>\u201ePrvog februara smo svi na tri mosta, neko sti\u017ee vozom, neko pe\u0161ke, a neko biciklom&#8221;, <a href=\"https:\/\/www.instagram.com\/p\/DFaB7P6gZCb\/?igsh=MWt2cWRsZHA2b24zZg\" target=\"_blank\" rel=\"noopener\">napisali su na mre\u017eama<\/a>. <\/p>\n<p><strong>Pogledajte snimke priprema studenata za po\u010detak protestnog mar\u0161a<\/strong><\/p>\n<p><a href=\"https:\/\/twitter.com\/bbcnasrpskom\/status\/1884883905611788691\" target=\"_blank\" rel=\"noopener\">https:\/\/twitter.com\/bbcnasrpskom\/status\/1884883905611788691<\/a><\/p>\n<p>Za \u0161etnju su spremni i pojedini studenti sa Tehnolo\u0161ko-metalur\u0161kog fakulteta u Begradu.<\/p>\n<p>\u201eIdeja je radikalizacija protesta, ne u nasilnom smislu ve\u0107 u vremenu koje je utro\u0161eno i energiji koja mora da bude ulo\u017eena.<\/p>\n<p>\u201eOdlazak u Novi Sad je posebna epizoda u na\u0161im \u017eivotima. Svaki dan napredujemo, de\u0161ava se ne\u0161to novo, ove ostavke su samo kozmeti\u010dka politika i nadam se da\u0107emo dovesti do nekih promena&#8221;, ka\u017ee Petar Stepanovi\u0107, student ovog fakulteta za BBC na srpskom.<\/p>\n<p>Do Novog Sada on \u0107e malo pe\u0161a\u010diti, a malo voziti automobil menjaju\u0107i se sa kolegom, kako bi prevezli studentima potrebne stvari. <\/p>\n<p>\u201eMi nemamo ideju o prisilnom teranju sa vlasti.<\/p>\n<p>\u201eVreme je na na\u0161oj strani. Sada smo spremni za \u0161etnju. Puna su nam srca i noge \u0107e same da odrade svoje&#8221;, ka\u017ee Stepanovi\u0107.<\/p>\n<p>Studenti Univerziteta u Novom Sadu najavili su da \u0107e 1. februara, kada je i Dan grada, blokirati sva tri mosta.<\/p>\n<p>Njima \u0107e se na protestu u subotu priklju\u010diti i kolege iz Kragujevca. <\/p>\n<p>\u201eZahtevamo da odgovorni budu krivi\u010dno gonjeni&#8221;, poru\u010duju studenti Filolo\u0161ko-umetni\u010dkog fakulteta iz ovog grada za BBC na srpskom.<\/p>\n<p>Tokom studentskih demonstracija 1996\/97. godine protiv re\u017eima Slobodana Milo\u0161evi\u0107a zbog prekrajanja rezultata lokalnih izbora, bilo je sli\u010dnih poduhvata.<\/p>\n<p>Tada su <a href=\"https:\/\/www.021.rs\/story\/Novi-Sad\/Vesti\/292405\/VIDEO-Studenti-iz-Novog-Sada-pre-25-godina-krenuli-peske-u-Beograd-zbog-izborne-kradje.html\" target=\"_blank\" rel=\"noopener\">studenti iz Novog Sada \u0161etali do Beograda<\/a>, ali i grupa od 17 njih iz Ni\u0161a koji su za 48 sati pre\u0161li put od oko 280 kilometara.<\/p>\n<p><strong>Pogledajte i fotografije ispred Fakulteta dramskih umetnosti<\/strong><\/p>\n<figure>         <img loading=\"lazy\" decoding=\"async\" alt=\"studenti, studentski protest\" src=\"https:\/\/boom93.rs\/image\/cache\/extra-large\/files\/images\/1738229943.3815\" width=\"1024\" height=\"768\"\/>         <\/p>\n<footer>BBC<\/footer>\n<\/figure>\n<figure>         <img loading=\"lazy\" decoding=\"async\" alt=\"studenti, studentski protest\" src=\"https:\/\/boom93.rs\/image\/cache\/extra-large\/files\/images\/1738229943.5535\" width=\"1024\" height=\"768\"\/>         <\/p>\n<footer>BBC<\/footer><figcaption>Za studente je pripremljena hrana <\/figcaption><\/figure>\n<figure>         <img loading=\"lazy\" decoding=\"async\" alt=\"studenti, studentski protest\" src=\"https:\/\/boom93.rs\/image\/cache\/extra-large\/files\/images\/1738229943.7709\" width=\"1024\" height=\"768\"\/>         <\/p>\n<footer>BBC<\/footer>\n<\/figure>\n<figure>         <img loading=\"lazy\" decoding=\"async\" alt=\"studentkinja, protest studenata, studentska \u0161etnja do Novog Sada\" src=\"https:\/\/boom93.rs\/image\/cache\/extra-large\/files\/images\/1738229943.9793\" width=\"1024\" height=\"768\"\/>         <\/p>\n<footer>BBC<\/footer><figcaption>Studentkinja Tatjana sa Biolo\u0161kog fakulteta ka\u017ee da je potpuno spremna za dug protestni mar\u0161 do Novog Sada<\/figcaption><\/figure>\n<figure>         <img loading=\"lazy\" decoding=\"async\" alt=\"studenti, studentski protest\" src=\"https:\/\/boom93.rs\/image\/cache\/extra-large\/files\/images\/1738229944.1401\" width=\"1024\" height=\"768\"\/>         <\/p>\n<footer>BBC<\/footer><figcaption>Jedna od poruka za studente: &#8216;Neka sila bude sa vama&#8217; &#8211; \u010duvena replika iz filmskog serijala Ratovi zvezda<\/figcaption><\/figure>\n<p>Posle nedavne 24-\u010dasovne blokade Autokomande, jedne od najprometnijih saobra\u0107ajnih petlji u Beogradu, ovaj mar\u0161 do Novog Sada je jo\u0161 jedan vid pritiska na vlasti da ispuni sve njihove zahteve.<\/p>\n<p>Studenti protekla dva meseca \u0161irom Srbije organizuju proteste i blokade ulica, tra\u017ee\u0107i utvr\u0111ivanje krivi\u010dne odgovornosti za tragediju u Novom Sadu i objavljivanje kompletne dokumentacije o stanici koja je proteklih godina dva puta rekonstruisana.<\/p>\n<p>Svakog dana u 11.52, kada je pala nadstre\u0161nica, studenti, ali i brojni gra\u0111ani, blokiraju ulice gradova u Srbiji, odaju\u0107i po\u0161tu poginulima.<\/p>\n<p>Antivladini protesti su se omasovili i sada se organizuju u gotovo svim gradovima i mestima u Srbiji.<\/p>\n<h2>Policija \u0107e obezbe\u0111ivati studente tokom cele \u0161etnje<\/h2>\n<figure>         <img loading=\"lazy\" decoding=\"async\" alt=\"policija, studenti, redari\" src=\"https:\/\/boom93.rs\/image\/cache\/extra-large\/files\/images\/1738229944.3014\" width=\"1500\" height=\"844\"\/>         <\/p>\n<footer>Fonet<\/footer><figcaption>Zagrlaj policajca i studenta-redara po zavr\u0161etku 24-\u010dasovne blokade Autokomande u Beogradu<\/figcaption><\/figure>\n<p>Policija \u0107e u potpunosti obezbe\u0111ivati trasu \u0161etnje studenata do Novog Sada, saop\u0161tio je u \u010detvrtak ujutru ministar unutra\u0161njih poslova Ivica Da\u010di\u0107.<\/p>\n<p>\u201eSaobra\u0107aj na trasi \u0107e biti obustavljen i preusmeren, ispred i iza kolone bi\u0107e raspore\u0111eni pripadnici saobra\u0107ajne policije i odeljenja za javni red i mir, kao i kola hitne pomo\u0107i i cisterna za vodu&#8221;, naveo je Da\u010di\u0107 u saop\u0161tenju prosle\u0111enom medijima.<\/p>\n<p>Dodao je da iako skup u pokretu nije prijavljen u skladu sa Zakonom o javnom okupljanju, odnosno pet dana ranije, u sredu uve\u010de je Ministastvo dobilo i-mejl u kojem se skup prijavljuje.<\/p>\n<p>To je veliki iskorak u komunikaciji sa organizatorima studentskih protesta, jer to do sada nije bio slu\u010daj, ka\u017ee Da\u010di\u0107.<\/p>\n<h2>Dva dana hodanja<\/h2>\n<p>U mar\u0161u do Novog Sada, beogradski studenti pravi\u0107e nekoliko pauza: kod Kriminalisti\u010dko- policijskog univerziteta (gde \u0107e odati 15-minutnu po\u0161tu poginulima), u Batajnici, Novoj i Staroj Pazovi. <\/p>\n<p>Planiraju da preno\u0107e u In\u0111iji, odakle \u0107e u petak, 31. januara nastaviti \u0161etnju do Novog Sada u osam ujutru. <\/p>\n<p>Drugog dana hodanja pravi\u0107e pauze kod skretanja za Maradik, kod Hrama Blage Marije na \u010cortanova\u010dkom putu, u Sremskim Karlovcima i na Varadinskom mostu.<\/p>\n<p>Plan je da budu ispred \u017eelezni\u010dke stanice u Novom Sadu oko 19.30. <\/p>\n<p>Polazak onih koji \u0107e do Novog Sada dvoto\u010dka\u0161ima je u petak u 10 sati. <\/p>\n<p>U In\u0111iji je pauza, odakle \u0107e nastaviti vo\u017enju do novosadske \u017eelezni\u010dke stanice.<\/p>\n<p><em><strong>Pogledajte video: \u201e\u0160trajk izaziva reakciju&#8221;<\/strong><\/em><\/p>\n<h2>Dosada\u0161nji protesti<\/h2>\n<p>Studenti su do sada organizovali niz protesta ispred raznih institucija, izme\u0111u ostalog i glavnog tu\u017eila\u0161tva i Ustavnog suda, tra\u017ee\u0107i da po\u010dnu da rade njihov posao i da postupaju po zakonima.<\/p>\n<p>Jedan od najmasovnijih antivladih protesta u Srbiji poslednjih decenija, uz obustavu rada pojedinih delatnosti i firmi odr\u017ean je 24. januara. <\/p>\n<p>U istom danu organizovan je skup vladaju\u0107e Srpske napredne stranke (SNS) u Jagodini povodom formiranja novog Pokreta za narod i dr\u017eavu.<\/p>\n<p>Tri dana kasnije, studenti Beogradskog univerziteta<a href=\"https:\/\/www.bbc.com\/serbian\/articles\/cdxnqv59xkno\/lat?xtor=AL-73-%5Bpartner%5D-%5Bboom93.com%5D-%5Blink%5D-%5Bserbian%5D-%5Bbizdev%5D-%5Bisapi%5D\" target=\"_blank\" rel=\"noopener\"> organizovali su 24-\u010dasovnu blokadu<\/a> jedne od najprometnijih saobra\u0107ajnih petlji u glavnom gradu kao novi vid pritiska na vlasti u Srbiji da utvrde odgovornost za pogibiju 15 ljudi u Novom Sadu.<\/p>\n<p>Tog dana, pridru\u017eile su im se i hiljade gra\u0111ana.<\/p>\n<p>U poslednjim satima blokade Autokomande, u Novom Sadu je napadnuta grupa studenata i jedna devojka je te\u017ee povre\u0111ena.<\/p>\n<p>Do napada je do\u0161lo samo nekoliko sati po\u0161to su najvi\u0161i zvani\u010dnici dr\u017eave pozvali na dijalog sa studentima u blokadi, a Aleksandar Vu\u010di\u0107, predsednik Srbije, obe\u0107avao da ne\u0107e biti nikakvog nasilja prema demonstrantima.<\/p>\n<p>Nekoliko sati posle incidenta, ostavku je podneo predsednik Vlade Srbije Milo\u0161 Vu\u010devi\u0107 &#8211; detaljnije pro\u010ditajte <a href=\"https:\/\/www.bbc.com\/serbian\/articles\/c9qjn2zvql0o\/lat?xtor=AL-73-%5Bpartner%5D-%5Bboom93.com%5D-%5Blink%5D-%5Bserbian%5D-%5Bbizdev%5D-%5Bisapi%5D\" target=\"_blank\" rel=\"noopener\">OVDE<\/a>.<\/p>\n<p>U utorak, 28. januara, ogranizovan je protest u Novom Sadu zbog napada na studente, a vi\u0161e o tome pro\u010ditajte <a href=\"https:\/\/www.bbc.com\/serbian\/articles\/cvg9qz64nywo\/lat?xtor=AL-73-%5Bpartner%5D-%5Bboom93.com%5D-%5Blink%5D-%5Bserbian%5D-%5Bbizdev%5D-%5Bisapi%5D\" target=\"_blank\" rel=\"noopener\">OVDE<\/a>.<\/p>\n<p>Protesti su organizovani i u Beogradu, Ni\u0161u, Kragujevcu, Kraljevu, \u010ca\u010dku, Zrenjaninu i drugim gradovima. <\/p>\n<p><em><strong>Pogledajte \u0161ta je rekla jedna od u\u010desnica protesta u Novom Sadu po\u0161to su napadnuti studenti<\/strong><\/em><\/p>\n<p><em>BBC na srpskom je od sada i na Jutjubu, pratite nas <\/em><a href=\"https:\/\/www.youtube.com\/@bbcnewsnasrpskom\/videos\" target=\"_blank\" rel=\"noopener\"><em>OVDE.<\/em><\/a><\/p>\n<p><em>Pratite nas na <\/em><a href=\"https:\/\/www.facebook.com\/BBCNewsnasrpskom\" target=\"_blank\" rel=\"noopener\"><em>Fejsbuku<\/em><\/a><em>, <\/em><a href=\"https:\/\/x.com\/bbcnasrpskom\" target=\"_blank\"><em>Tviteru<\/em><\/a><em>, <\/em><a href=\"https:\/\/www.instagram.com\/bbcnewsnasrpskom\/\" target=\"_blank\" rel=\"noopener\"><em>Instagramu<\/em><\/a><em> i <\/em><a href=\"https:\/\/invite.viber.com\/?g2=AQBkI0TIwObQ%2F05%2FHQsq%2FNA%2BAuEYxNlidvvazJnHYqbAGJhHDn0L%2BccoktcFf57s\" target=\"_blank\" rel=\"noopener\"><em>Vajberu<\/em><\/a><em>. Ako imate predlog teme za nas, javite se na <a href=\"https:\/\/boom93.rs\/cdn-cgi\/l\/email-protection\" class=\"__cf_email__\" data-cfemail=\"066464656867757476756d696b4664646528656928736d\" target=\"_blank\" rel=\"noopener\">[email\u00a0protected]<\/a><\/em><\/p>\n<p><noscript><img decoding=\"async\" src=\"https:\/\/a1.api.bbc.co.uk\/hit.xiti\/?s=598346&amp;p=serbian.articles.cn0ygr0epd6o.lat.page&amp;x1=%5Burn%3Abbc%3Aoptimo%3Aasset%3Acn0ygr0epd6o%5D&amp;x4=%5Bsr-latn%5D&amp;x5=%5Bhttps%3A%2F%2Fwww.bbc.com%2Fserbian%2Farticles%2Fcn0ygr0epd6o%2Flat%5D&amp;x7=%5Barticle%5D&amp;x8=%5Bsynd_nojs_ISAPI%5D&amp;x9=%5B%27Na+korak+do+pravde%27%3A+Protestni+mar%C5%A1+beogradskih+studenata+do+Novog+Sada%5D&amp;x11=%5B2025-01-30T05%3A55%3A24.182Z%5D&amp;x12=%5B2025-01-30T09%3A28%3A34.327Z%5D&amp;x19=%5Bboom93.com%5D\"\/><\/noscript>\n                        <\/div>\n<p><script async src=\"\/\/platform.twitter.com\/widgets.js\" charset=\"utf-8\"><\/script><script async defer src=\"https:\/\/platform.instagram.com\/en_US\/embeds.js\"><\/script><br \/>\n<br \/><a href=\"https:\/\/boom93.rs\/article\/28542\/na-korak-do-pravde-protestni-mars-beogradskih-studenata-do-novog-sada\" target=\"_blank\" rel=\"noopener\">Source link <\/a><br \/>\n\n Protestni mar\u0161 beogradskih studenata do Novog Sada<\/p>\n","protected":false},"excerpt":{"rendered":"<p>Protest u Novom Sadu 1. februara na tri mosta se organizuje povodom tri meseca od pada nadstre\u0161nice nedavno rekonstruisane \u017eelezni\u010dke&hellip;<\/p>\n","protected":false},"author":1,"featured_media":5581,"comment_status":"open","ping_status":"open","sticky":false,"template":"","format":"standard","meta":{"footnotes":""},"categories":[1],"tags":[],"class_list":["post-5580","post","type-post","status-publish","format-standard","has-post-thumbnail","hentry","category-oglasi-raca"],"_links":{"self":[{"href":"https:\/\/oglasi.infooglasi.rs\/oglasi\/oglasiraca\/wp-json\/wp\/v2\/posts\/5580","targetHints":{"allow":["GET"]}}],"collection":[{"href":"https:\/\/oglasi.infooglasi.rs\/oglasi\/oglasiraca\/wp-json\/wp\/v2\/posts"}],"about":[{"href":"https:\/\/oglasi.infooglasi.rs\/oglasi\/oglasiraca\/wp-json\/wp\/v2\/types\/post"}],"author":[{"embeddable":true,"href":"https:\/\/oglasi.infooglasi.rs\/oglasi\/oglasiraca\/wp-json\/wp\/v2\/users\/1"}],"replies":[{"embeddable":true,"href":"https:\/\/oglasi.infooglasi.rs\/oglasi\/oglasiraca\/wp-json\/wp\/v2\/comments?post=5580"}],"version-history":[{"count":0,"href":"https:\/\/oglasi.infooglasi.rs\/oglasi\/oglasiraca\/wp-json\/wp\/v2\/posts\/5580\/revisions"}],"wp:featuredmedia":[{"embeddable":true,"href":"https:\/\/oglasi.infooglasi.rs\/oglasi\/oglasiraca\/wp-json\/wp\/v2\/media\/5581"}],"wp:attachment":[{"href":"https:\/\/oglasi.infooglasi.rs\/oglasi\/oglasiraca\/wp-json\/wp\/v2\/media?parent=5580"}],"wp:term":[{"taxonomy":"category","embeddable":true,"href":"https:\/\/oglasi.infooglasi.rs\/oglasi\/oglasiraca\/wp-json\/wp\/v2\/categories?post=5580"},{"taxonomy":"post_tag","embeddable":true,"href":"https:\/\/oglasi.infooglasi.rs\/oglasi\/oglasiraca\/wp-json\/wp\/v2\/tags?post=5580"}],"curies":[{"name":"wp","href":"https:\/\/api.w.org\/{rel}","templated":true}]}}