{"id":5585,"date":"2025-02-07T21:23:05","date_gmt":"2025-02-07T20:23:05","guid":{"rendered":"https:\/\/oglasi.infooglasi.rs\/oglasi\/oglasiraca\/gradistanci-i-veceras-uz-studente-oglasi-raca\/"},"modified":"2025-02-07T21:23:05","modified_gmt":"2025-02-07T20:23:05","slug":"gradistanci-i-veceras-uz-studente-oglasi-raca","status":"publish","type":"post","link":"https:\/\/oglasi.infooglasi.rs\/oglasi\/oglasiraca\/gradistanci-i-veceras-uz-studente-oglasi-raca\/","title":{"rendered":"Gradi\u0161tanci i ve\u010deras uz studente &#8211; OGLASI RA\u010cA"},"content":{"rendered":"<p><\/p>\n<div>\n<p class=\"category\">Moj grad<\/p>\n<div class=\"feature-img\" style=\"position: relative;\">\n                            <img decoding=\"async\" class=\"img-fluid\" src=\"https:\/\/boom93.rs\/image\/cache\/extra-large\/files\/images\/20250207-180326-1.jpg?crop=true\" alt=\"Foto: M.I.\"\/><\/p><\/div>\n<p class=\"intro\">Gra\u0111anke i gra\u0111ani Velikog Gradi\u0161ta i ve\u010deras su odr\u017eali protest podr\u0161ke studentima i njihovim zahtevima pod nazivom &#8220;\u0106aci ne \u0107ute&#8221;.<\/p>\n<div class=\"blog_details\">\n<p>Okupljenje je bilo zakazano u 18 \u010dasova ispred Srednje \u0161kole &#8220;Miloje Vasi\u0107&#8221;.<\/p>\n<p>Nakon odr\u017eane petnaestominutne ti\u0161ine, okupljeni su krenuli u protestnu \u0161etnju.<\/p>\n<blockquote class=\"instagram-media\" style=\"background: #FFF; border: 0; border-radius: 3px; box-shadow: 0 0 1px 0 rgba(0,0,0,0.5),0 1px 10px 0 rgba(0,0,0,0.15); margin: 1px; max-width: 540px; min-width: 326px; padding: 0; width: calc(100% - 2px);\" data-instgrm-captioned=\"\" data-instgrm-permalink=\"https:\/\/www.instagram.com\/reel\/DFyLv6PoTQV\/?utm_source=ig_embed&amp;utm_campaign=loading\" data-instgrm-version=\"14\"><\/blockquote><\/div>\n<\/p><\/div>\n<p><script async defer src=\"https:\/\/platform.instagram.com\/en_US\/embeds.js\"><\/script><br \/>\n<br \/><a href=\"https:\/\/boom93.rs\/article\/42388\/gradistanci-i-veceras-uz-studente\" target=\"_blank\" rel=\"noopener\">Source link <\/a><br \/>\n\n Gradi\u0161tanci i ve\u010deras uz studente<\/p>\n","protected":false},"excerpt":{"rendered":"<p>Moj grad Gra\u0111anke i gra\u0111ani Velikog Gradi\u0161ta i ve\u010deras su odr\u017eali protest podr\u0161ke studentima i njihovim zahtevima pod nazivom &#8220;\u0106aci&hellip;<\/p>\n","protected":false},"author":1,"featured_media":5586,"comment_status":"open","ping_status":"open","sticky":false,"template":"","format":"standard","meta":{"footnotes":""},"categories":[1],"tags":[],"class_list":["post-5585","post","type-post","status-publish","format-standard","has-post-thumbnail","hentry","category-oglasi-raca"],"_links":{"self":[{"href":"https:\/\/oglasi.infooglasi.rs\/oglasi\/oglasiraca\/wp-json\/wp\/v2\/posts\/5585","targetHints":{"allow":["GET"]}}],"collection":[{"href":"https:\/\/oglasi.infooglasi.rs\/oglasi\/oglasiraca\/wp-json\/wp\/v2\/posts"}],"about":[{"href":"https:\/\/oglasi.infooglasi.rs\/oglasi\/oglasiraca\/wp-json\/wp\/v2\/types\/post"}],"author":[{"embeddable":true,"href":"https:\/\/oglasi.infooglasi.rs\/oglasi\/oglasiraca\/wp-json\/wp\/v2\/users\/1"}],"replies":[{"embeddable":true,"href":"https:\/\/oglasi.infooglasi.rs\/oglasi\/oglasiraca\/wp-json\/wp\/v2\/comments?post=5585"}],"version-history":[{"count":0,"href":"https:\/\/oglasi.infooglasi.rs\/oglasi\/oglasiraca\/wp-json\/wp\/v2\/posts\/5585\/revisions"}],"wp:featuredmedia":[{"embeddable":true,"href":"https:\/\/oglasi.infooglasi.rs\/oglasi\/oglasiraca\/wp-json\/wp\/v2\/media\/5586"}],"wp:attachment":[{"href":"https:\/\/oglasi.infooglasi.rs\/oglasi\/oglasiraca\/wp-json\/wp\/v2\/media?parent=5585"}],"wp:term":[{"taxonomy":"category","embeddable":true,"href":"https:\/\/oglasi.infooglasi.rs\/oglasi\/oglasiraca\/wp-json\/wp\/v2\/categories?post=5585"},{"taxonomy":"post_tag","embeddable":true,"href":"https:\/\/oglasi.infooglasi.rs\/oglasi\/oglasiraca\/wp-json\/wp\/v2\/tags?post=5585"}],"curies":[{"name":"wp","href":"https:\/\/api.w.org\/{rel}","templated":true}]}}