{"id":5659,"date":"2025-06-05T13:08:54","date_gmt":"2025-06-05T11:08:54","guid":{"rendered":"https:\/\/oglasi.infooglasi.rs\/oglasi\/oglasiraca\/oko-20-000-ljudi-evakuisano-u-kelnu-zbog-bombi-iz-drugog-svetskog-rata-oglasi-raca\/"},"modified":"2025-06-05T13:08:54","modified_gmt":"2025-06-05T11:08:54","slug":"oko-20-000-ljudi-evakuisano-u-kelnu-zbog-bombi-iz-drugog-svetskog-rata-oglasi-raca","status":"publish","type":"post","link":"https:\/\/oglasi.infooglasi.rs\/oglasi\/oglasiraca\/oko-20-000-ljudi-evakuisano-u-kelnu-zbog-bombi-iz-drugog-svetskog-rata-oglasi-raca\/","title":{"rendered":"Oko 20.000 ljudi evakuisano u Kelnu zbog bombi iz Drugog svetskog rata &#8211; OGLASI RA\u010cA"},"content":{"rendered":"<p><\/p>\n<p>Policija je ogradila veliku oblast u centru Kelna, a iz gradske uprave ka\u017eu da je ovo najve\u0107a akcija evakuacije od kraja Drugog svetskog rata.<\/p>\n<div>\n<figure>         <img loading=\"lazy\" decoding=\"async\" alt=\"Policija je ogradila velike oblasti u Kelnu kako bi mogle da se sprovedu ve\u017ebe deminiranja\" src=\"https:\/\/boom93.rs\/image\/cache\/extra-large\/files\/images\/1749074080.6411\" width=\"2870\" height=\"1614\"\/>         <\/p>\n<footer>EPA<\/footer><figcaption>Policija je ogradila velike oblasti u Kelnu kako bi mogle da se sprovedu ve\u017ebe deminiranja<\/figcaption><\/figure>\n<p>Oko 20.500 stanovnika nema\u010dkog grada Kelna evakuisano je iz centralnih oblasti kako bi stru\u010dnjaci mogli da deaktiviraju tri velike bombe iz Drugog svetskog rata.<\/p>\n<p>Bombe proizvedene u Americi otkrivene su 2. juna na brodogradili\u0161tu u naselju Dojc.<\/p>\n<p>Naprave koje nisu eksplodirale i dalje predstavljaju opasnost, pa je gradska vlast zatvorila prostor u radijusu od jednog kilometra oko mesta na kojem se bombe nalaze.<\/p>\n<p>Ovo je \u201enajve\u0107a takva operacija od kraja Drugog svetskog rata&#8221;, ka\u017eu.<\/p>\n<p>Evakuisani su domovi, hoteli, \u0161kole, kao i velika bolnica i glavna \u017eelezni\u010dka stanica.<\/p>\n<p>\u201eAko odbijete, mi \u0107emo vas ispratiti iz va\u0161eg doma, ako je potrebno i silom, uz pratnju policije&#8221;, saop\u0161tili su iz vlasti.<\/p>\n<p>Stanovni\u0161tvu je predo\u010deno i da \u0107e u tom slu\u010daju platiti visoke kazne.<\/p>\n<p>Pacijenti iz intenzivne nege bolnice Eduardus preme\u0161teni su vozilima hitne pomo\u0107i.<\/p>\n<p>U nema\u010dkim gradovima, poput Berlina i Kelna, pronala\u017eenje bombi iz Drugog svetskog rata nije neuobi\u010dajeno.<\/p>\n<p>Ali, u ovom slu\u010daju je razlika u tome \u0161to se radi o posebno velikim i mo\u0107nim bombama.<\/p>\n<p>Nema\u010dka slu\u017eba za deminiranje planira da neutrali\u0161e bombe od 10 i 20 tona, ali to ne\u0107e biti mogu\u0107e dok se svi stanovnici ove gusto naseljene oblasti ne evakui\u0161u, ka\u017eu iz gradske uprave.<\/p>\n<h2>I ven\u010danja pomerena u druge delove Kelna<\/h2>\n<p>Evakuacija Starog grada u Kelnu i naselja i Dojca po\u010dela je tako \u0161to su zvani\u010dnici i\u0161li od vrata do vrata i obave\u0161tavali ljude da moraju da napuste domove.<\/p>\n<p>Mnoge od obi\u010dno prepunih ulica bile su puste, jer je tokom dana nare\u0111ena i obustava rada restorana, prodavnica i drugih preduzetnika.<\/p>\n<p>Javne institucije, devet \u0161kola, 58 hotela, zgrada filharmonije i mnogi muzeji tako\u0111e ne rade.<\/p>\n<p>Zbog zatvaranja svih puteva u toj oblasti, do\u0161lo je i do reme\u0107enja saobra\u0107aja u gradu, a polasci mnogih vozova su otkazani.<\/p>\n<p>Gradska uprava otvorila je dva prihvatna centra za ljude koji nemaju gde da borave tokom perioda evakuacije.<\/p>\n<p>Re\u010deno im je da \u201eostanu mirni&#8221;, da ponesu dokumenta i lekove koji su im neophodni, kao i da se pobrinu za njihove ku\u0107ne ljubimce.<\/p>\n<p>Aerodrom u Kelnu je nastavio da funkcioni\u0161e, ali bi dolazak do njega putevima ili prugom sada mogao da bude ote\u017ean.<\/p>\n<p>Za neke stanovnike, evakuacija je bila i vi\u0161e nego neprijatna.<\/p>\n<p>U staroj Gradskoj ku\u0107i u Kelnu bila su zakazana ven\u010danja 15 parova, ali su ceremonije preme\u0161tene u druge delove grada, izvestili su lokalni mediji.<\/p>\n<p><strong>Pogledajte video: U Poljskoj aktivirana bomba &#8220;Zemljotres&#8221; iz Drugog svetskog rata <\/strong><\/p>\n<p><em>BBC na srpskom je od sada i na Jutjubu, pratite nas <\/em><a href=\"https:\/\/www.youtube.com\/@bbcnewsnasrpskom\/videos\" target=\"_blank\" rel=\"noopener\"><em>OVDE.<\/em><\/a><\/p>\n<p><em>Pratite nas na <\/em><a href=\"https:\/\/www.facebook.com\/BBCNewsnasrpskom\" target=\"_blank\" rel=\"noopener\"><em>Fejsbuku<\/em><\/a><em>, <\/em><a href=\"https:\/\/x.com\/bbcnasrpskom\" target=\"_blank\"><em>Tviteru<\/em><\/a><em>, <\/em><a href=\"https:\/\/www.instagram.com\/bbcnewsnasrpskom\/\" target=\"_blank\" rel=\"noopener\"><em>Instagramu<\/em><\/a><em>, <\/em><a href=\"https:\/\/www.youtube.com\/@bbcnewsnasrpskom\/videos\" target=\"_blank\" rel=\"noopener\"><em>Jutjubu<\/em><\/a><em> i <\/em><a href=\"https:\/\/invite.viber.com\/?g2=AQBkI0TIwObQ%2F05%2FHQsq%2FNA%2BAuEYxNlidvvazJnHYqbAGJhHDn0L%2BccoktcFf57s\" target=\"_blank\" rel=\"noopener\"><em>Vajberu<\/em><\/a><em>. Ako imate predlog teme za nas, javite se na <a href=\"https:\/\/boom93.rs\/cdn-cgi\/l\/email-protection\" class=\"__cf_email__\" data-cfemail=\"e98b8b8a87889a9b999a828684a98b8b8ac78a86c79c82\" target=\"_blank\" rel=\"noopener\">[email\u00a0protected]<\/a><\/em><\/p>\n<p><noscript><img decoding=\"async\" src=\"https:\/\/a1.api.bbc.co.uk\/hit.xiti\/?s=598346&amp;p=serbian.articles.c80km8z3kvjo.lat.page&amp;x1=%5Burn%3Abbc%3Aoptimo%3Aasset%3Ac80km8z3kvjo%5D&amp;x4=%5Bsr-latn%5D&amp;x5=%5Bhttps%3A%2F%2Fwww.bbc.com%2Fserbian%2Farticles%2Fc80km8z3kvjo%2Flat%5D&amp;x7=%5Barticle%5D&amp;x8=%5Bsynd_nojs_ISAPI%5D&amp;x9=%5BOko+20.000+ljudi+evakuisano+u+Kelnu+zbog+bombi+iz+Drugog+svetskog+rata%5D&amp;x11=%5B2025-06-04T11%3A43%3A52.216Z%5D&amp;x12=%5B2025-06-04T11%3A43%3A52.216Z%5D&amp;x19=%5Bboom93.com%5D\"\/><\/noscript>\n                        <\/div>\n<p><script async defer src=\"https:\/\/platform.instagram.com\/en_US\/embeds.js\"><\/script><br \/>\n<br \/><a href=\"https:\/\/boom93.rs\/article\/47113\/oko-20000-ljudi-evakuisano-u-kelnu-zbog-bombi-iz-drugog-svetskog-rata\" target=\"_blank\" rel=\"noopener\">Source link <\/a><br \/>\n\n Oko 20.000 ljudi evakuisano u Kelnu zbog bombi iz Drugog svetskog rata<\/p>\n","protected":false},"excerpt":{"rendered":"<p>Policija je ogradila veliku oblast u centru Kelna, a iz gradske uprave ka\u017eu da je ovo najve\u0107a akcija evakuacije od&hellip;<\/p>\n","protected":false},"author":1,"featured_media":5660,"comment_status":"open","ping_status":"open","sticky":false,"template":"","format":"standard","meta":{"footnotes":""},"categories":[1],"tags":[],"class_list":["post-5659","post","type-post","status-publish","format-standard","has-post-thumbnail","hentry","category-oglasi-raca"],"_links":{"self":[{"href":"https:\/\/oglasi.infooglasi.rs\/oglasi\/oglasiraca\/wp-json\/wp\/v2\/posts\/5659","targetHints":{"allow":["GET"]}}],"collection":[{"href":"https:\/\/oglasi.infooglasi.rs\/oglasi\/oglasiraca\/wp-json\/wp\/v2\/posts"}],"about":[{"href":"https:\/\/oglasi.infooglasi.rs\/oglasi\/oglasiraca\/wp-json\/wp\/v2\/types\/post"}],"author":[{"embeddable":true,"href":"https:\/\/oglasi.infooglasi.rs\/oglasi\/oglasiraca\/wp-json\/wp\/v2\/users\/1"}],"replies":[{"embeddable":true,"href":"https:\/\/oglasi.infooglasi.rs\/oglasi\/oglasiraca\/wp-json\/wp\/v2\/comments?post=5659"}],"version-history":[{"count":0,"href":"https:\/\/oglasi.infooglasi.rs\/oglasi\/oglasiraca\/wp-json\/wp\/v2\/posts\/5659\/revisions"}],"wp:featuredmedia":[{"embeddable":true,"href":"https:\/\/oglasi.infooglasi.rs\/oglasi\/oglasiraca\/wp-json\/wp\/v2\/media\/5660"}],"wp:attachment":[{"href":"https:\/\/oglasi.infooglasi.rs\/oglasi\/oglasiraca\/wp-json\/wp\/v2\/media?parent=5659"}],"wp:term":[{"taxonomy":"category","embeddable":true,"href":"https:\/\/oglasi.infooglasi.rs\/oglasi\/oglasiraca\/wp-json\/wp\/v2\/categories?post=5659"},{"taxonomy":"post_tag","embeddable":true,"href":"https:\/\/oglasi.infooglasi.rs\/oglasi\/oglasiraca\/wp-json\/wp\/v2\/tags?post=5659"}],"curies":[{"name":"wp","href":"https:\/\/api.w.org\/{rel}","templated":true}]}}