{"id":5664,"date":"2025-06-14T00:19:33","date_gmt":"2025-06-13T22:19:33","guid":{"rendered":"https:\/\/oglasi.infooglasi.rs\/oglasi\/oglasiraca\/husein-salami-sef-iranske-revolucionarne-garde-ubijen-u-izraelskom-napadu-oglasi-raca\/"},"modified":"2025-06-14T00:19:33","modified_gmt":"2025-06-13T22:19:33","slug":"husein-salami-sef-iranske-revolucionarne-garde-ubijen-u-izraelskom-napadu-oglasi-raca","status":"publish","type":"post","link":"https:\/\/oglasi.infooglasi.rs\/oglasi\/oglasiraca\/husein-salami-sef-iranske-revolucionarne-garde-ubijen-u-izraelskom-napadu-oglasi-raca\/","title":{"rendered":"Husein Salami, \u0161ef Iranske revolucionarne garde, ubijen u izraelskom napadu &#8211; OGLASI RA\u010cA"},"content":{"rendered":"<p><\/p>\n<p>Koliko pro\u0161log meseca, Salami je upozorio da c\u0301e Teheran \u201eotvoriti vrata pakla\u201c ako ga napadnu Izrael ili SAD.<\/p>\n<div>\n<figure>         <img loading=\"lazy\" decoding=\"async\" alt=\"Husein Salami, \u0161ef Iranske revolucionarne garde, ubijen u izraelskom napadu\" src=\"https:\/\/boom93.rs\/image\/cache\/extra-large\/files\/images\/1749802143.105\" width=\"1024\" height=\"576\"\/>         <\/p>\n<footer>Getty Images<\/footer><figcaption>Husein Salami je bio poznat po tvrdokornom stavu prema iranskim rivalima, pre svih Izraelu i Americi<\/figcaption><\/figure>\n<p>Husein Salami, komandant Iranske revolucionarne garde (IRGC), <a href=\"https:\/\/www.bbc.com\/serbian\/articles\/c0k30dgd48lo\/lat?xtor=AL-73-%5Bpartner%5D-%5Bboom93.com%5D-%5Blink%5D-%5Bserbian%5D-%5Bbizdev%5D-%5Bisapi%5D\" target=\"_blank\" rel=\"noopener\">ubijen je u izraelskim udarima 13. juna<\/a> rano ujutro, i najvi\u0161i je iranski lider koji je poginuo u napadima.<\/p>\n<p>Salami, koji je imao 65 godina, bio je poznat po tvrdokornim stavovima prema iranskim rivalima, me\u0111u njima Izraelu i Sjedinjenim Ameri\u010dkim Dr\u017eavama.<\/p>\n<p>On je samo ovog meseca upozorio da \u0107e Teheran \u201eotvoriti kapije pakla&#8221; ako ga napadne neka druga zemlja.<\/p>\n<p>Izrael je pokrenuo napade \u0161irokih razmera na Iran, rekav\u0161i da ga\u0111a nuklearna postrojenja, fabrike balisti\u010dkih raketa i vojne komandante, uprkos tome \u0161to je ameri\u010dki predsednik Donald Tramp upozorio saveznika da ne kvari pregovore o potencijalnom nuklearnom sporazumu.<\/p>\n<p>Teheran je upozorio da \u0107e Izrael i SAD, koje negiraju da u\u010destvuju u udarima, platiti \u201evisoku cenu&#8221; za napade, izazvav\u0161i zabrinutost da \u0107e ovo gurnuti ionako krhki region u potpuni rat.<\/p>\n<p>U izraelskim napadima tako\u0111e su poginuli Muhamed Bageri, \u0161ef general\u0161taba oru\u017eanih snaga zemlje, Golamali Ra\u0161id, zamenik komandanta iranskih oru\u017eanih snaga, kao i nekoliko nuklearnih nau\u010dnika.<\/p>\n<p>Samo dan pre udara, Salami je izjavio da je Iran \u201eu potpunosti spreman za bilo kakva scenarija, situacije i okolnosti&#8221;.<\/p>\n<p>\u201eNeprijatelj misli da mo\u017ee da se bori protiv Irana na isti na\u010din na koji se bori protiv bespomo\u0107nih Palestinaca koji se nalaze pod izraelskom opsadom&#8221;, rekao je on.<\/p>\n<p>\u201eMi smo prevejani u ratu i iskusni.&#8221;<\/p>\n<p>Salami se prvi put pridru\u017eio Revolucionarnoj gardi, mo\u0107nom ogranku iranskih oru\u017eanih snaga, 1980. godine, tokom iransko-ira\u010dkog rata i postao zamenik komandanta 2009. godine, a potom i komandant deceniju kasnije.<\/p>\n<p>Od 2000-tih, nalazio se pod sankcijama Saveta bezbednosti UN i SAD zbog u\u010de\u0161\u0107a u iranskim nuklearnim i vojnim programima.<\/p>\n<p>Salami se hvalio iranskim vojnim sposobnostima, u jednom trenutku izjaviv\u0161i da je zemlja \u201ena ivici da postane svetska sila&#8221;.<\/p>\n<p>Pozdravljao je mogu\u0107nost vojnog sukoba sa Izraelom i Amerikom.<\/p>\n<p>Posle izraelskog napada na iranske ciljeve u Siriji 2019. godine, Salami se zarekao da \u0107e \u201eizbrisati cionisti\u010dki re\u017eim&#8221; sa politi\u010dke mape.<\/p>\n<p>Posle jo\u0161 jednog napada u aprilu pro\u0161le godine na iransku ambasadu u Siriji, u kojoj je poginulo sedam pripadnika Iranske nacionalne garde, me\u0111u njima i dvojica generala, Salami je izrekao sli\u010dno upozorenje: \u201eNa\u0161i hrabri ljudi \u0107e kazniti cionisti\u010dki re\u017eim.&#8221;<\/p>\n<p>Iran i Izrael su bili saveznici do iranske revolucije 1979. godine, koja je na vlast dovela re\u017eim suprotstavljen Izraelu kao klju\u010dni segment njene ideologije.<\/p>\n<p>Iranski re\u017eim danas ne priznaje Izraelu pravo na postojanje.<\/p>\n<p>Vrhovni vo\u0111a zemlje ajatolah Ali Hamnei nazvao je Izrael \u201ekancerogenim tumorom&#8221; koji \u0107e \u201enesumnjivo biti iskorenjen i uni\u0161ten&#8221;.<\/p>\n<p>Izrael ka\u017ee da retorika Teherana \u010dini Iran egzistencijalnom pretnjom.<\/p>\n<p>Izrael i njegovi saveznici tako\u0111e su kritikovali iransko gomilanje posredni\u010dkih snaga u regionu, me\u0111u njima libansku \u0161iitsku militantnu grupu Hezbolah koja se zarekla na uni\u0161tenje Izraela.<\/p>\n<p>Salami i drugi vi\u0161i oficiri Revolucionarne garde rutinski savetuju iranskog vrhovnog vo\u0111u.<\/p>\n<p><strong>Pogledajte video: Za\u0161to su Amerika i Iran gorki neprijatelji<\/strong><\/p>\n<h2>\u0160ta je Iranska revolucionarna garda?<\/h2>\n<p>Iranski kleri\u010dki vo\u0111a osnovao je Islamsku revolucionarnu gardu pre 40 godina da bi branila islamisti\u010dki sistem zemlje i predstavljala protivte\u017eu redovnim oru\u017eanim snagama, kojima nije verovao.<\/p>\n<p>Sa vi\u0161e od 190.000 aktivnih pripadnika i vlastitim kopnenim, pomorskim i vazduhoplovnim snagama, Revolucionarna garda jedna je od najmo\u0107nijih vojnih i politi\u010dkih grupa u zemlji, i jedna od onih koja izaziva najve\u0107i strah i trepet.<\/p>\n<p>I dok iranska vojska \u010duva teritoriju zemlje, Revolucionarna garda je osnovana da bi \u0161titila sam re\u017eim.<\/p>\n<p>Budu\u0107i da grupa odgovara direktno vrhovnom vo\u0111i, druge institucije ne mogu lako da proveravaju njenu mo\u0107.<\/p>\n<p>Ona je zadu\u017eena za iransko strate\u0161ko naoru\u017eanje i kontroli\u0161e paravojne snage otpora Basid\u017e, \u010desto kori\u0161\u0107ene za gu\u0161enje pobune kod ku\u0107e.<\/p>\n<p>Tako\u0111e se veruje da Revolucionarna garda kontroli\u0161e oko tre\u0107ine iranske privrede kroz niz subvencija i trustova.<\/p>\n<p>Ona tako\u0111e raspola\u017ee milijardama dolara u gra\u0111evinskim i in\u017eenjerskim ugovorima.<\/p>\n<p>Drugde na Bliskom istoku, grupa vr\u0161i uticaj obezbe\u0111uju\u0107i novac, oru\u017eje, tehnologiju, obuku i savete savezni\u010dkim vladama.<\/p>\n<p>Neki od najelitnijih pripadnika Revolucionarne garde vode njenu operativnu granu u inostranstvu snage Kuds, koje imaju veze sa oru\u017eanim grupama u regionu, me\u0111u njima u Avganistanu, Iraku, Libanu, na Palestinskim teritorijama i u Jemenu.<\/p>\n<p>Biv\u0161i oficiri Revolucionarne garde nastavljaju da dr\u017ee uticajne polo\u017eaje u vladi, parlamentu i drugim politi\u010dkim telima.<\/p>\n<p>U njih spadaju i biv\u0161i predsednik Mahmud Ahmadined\u017ead i biv\u0161i predsednik parlamenta Ali Larid\u017eani.<\/p>\n<p><em>Dodatno izve\u0161tavanje Koh Eve i Rafi Berg<\/em><\/p>\n<p><em>BBC na srpskom je od sada i na Jutjubu, pratite nas <\/em><a href=\"https:\/\/www.youtube.com\/@bbcnewsnasrpskom\/videos\" target=\"_blank\" rel=\"noopener\"><em>OVDE.<\/em><\/a><\/p>\n<p><em>Pratite nas na <\/em><a href=\"https:\/\/www.facebook.com\/BBCNewsnasrpskom\" target=\"_blank\" rel=\"noopener\"><em>Fejsbuku<\/em><\/a><em>, <\/em><a href=\"https:\/\/x.com\/bbcnasrpskom\" target=\"_blank\"><em>Tviteru<\/em><\/a><em>, <\/em><a href=\"https:\/\/www.instagram.com\/bbcnewsnasrpskom\/\" target=\"_blank\" rel=\"noopener\"><em>Instagramu<\/em><\/a><em>, <\/em><a href=\"https:\/\/www.youtube.com\/@bbcnewsnasrpskom\/videos\" target=\"_blank\" rel=\"noopener\"><em>Jutjubu<\/em><\/a><em> i <\/em><a href=\"https:\/\/invite.viber.com\/?g2=AQBkI0TIwObQ%2F05%2FHQsq%2FNA%2BAuEYxNlidvvazJnHYqbAGJhHDn0L%2BccoktcFf57s\" target=\"_blank\" rel=\"noopener\"><em>Vajberu<\/em><\/a><em>. Ako imate predlog teme za nas, javite se na <a href=\"https:\/\/boom93.rs\/cdn-cgi\/l\/email-protection\" class=\"__cf_email__\" data-cfemail=\"224040414c4351505251494d4f624040410c414d0c5749\" target=\"_blank\" rel=\"noopener\">[email\u00a0protected]<\/a><\/em><\/p>\n<p><noscript><img decoding=\"async\" src=\"https:\/\/a1.api.bbc.co.uk\/hit.xiti\/?s=598346&amp;p=serbian.articles.cgj837nwg6yo.lat.page&amp;x1=%5Burn%3Abbc%3Aoptimo%3Aasset%3Acgj837nwg6yo%5D&amp;x4=%5Bsr-latn%5D&amp;x5=%5Bhttps%3A%2F%2Fwww.bbc.com%2Fserbian%2Farticles%2Fcgj837nwg6yo%2Flat%5D&amp;x7=%5Barticle%5D&amp;x8=%5Bsynd_nojs_ISAPI%5D&amp;x9=%5BHusein+Salami%2C+%C5%A1ef+Iranske+revolucionarne+garde%2C+ubijen+u+izraelskom+napadu%5D&amp;x11=%5B2025-06-13T08%3A04%3A44.947Z%5D&amp;x12=%5B2025-06-13T08%3A05%3A03.45Z%5D&amp;x19=%5Bboom93.com%5D\"\/><\/noscript>\n                        <\/div>\n<p><script async defer src=\"https:\/\/platform.instagram.com\/en_US\/embeds.js\"><\/script><br \/>\n<br \/><a href=\"https:\/\/boom93.rs\/article\/47503\/husein-salami-sef-iranske-revolucionarne-garde-ubijen-u-izraelskom-napadu\" target=\"_blank\" rel=\"noopener\">Source link <\/a><br \/>\n\n Husein Salami, \u0161ef Iranske revolucionarne garde, ubijen u izraelskom napadu<\/p>\n","protected":false},"excerpt":{"rendered":"<p>Koliko pro\u0161log meseca, Salami je upozorio da c\u0301e Teheran \u201eotvoriti vrata pakla\u201c ako ga napadnu Izrael ili SAD. Getty ImagesHusein&hellip;<\/p>\n","protected":false},"author":1,"featured_media":5665,"comment_status":"open","ping_status":"open","sticky":false,"template":"","format":"standard","meta":{"footnotes":""},"categories":[1],"tags":[],"class_list":["post-5664","post","type-post","status-publish","format-standard","has-post-thumbnail","hentry","category-oglasi-raca"],"_links":{"self":[{"href":"https:\/\/oglasi.infooglasi.rs\/oglasi\/oglasiraca\/wp-json\/wp\/v2\/posts\/5664","targetHints":{"allow":["GET"]}}],"collection":[{"href":"https:\/\/oglasi.infooglasi.rs\/oglasi\/oglasiraca\/wp-json\/wp\/v2\/posts"}],"about":[{"href":"https:\/\/oglasi.infooglasi.rs\/oglasi\/oglasiraca\/wp-json\/wp\/v2\/types\/post"}],"author":[{"embeddable":true,"href":"https:\/\/oglasi.infooglasi.rs\/oglasi\/oglasiraca\/wp-json\/wp\/v2\/users\/1"}],"replies":[{"embeddable":true,"href":"https:\/\/oglasi.infooglasi.rs\/oglasi\/oglasiraca\/wp-json\/wp\/v2\/comments?post=5664"}],"version-history":[{"count":0,"href":"https:\/\/oglasi.infooglasi.rs\/oglasi\/oglasiraca\/wp-json\/wp\/v2\/posts\/5664\/revisions"}],"wp:featuredmedia":[{"embeddable":true,"href":"https:\/\/oglasi.infooglasi.rs\/oglasi\/oglasiraca\/wp-json\/wp\/v2\/media\/5665"}],"wp:attachment":[{"href":"https:\/\/oglasi.infooglasi.rs\/oglasi\/oglasiraca\/wp-json\/wp\/v2\/media?parent=5664"}],"wp:term":[{"taxonomy":"category","embeddable":true,"href":"https:\/\/oglasi.infooglasi.rs\/oglasi\/oglasiraca\/wp-json\/wp\/v2\/categories?post=5664"},{"taxonomy":"post_tag","embeddable":true,"href":"https:\/\/oglasi.infooglasi.rs\/oglasi\/oglasiraca\/wp-json\/wp\/v2\/tags?post=5664"}],"curies":[{"name":"wp","href":"https:\/\/api.w.org\/{rel}","templated":true}]}}