{"id":5670,"date":"2025-06-22T18:49:42","date_gmt":"2025-06-22T16:49:42","guid":{"rendered":"https:\/\/oglasi.infooglasi.rs\/oglasi\/oglasiraca\/pozari-na-hrvatskom-primorju-pod-kontrolom-traga-se-za-piromanima-oglasi-raca\/"},"modified":"2025-06-22T18:49:42","modified_gmt":"2025-06-22T16:49:42","slug":"pozari-na-hrvatskom-primorju-pod-kontrolom-traga-se-za-piromanima-oglasi-raca","status":"publish","type":"post","link":"https:\/\/oglasi.infooglasi.rs\/oglasi\/oglasiraca\/pozari-na-hrvatskom-primorju-pod-kontrolom-traga-se-za-piromanima-oglasi-raca\/","title":{"rendered":"Po\u017eari na hrvatskom primorju pod kontrolom, traga se za piromanima &#8211; OGLASI RA\u010cA"},"content":{"rendered":"<p><\/p>\n<p>Vatrogasci su lokalizovali po\u017ear na hrvatskom primorju. Policija sumnja da su po\u017eari podmetnuti.<\/p>\n<div>\n<figure>         <img loading=\"lazy\" decoding=\"async\" alt=\"po\u017ear, hrvatska, makarska, omi\u0161\" src=\"https:\/\/boom93.rs\/image\/cache\/extra-large\/files\/images\/1750592528.5248\" width=\"998\" height=\"561\"\/>         <\/p>\n<footer>Reuters<\/footer><figcaption>Vatrogasci u akciji na jednoj od lokacija gde je vatra pretila da proguta ku\u0107e<\/figcaption><\/figure>\n<p>Veliki po\u017eari koji su 21. juna buknuli na podru\u010dju izme\u0111u Omi\u0161a i Makarske na hrvatskom primorju trenutno su pod kontrolom, ka\u017eu vatrogasne slu\u017ebe.   <\/p>\n<p>Vatru je tokom tokom dana i no\u0107i gasilo oko 200 vatrogasaca, desetine vozila i pet kanadera.  <\/p>\n<p>\u201eNo\u0107 nije pro\u0161la dobro, kao i jutro. Konstantno se pojavljivala vatra, vetar ju je rasplamsavao.  <\/p>\n<p>\u201eUspeli smo da re\u0161imo situaciju i sada je mirno&#8221;, <a href=\"https:\/\/vijesti.hrt.hr\/hrvatska\/pesic-pozar-je-lokaliziran-reduciramo-vatrogasce-na-terenu-12214829\" target=\"_blank\" rel=\"noopener\">izjavio je<\/a> Vi\u0161eslav Pe\u0161i\u0107, komandant vatrogasnih slu\u017ebi Omi\u0161a, mesta na oko 25 kilometara od Splita, najve\u0107eg grada u Dalmaciji. <\/p>\n<p>Izgorelo je oko 290 hektara povr\u0161ine i u toku je sanacija terena. <\/p>\n<p>Uni\u0161tene su neke ku\u0107e u nekim priobalnim mestima u Splitsko-dalmatinskoj \u017eupaniji, a izgoreo je i pogon za proizvodnju maslinovog ulja u Maru\u0161i\u0107ima, jedna od najve\u0107ih u Hrvatskoj, <a href=\"https:\/\/dnevnik.hr\/vijesti\/hrvatska\/direktor-uljare-orgula-potvrdio-da-je-izgorjela-u-pozaru---920197.html\" target=\"_blank\" rel=\"noopener\">javili su mediji<\/a>.<\/p>\n<p>Nekoliko vatrogasaca i civila je povre\u0111eno, ali <a href=\"https:\/\/balkans.aljazeera.net\/video\/2025\/6\/21\/pozar-kod-omisa-pod-kontrolom-pred-vatrogascima-budna-noc\" target=\"_blank\" rel=\"noopener\">niko nije \u017eivotno ugro\u017een<\/a>.<\/p>\n<p>Policija je saop\u0161tila da je utvrdila da su neki od po\u017eara podmetnuti i da tragaju za po\u010diniocem ili po\u010diniocima. <\/p>\n<p>Izgorele su \u017eivotinje, kombiji, automobili, motori, pi\u0161e <a href=\"https:\/\/www.index.hr\/vijesti\/clanak\/turisti-pobjegli-nema-kuce-koja-nije-stradala-ljudi-u-mraku-i-strahu-provode-noc\/2682953.aspx\" target=\"_blank\" rel=\"noopener\">Index.hr<\/a>. <\/p>\n<p>Nema ku\u0107e koju vatra nije barem dotakla, a mnoge su o\u0161te\u0107ene. <\/p>\n<p>Nekima je uni\u0161teno i sve \u0161to su imali oko ku\u0107a. <\/p>\n<p>\u0160teta je ogromna, pi\u0161e hrvatski portal.<\/p>\n<p>Neke ku\u0107e su nagorele spolja, druge iznutra, neki su ostali bez krovova, a zidovi su crni od dima. <\/p>\n<h2>&#8216;Ku\u0107a mi je gorela pred o\u010dima&#8217; <\/h2>\n<p>Vatra je buknula rano ujutru 21. juna na podru\u010dju Piska, isto\u010dno od Omi\u0161a, ali je vrlo brzo zahvatila i okolna mesta.<\/p>\n<p>Jedno od najte\u017ee pogo\u0111enih mesta je selo Maru\u0161i\u0107i, na obroncima planine Dinare, na podru\u010dju Omi\u0161a, 30-ak kilometara od Splita, najve\u0107eg grada u Dalmaciji.<\/p>\n<p>\u201eHtela sam da ostanem, da branim ku\u0107u, ali mi je policija naredila da odem.<\/p>\n<p>\u201eGledala sam kako mi ku\u0107a gori i plakala, htela sam da ostanem, da gasim vatru&#8230; Nikoga nije bilo da pomogne, zvala sam&#8221;, rekla je stanovnica ovog mesta za <a href=\"https:\/\/vijesti.hrt.hr\/hrvatska\/svjedocanstva-stanovnika-ovo-je-pakao-nitko-mi-ne-gasi-kucu-12213734\" target=\"_blank\" rel=\"noopener\">HRT<\/a>.<\/p>\n<p>Mu\u0161karac koji se zatekao u Maru\u0161i\u0107ima opisao je kako su poku\u0161avali da gase vatru koja je zahvatila ku\u0107e, dok su vatrogasci bili rastrzani na sve strane.<\/p>\n<p>\u201eOvo je pakao, pakao &#8211; izgorelo je sve. <\/p>\n<p>\u201eOno \u0161to su ljudi renovirali pro\u0161le godine, izgorelo je. Svega nas \u010detiri, pet je gasilo, a jadni vatrogasci, gasili su koliko su mogli, svuda su leteli&#8221;, ka\u017ee.<\/p>\n<figure>         <img loading=\"lazy\" decoding=\"async\" alt=\"po\u017ear, hrvatska, omi\u0161, makarska\" src=\"https:\/\/boom93.rs\/image\/cache\/extra-large\/files\/images\/1750592528.6654\" width=\"1037\" height=\"583\"\/>         <\/p>\n<footer>Reuters<\/footer><figcaption>Turisti be\u017ee od po\u017eara<\/figcaption><\/figure>\n<p>Evakuisanim turistima i me\u0161tanima organizovan je sme\u0161taj u gradskoj dvorani u Omi\u0161u. <\/p>\n<p>Turista, koji je sa porodicom boravio u obli\u017enjem Pisku, rekao je da su se spasili u poslednji \u010das.<\/p>\n<p>\u201eDeset minuta je nedostajalo&#8230; Primetili smo dim, uzeli smo samo dokumente, i izleteli iz ku\u0107e. <\/p>\n<p>\u201eSve je oko ku\u0107e ve\u0107 bilo zadimljeno. <\/p>\n<p>\u201eSpustili smo se do magistrale, krenuli autom 300 metara. Tu smo stali, ljudi su ve\u0107 po\u010deli da se okupljaju, a kada smo se okrenuli &#8211; sve oko ku\u0107e je bilo u plamenu&#8221;, ispri\u010dao je za Hrvatsku televiziju.<\/p>\n<figure>         <img loading=\"lazy\" decoding=\"async\" alt=\"po\u017ear, hrvatska, omi\u0161, makarska\" src=\"https:\/\/boom93.rs\/image\/cache\/extra-large\/files\/images\/1750592528.8085\" width=\"976\" height=\"549\"\/>         <\/p>\n<footer>Reuters<\/footer>\n<\/figure>\n<h2>Policija: &#8216;Utvrdili smo da je na nekim lokacijama po\u017ear podmetnut&#8217;<\/h2>\n<p>Splitske vatrogasne slu\u017ebe dobile su poziv oko sedam sati 21. juna da je na podru\u010dju Piska, kod Omi\u0161a, izbio veliki po\u017ear.<\/p>\n<p>Hrvatski portal <a href=\"https:\/\/www.index.hr\/vijesti\/clanak\/video-veliki-pozar-izmedju-omisa-i-makarske-nemamo-kontrolu-spasavamo-kucu-po-kucu\/2682786.aspx?index_tid=715502&amp;index_ref=naslovnica_vijesti_prva_d\" target=\"_blank\" rel=\"noopener\">Index.hr<\/a> citirao je neke me\u0161tane koji sumnjaju da je po\u017ear namerno podmetnut.<\/p>\n<p>\u201eLjudi pri\u010daju da se po mestu poslednjih dana vi\u0111a osoba na motoru koja pali vatru&#8221;, citira Index.hr neimenovanog stanovnika.<\/p>\n<p>Policija je potvrdila ranije izve\u0161taje da su na nekim lokacijama na podru\u010dju Makarske i Omi\u0161a po\u017eari podmetnuti.<\/p>\n<p>\u201e\u010cinimo sve da \u0161to pre do\u0111emo do po\u010dinilaca&#8221;, rekao je Sini\u0161a Mihanovi\u0107, zamenik na\u010delnika Splitsko-dalmatinske policijske uprave.<\/p>\n<p>\u201eZa sada ne mo\u017eemo da ka\u017eemo da li je re\u010d o jednom ili vi\u0161e po\u010dinilaca. <\/p>\n<p>\u201eNa jednoj lokaciji smo utvrdili na koji je na\u010din po\u017ear podmetnut&#8221;, dodao je.<\/p>\n<p><strong>Pogledajte video: Jedina ku\u0107a u ulici koja nije izgorela u po\u017earu u Los An\u0111elesu<\/strong><\/p>\n<p>\u0160umski po\u017eari na hrvatskom primorju nisu neuobi\u010dajeni, pogotovo leti.<\/p>\n<p>U avgustu 2024. godine, danima i no\u0107ima trajala je borba vatrogasaca, sa kopna i iz vazduha, da obuzdaju <a href=\"https:\/\/www.bbc.com\/serbian\/lat\/srbija-69298962?xtor=AL-73-%5Bpartner%5D-%5Bboom93.com%5D-%5Blink%5D-%5Bserbian%5D-%5Bbizdev%5D-%5Bisapi%5D\" target=\"_blank\" rel=\"noopener\">po\u017ear koji je buknuo u okolini Splita<\/a>, najve\u0107eg grada na hrvatskom primorju.<\/p>\n<p>Izgorelo je 700 hektara \u0161ume, niskog rastinja i trave, a tri vatrogasca su lak\u0161e povre\u0111ena, javila je tada Hrvatska radio-televizija.<\/p>\n<p>BBC na srpskom je od sada i na Jutjubu, pratite nas <a href=\"https:\/\/www.youtube.com\/@bbcnewsnasrpskom\/videos\" target=\"_blank\" rel=\"noopener\">OVDE.<\/a><\/p>\n<p>Pratite nas na <a href=\"https:\/\/www.facebook.com\/BBCNewsnasrpskom\" target=\"_blank\" rel=\"noopener\">Fejsbuku<\/a>, <a href=\"https:\/\/x.com\/bbcnasrpskom\" target=\"_blank\">Tviteru<\/a>, <a href=\"https:\/\/www.instagram.com\/bbcnewsnasrpskom\/\" target=\"_blank\" rel=\"noopener\">Instagramu<\/a>, <a href=\"https:\/\/www.youtube.com\/@bbcnewsnasrpskom\/videos\" target=\"_blank\" rel=\"noopener\">Jutjubu<\/a> i <a href=\"https:\/\/invite.viber.com\/?g2=AQBkI0TIwObQ%2F05%2FHQsq%2FNA%2BAuEYxNlidvvazJnHYqbAGJhHDn0L%2BccoktcFf57s\" target=\"_blank\" rel=\"noopener\">Vajberu<\/a>. Ako imate predlog teme za nas, javite se na <em><a href=\"https:\/\/boom93.rs\/cdn-cgi\/l\/email-protection\" class=\"__cf_email__\" data-cfemail=\"92f0f0f1fcf3e1e0e2e1f9fdffd2f0f0f1bcf1fdbce7f9\" target=\"_blank\" rel=\"noopener\">[email\u00a0protected]<\/a><\/em><\/p>\n<p><noscript><img decoding=\"async\" src=\"https:\/\/a1.api.bbc.co.uk\/hit.xiti\/?s=598346&amp;p=serbian.articles.cwyx5re1xrjo.lat.page&amp;x1=%5Burn%3Abbc%3Aoptimo%3Aasset%3Acwyx5re1xrjo%5D&amp;x4=%5Bsr-latn%5D&amp;x5=%5Bhttps%3A%2F%2Fwww.bbc.com%2Fserbian%2Farticles%2Fcwyx5re1xrjo%2Flat%5D&amp;x7=%5Barticle%5D&amp;x8=%5Bsynd_nojs_ISAPI%5D&amp;x9=%5BPo%C5%BEari+na+hrvatskom+primorju+pod+kontrolom%2C+traga+se+za+piromanima%5D&amp;x11=%5B2025-06-21T08%3A20%3A29.203Z%5D&amp;x12=%5B2025-06-22T09%3A07%3A57.383Z%5D&amp;x19=%5Bboom93.com%5D\"\/><\/noscript>\n                        <\/div>\n<p><script async defer src=\"https:\/\/platform.instagram.com\/en_US\/embeds.js\"><\/script><br \/>\n<br \/><a href=\"https:\/\/boom93.rs\/article\/47830\/pozari-na-hrvatskom-primorju-pod-kontrolom-traga-se-za-piromanima\" target=\"_blank\" rel=\"noopener\">Source link <\/a><br \/>\n\n Po\u017eari na hrvatskom primorju pod kontrolom, traga se za piromanima<\/p>\n","protected":false},"excerpt":{"rendered":"<p>Vatrogasci su lokalizovali po\u017ear na hrvatskom primorju. Policija sumnja da su po\u017eari podmetnuti. ReutersVatrogasci u akciji na jednoj od lokacija&hellip;<\/p>\n","protected":false},"author":1,"featured_media":5671,"comment_status":"open","ping_status":"open","sticky":false,"template":"","format":"standard","meta":{"footnotes":""},"categories":[1],"tags":[],"class_list":["post-5670","post","type-post","status-publish","format-standard","has-post-thumbnail","hentry","category-oglasi-raca"],"_links":{"self":[{"href":"https:\/\/oglasi.infooglasi.rs\/oglasi\/oglasiraca\/wp-json\/wp\/v2\/posts\/5670","targetHints":{"allow":["GET"]}}],"collection":[{"href":"https:\/\/oglasi.infooglasi.rs\/oglasi\/oglasiraca\/wp-json\/wp\/v2\/posts"}],"about":[{"href":"https:\/\/oglasi.infooglasi.rs\/oglasi\/oglasiraca\/wp-json\/wp\/v2\/types\/post"}],"author":[{"embeddable":true,"href":"https:\/\/oglasi.infooglasi.rs\/oglasi\/oglasiraca\/wp-json\/wp\/v2\/users\/1"}],"replies":[{"embeddable":true,"href":"https:\/\/oglasi.infooglasi.rs\/oglasi\/oglasiraca\/wp-json\/wp\/v2\/comments?post=5670"}],"version-history":[{"count":0,"href":"https:\/\/oglasi.infooglasi.rs\/oglasi\/oglasiraca\/wp-json\/wp\/v2\/posts\/5670\/revisions"}],"wp:featuredmedia":[{"embeddable":true,"href":"https:\/\/oglasi.infooglasi.rs\/oglasi\/oglasiraca\/wp-json\/wp\/v2\/media\/5671"}],"wp:attachment":[{"href":"https:\/\/oglasi.infooglasi.rs\/oglasi\/oglasiraca\/wp-json\/wp\/v2\/media?parent=5670"}],"wp:term":[{"taxonomy":"category","embeddable":true,"href":"https:\/\/oglasi.infooglasi.rs\/oglasi\/oglasiraca\/wp-json\/wp\/v2\/categories?post=5670"},{"taxonomy":"post_tag","embeddable":true,"href":"https:\/\/oglasi.infooglasi.rs\/oglasi\/oglasiraca\/wp-json\/wp\/v2\/tags?post=5670"}],"curies":[{"name":"wp","href":"https:\/\/api.w.org\/{rel}","templated":true}]}}