{"id":5353,"date":"2023-10-30T20:40:05","date_gmt":"2023-10-30T19:40:05","guid":{"rendered":"https:\/\/oglasi.infooglasi.rs\/oglasi\/oglasiraska\/danas-pocinju-raske-duhovne-svecanosti-2023-zavrsavaju-se-20-avgusta-oglasi-raska\/"},"modified":"2023-10-30T20:40:05","modified_gmt":"2023-10-30T19:40:05","slug":"danas-pocinju-raske-duhovne-svecanosti-2023-zavrsavaju-se-20-avgusta-oglasi-raska","status":"publish","type":"post","link":"https:\/\/oglasi.infooglasi.rs\/oglasi\/oglasiraska\/danas-pocinju-raske-duhovne-svecanosti-2023-zavrsavaju-se-20-avgusta-oglasi-raska\/","title":{"rendered":"Danas po\u010dinju RA\u0160KE DUHOVNE SVE\u010cANOSTI 2023, zavr\u0161avaju se 20. avgusta &#8211; OGLASI RA\u0160KA"},"content":{"rendered":"<p><\/p>\n<div>\n<p style=\"text-align: justify;\">Manifestacija RA\u0160KE DUHOVNE SVE\u010cANOSTI 2023 odr\u017ea\u0107e se od 14. do 20. avgusta u Ra\u0161ki pod sloganom \u201cTreba vremena da postane\u0161 mlad\u2026\u201d.<\/p>\n<p style=\"text-align: justify;\">Razvijaju\u0107i svest o sopstvenim kulturnim vrednostima i kreiranju kulturnog identiteta, manifestacija je izrasla u jednu od najuspe\u0161nijih i najzna\u010dajnijih u zemlji. Promocija najvi\u0161ih kulturnih, nau\u010dnih i umetni\u010dkih vrednosti, originalan koncept, bogat i raznovrstan program za decu, izlo\u017ebe, koncerti, knji\u017eevni i pozori\u0161ni program doprineli su da manifestacija okupi najzna\u010dajnija imena iz sveta umetnosti, kulture, muzike i filma.<br \/>Od 2000. godine na Ra\u0161kim duhovnim sve\u010danostima dodeljuje se priznanje \u201eStefan Prvoven\u010dani\u201c za izuzetan doprinos srpskoj kulturi.<\/p>\n<p style=\"text-align: justify;\"><strong>RA\u0160KE DUHOVNE SVE\u010cANOSTI 2023 \u2013 program<\/strong><\/p>\n<p style=\"text-align: justify;\"><strong>Ponedeljak, 14. AVGUST<\/strong><\/p>\n<ul style=\"text-align: justify;\">\n<li>12.00 Dom kulture<br \/>KNjI\u017dEVNI SUSRET ZA DECU I ODRASLE SA URO\u0160EM PETROVI\u0106EM<\/li>\n<li>17.00 Galerija CK \u201eGradac\u201d<br \/>Promocija knjige TREBA VREMENA DA POSTANE\u0160 MLAD Velimira Velje Pavlovi\u0107a<br \/>U\u010destvuju: Katarina Pavlovi\u0107, Mirjana Ognjanovi\u0107 i Petar Janjatovi\u0107<\/li>\n<li>19.30 Dom kulture<br \/>SVE\u010cANO OTVARANjE XXIX RA\u0160KIH DUHOVNIH SVE\u010cANOSTI<br \/>Pozdravna re\u010d predsednika op\u0161tine Ra\u0161ka<br \/>Edicija \u201eRa\u0161ke duhovne sve\u010danosti\u201d, knj. 4 GEOGRAFIJA RASUTOG SRCA Petra Pece Popovi\u0107a<br \/>U\u010destvuju: \u0110or\u0111e Mati\u0107 i Peca Popovi\u0107 Muzi\u010dka podr\u0161ka \u010covek zvani Bob<br \/>Koncert AMIRA MEDUNjANIN I ANTONIO VRBI\u010cKI<\/li>\n<\/ul>\n<p style=\"text-align: justify;\"><strong>Utorak, 15. AVGUST<\/strong><\/p>\n<ul style=\"text-align: justify;\">\n<li>10.00 Gradski trg<br \/>ZAGONETNA POTRAGA<br \/>Detektivska avantura sa Uro\u0161em Petrovi\u0107em<\/li>\n<li>17.00 Galerija CK \u201eGradac\u201d<br \/>SVETOVI DOSTOJEVSKOG U PRIPOVECI \u201eSAN SME\u0160NOG \u010cOVEKA\u201d<br \/>U\u010destvuje: Milovan Balaban<\/li>\n<li>19.00 Galerija CK \u201eGradac\u201d<br \/>Otvaranje izlo\u017ebe SRPSKI KUBIZAM Sr\u0111ana Kuljanina<br \/>U\u010destvuju: Stefan Todorovi\u0107 i Sr\u0111an Kuljanin<\/li>\n<li>20.00 Plato ispred Dom culture Predpromocija knjige \u2013 AKO VOLITE BLUZ<br \/>U\u010destvuju: Goran Stoji\u010di\u0107 i Vladislav Pejak<br \/>koncert \u2013 SIROVA KO\u017dA<\/li>\n<\/ul>\n<p style=\"text-align: justify;\"><strong>Sreda, 16. AVGUST<\/strong><\/p>\n<ul style=\"text-align: justify;\">\n<li>10.00 \u2013 13.00 Plato kod fontane<br \/>RADIONICA MOZAIKA Ljiljane Rivi\u0107<\/li>\n<li>17.00 Galerija CK \u201eGradac\u201d<br \/>Projekcija filma YU GRUPA \u2013 TRENUTAK SNA reditelj: Darko Lungulov<br \/>u\u010destvuju: Petar Janjatovi\u0107 i \u0110or\u0111e Mati\u0107<\/li>\n<li>19.30 Dom kulture<br \/>Serijal \u201eZA\u0160TO VOLIM SRBIJU\u201d MOJA \u017dUPA, MOJA OKEANIJA<br \/>U\u010destvuju: Peca Popovi\u0107, Ivan Brbori\u0107, Vanja Ali\u010d, Tomislav Ivanovi\u0107 Predstavljanje vinarija manastira Studenica, Spasi\u0107, BotunjacMilin\u010di\u0107, Bogdanovi\u0107 i Ra\u0161kovi\u0107<\/li>\n<li>Koncert TEODOSI SPASOV TRIO<\/li>\n<\/ul>\n<p style=\"text-align: justify;\"><strong>\u010cetvrtak, 17. AVGUST<\/strong><\/p>\n<ul style=\"text-align: justify;\">\n<li>10.00 \u2013 13.00 Plato kod fontane<br \/>RADIONICA MOZAIKA Ljiljane Rivi\u0107<\/li>\n<li>13.00 Dom kulture<br \/>VASPITAVANjE PRED SPAVANjE Tode Nikoleti\u0107<\/li>\n<li>17.00 Galerija CK \u201eGradac\u201d<br \/>Promocija knjige ZAPISI SA PREDUMI\u0160LjAJEM Milutina Dedi\u0107a<br \/>U\u010destvuju: Radoman Kanjevac, \u0110or\u0111e Mati\u0107Neboj\u0161a Gruji\u010di\u0107 i Bojan Munjin<\/li>\n<li>19.30 Dom kulture<br \/>Koncert LjUBI\u0160A JOVANOVI\u0106, flauta ALEKSANDAR SERDAR, klavir<\/li>\n<li>Pozori\u0161na predstava USPOMENE SARE BERNAR<br \/>Tekst: D\u017eon Marser, re\u017eijaSta\u0161a Koprivica, igraju: Tanja Bo\u0161kovi\u0107 i Dejan \u0110onovi\u0107<\/li>\n<\/ul>\n<p style=\"text-align: justify;\"><strong>Petak, 18. AVGUST<\/strong><\/p>\n<ul style=\"text-align: justify;\">\n<li>10.00 \u2013 13.00 Plato kod fontane<br \/>RADIONICA MOZAIKA Ljiljane Rivi\u0107<\/li>\n<li>17.00 Galerija CK \u201eGradac \u201d<br \/>Tribina MI, ANDRI\u0106 I CRNjANSKI<br \/>U\u010destvuju: dr Gorana Rai\u010devi\u0107, dr \u017daneta \u0110uki\u0107-Peri\u0161i\u0107 i Bora Babi\u0107 Razgovor vodi: Vule \u017duri\u0107<\/li>\n<li>19.30 Dom kulture<br \/>Predstavljanje knjiga Tanje Nje\u017ei\u0107 o GORANU PASKALjEVI\u0106U I NEDI ARNERI\u0106<br \/>U\u010destvuju: Tanja Nje\u017ei\u0107 i Radoslav Zelenovi\u0107<\/li>\n<li>Pozori\u0161na predstava AUDIJENCIJA<br \/>Tekst: Vaclav Havel, re\u017eija: Milan Ne\u0161kovi\u0107 Igraju: Nikola Rako\u010devi\u0107 i Miodrag Radonji\u0107<\/li>\n<\/ul>\n<p style=\"text-align: justify;\"><strong>Subota, 19. AVGUST<\/strong><\/p>\n<ul style=\"text-align: justify;\">\n<li>12.00 Galerija CK \u201eGradac\u201d<br \/>MALAC GENIJALAC radionica mentalne aritmetike<\/li>\n<li>17.00 Galerija CK \u201eGradac\u201d<br \/>Tribina RADIO-TALASI ZAPLjUSKUJU KNjI\u017dEVNOST<br \/>U\u010destvuju: Radoman Kanjevac, Ranko Stojilovi\u0107 i Predrag \u0160ar\u010devi\u0107 Razgovor vodi: Vule \u017duri\u0107<\/li>\n<li>19.30 Dom kulture<br \/>SVE\u010cANA DODELA PRIZNANjA \u201eSTEFAN PRVOVEN\u010cANI\u201d I PROGRAM POSVE\u0106EN DOBITNIKU<\/li>\n<li>Koncert MIROSLAV TADI\u0106 \u2013 gitara, YVETTE HOLZWARTH violina i glas, BRANKO BAKO JOVANOVI\u0106- tambura<\/li>\n<\/ul>\n<p style=\"text-align: justify;\"><strong>Nedelja, 20. AVGUST<\/strong><\/p>\n<ul>\n<li style=\"text-align: justify;\">20.00 Dom kulture<br \/>Promocija CD-a OD ZLATA JABUKA<br \/>U\u010destvuju frula\u0161i: Dalibor Todorovi\u0107, Du\u0161an Anti\u0107, Stefan Radovanovi\u0107, Veljko Petronijevi\u0107 i Miljan Tokovi\u0107<\/li>\n<\/ul>\n<p><span style=\"font-size: 8pt;\">izvor i foto:<a href=\"https:\/\/www.rds.org.rs\/\" target=\"_blank\" rel=\"noopener noreferrer\">rds.org.rs<\/a><\/span><\/p>\n<\/p><\/div>\n<p><a href=\"https:\/\/kopaonikonline.com\/danas-pocinju-raske-duhovne-svecanosti-2023-zavrsavaju-se-20-avgusta\/\" target=\"_blank\" rel=\"noopener\">Source link <\/a><br \/>\n\n Danas po\u010dinju RA\u0160KE DUHOVNE SVE\u010cANOSTI 2023, zavr\u0161avaju se 20. avgusta<\/p>\n","protected":false},"excerpt":{"rendered":"<p>Manifestacija RA\u0160KE DUHOVNE SVE\u010cANOSTI 2023 odr\u017ea\u0107e se od 14. do 20. avgusta u Ra\u0161ki pod sloganom \u201cTreba vremena da postane\u0161&hellip;<\/p>\n","protected":false},"author":1,"featured_media":5354,"comment_status":"open","ping_status":"open","sticky":false,"template":"","format":"standard","meta":{"footnotes":""},"categories":[1],"tags":[],"class_list":["post-5353","post","type-post","status-publish","format-standard","has-post-thumbnail","hentry","category-oglasi-raska"],"_links":{"self":[{"href":"https:\/\/oglasi.infooglasi.rs\/oglasi\/oglasiraska\/wp-json\/wp\/v2\/posts\/5353","targetHints":{"allow":["GET"]}}],"collection":[{"href":"https:\/\/oglasi.infooglasi.rs\/oglasi\/oglasiraska\/wp-json\/wp\/v2\/posts"}],"about":[{"href":"https:\/\/oglasi.infooglasi.rs\/oglasi\/oglasiraska\/wp-json\/wp\/v2\/types\/post"}],"author":[{"embeddable":true,"href":"https:\/\/oglasi.infooglasi.rs\/oglasi\/oglasiraska\/wp-json\/wp\/v2\/users\/1"}],"replies":[{"embeddable":true,"href":"https:\/\/oglasi.infooglasi.rs\/oglasi\/oglasiraska\/wp-json\/wp\/v2\/comments?post=5353"}],"version-history":[{"count":0,"href":"https:\/\/oglasi.infooglasi.rs\/oglasi\/oglasiraska\/wp-json\/wp\/v2\/posts\/5353\/revisions"}],"wp:featuredmedia":[{"embeddable":true,"href":"https:\/\/oglasi.infooglasi.rs\/oglasi\/oglasiraska\/wp-json\/wp\/v2\/media\/5354"}],"wp:attachment":[{"href":"https:\/\/oglasi.infooglasi.rs\/oglasi\/oglasiraska\/wp-json\/wp\/v2\/media?parent=5353"}],"wp:term":[{"taxonomy":"category","embeddable":true,"href":"https:\/\/oglasi.infooglasi.rs\/oglasi\/oglasiraska\/wp-json\/wp\/v2\/categories?post=5353"},{"taxonomy":"post_tag","embeddable":true,"href":"https:\/\/oglasi.infooglasi.rs\/oglasi\/oglasiraska\/wp-json\/wp\/v2\/tags?post=5353"}],"curies":[{"name":"wp","href":"https:\/\/api.w.org\/{rel}","templated":true}]}}