{"id":5363,"date":"2023-11-10T08:48:32","date_gmt":"2023-11-10T07:48:32","guid":{"rendered":"https:\/\/oglasi.infooglasi.rs\/oglasi\/oglasiraska\/dani-akreditacije-dom-zdravlja-raska-oglasi-raska\/"},"modified":"2023-11-10T08:48:32","modified_gmt":"2023-11-10T07:48:32","slug":"dani-akreditacije-dom-zdravlja-raska-oglasi-raska","status":"publish","type":"post","link":"https:\/\/oglasi.infooglasi.rs\/oglasi\/oglasiraska\/dani-akreditacije-dom-zdravlja-raska-oglasi-raska\/","title":{"rendered":"Dani akreditacije \u2013 Dom zdravlja Ra\u0161ka &#8211; OGLASI RA\u0160KA"},"content":{"rendered":"<p><\/p>\n<div id=\"post-558\">\n<figure class=\"ct-featured-image ct-hidden-sm\">\n<div class=\"ct-image-container\"><img loading=\"lazy\" width=\"480\" height=\"343\" class=\"attachment-full size-full wp-post-image\" alt=\"\" decoding=\"async\" srcset=\"https:\/\/www.dzraska.rs\/wp-content\/uploads\/2022\/07\/dz_danas.jpg 480w, https:\/\/www.dzraska.rs\/wp-content\/uploads\/2022\/07\/dz_danas-300x214.jpg 300w\" sizes=\"auto, (max-width: 480px) 100vw, 480px\" itemprop=\"image\" src=\"https:\/\/www.dzraska.rs\/dani-akreditacije\/aspect-ratio: 480\/343;\"\/><\/div>\n<\/figure>\n<div class=\"entry-content\">\n<p>Na sastanku menad\u017ementa Doma zdravlja Ra\u0161ka od 07.04.2014.godine doneta je odluka da Dom zdravlja u narednom periodu u\u0111e u proces akreditacije.<\/p>\n<p>U okviru projekta \u201ePru\u017eanje unapre\u0111enih usluga na lokalnom nivou\u201c(DILS) 14.04.2014.godine izme\u0111u Ministarstva zdravlja RS i Doma zdravlja Ra\u0161ka potpisan je ugovor o sufinansiranju postupka akreditacije.<span id=\"more-13\"\/><\/p>\n<p>Ugovor o akreditaciji Doma zdravlja Ra\u0161ka izme\u0111u Agencije za akreditaciju zdravstvenih ustanova Srbije i Doma zdravlja Ra\u0161ka potpisan je 15.04.2014.godine.<\/p>\n<p>Potreban materijal i usmene instrukcije za proces samoocenjivanja isporu\u010deni su ZU 12.05.2014.godine<\/p>\n<p>U periodu od 15.05. 2014 godine do 27.10.2014.godine ura\u0111en je proces samoocenjivanja.U procesu samoocenjivanja u\u010destvovalo je 12 timova koji su brojali od 4 do 8 \u010dlanova. U timovima su bili zastupljeni zaposleni svih nivoa obrazovanja i svih nivoa odgovornosti u datoj slu\u017ebi.<\/p>\n<p>Poseta eksternih ocenjiva\u010da Domu zdravlja Ra\u0161ka zakazana je za\u00a0<strong>05,06 i 07 april.2015.godine.<\/strong>\u00a0(DANI AKREDITACIJE)<\/p>\n<p><img loading=\"lazy\" decoding=\"async\" class=\"alignnone size-full wp-image-1132\" src=\"https:\/\/www.dzraska.rs\/wp-content\/uploads\/2022\/07\/dani_akreditacije.jpg\" alt=\"\" width=\"680\" height=\"214\" srcset=\"https:\/\/www.dzraska.rs\/wp-content\/uploads\/2022\/07\/dani_akreditacije.jpg 680w, https:\/\/www.dzraska.rs\/wp-content\/uploads\/2022\/07\/dani_akreditacije-300x94.jpg 300w\" sizes=\"auto, (max-width: 680px) 100vw, 680px\"\/><\/p>\n<\/p><\/div>\n<nav class=\"post-navigation \">\n<p>\t\t\t\t\t\t\t<a href=\"https:\/\/www.dzraska.rs\/dani-reakreditacije\/\" class=\"nav-item-next\" target=\"_blank\" rel=\"noopener\"><\/p>\n<p>\n\t\t\t\t\t\t<span class=\"item-label\"><br \/>\n\t\t\t\t\t\t\tNext <span>\u010clanak<\/span>\t\t\t\t\t\t<\/span><\/p>\n<p>\t\t\t\t\t\t\t\t\t\t\t\t\t<span class=\"item-title ct-hidden-sm\"><br \/>\n\t\t\t\t\t\t\t\tDani reakreditacije\t\t\t\t\t\t\t<\/span>\n\t\t\t\t\t\t\t\t\t\t\t<\/p>\n<figure class=\"ct-image-container  \"><img width=\"300\" height=\"214\" class=\"attachment-medium size-medium wp-post-image\" alt=\"\" decoding=\"async\" loading=\"lazy\" srcset=\"https:\/\/www.dzraska.rs\/wp-content\/uploads\/2022\/07\/dz_danas-300x214.jpg 300w, https:\/\/www.dzraska.rs\/wp-content\/uploads\/2022\/07\/dz_danas.jpg 480w\" sizes=\"auto, (max-width: 300px) 100vw, 300px\" itemprop=\"image\" src=\"https:\/\/www.dzraska.rs\/dani-akreditacije\/aspect-ratio: 1\/1;\"\/><svg width=\"20px\" height=\"15px\" viewbox=\"0 0 20 15\"><polygon points=\"14.5,2 13.6,2.9 17.6,6.9 0,6.9 0,8.1 17.6,8.1 13.6,12.1 14.5,13 20,7.5 \"\/><\/svg><\/figure>\n<p>\t\t\t\t<\/a><\/p>\n<\/nav><\/div>\n<p><a href=\"https:\/\/www.dzraska.rs\/dani-akreditacije\/\" target=\"_blank\" rel=\"noopener\">Source link <\/a><br \/>\n\n Dani akreditacije \u2013 Dom zdravlja Ra\u0161ka<\/p>\n","protected":false},"excerpt":{"rendered":"<p>Na sastanku menad\u017ementa Doma zdravlja Ra\u0161ka od 07.04.2014.godine doneta je odluka da Dom zdravlja u narednom periodu u\u0111e u proces&hellip;<\/p>\n","protected":false},"author":1,"featured_media":0,"comment_status":"open","ping_status":"open","sticky":false,"template":"","format":"standard","meta":{"footnotes":""},"categories":[1],"tags":[],"class_list":["post-5363","post","type-post","status-publish","format-standard","hentry","category-oglasi-raska"],"_links":{"self":[{"href":"https:\/\/oglasi.infooglasi.rs\/oglasi\/oglasiraska\/wp-json\/wp\/v2\/posts\/5363","targetHints":{"allow":["GET"]}}],"collection":[{"href":"https:\/\/oglasi.infooglasi.rs\/oglasi\/oglasiraska\/wp-json\/wp\/v2\/posts"}],"about":[{"href":"https:\/\/oglasi.infooglasi.rs\/oglasi\/oglasiraska\/wp-json\/wp\/v2\/types\/post"}],"author":[{"embeddable":true,"href":"https:\/\/oglasi.infooglasi.rs\/oglasi\/oglasiraska\/wp-json\/wp\/v2\/users\/1"}],"replies":[{"embeddable":true,"href":"https:\/\/oglasi.infooglasi.rs\/oglasi\/oglasiraska\/wp-json\/wp\/v2\/comments?post=5363"}],"version-history":[{"count":0,"href":"https:\/\/oglasi.infooglasi.rs\/oglasi\/oglasiraska\/wp-json\/wp\/v2\/posts\/5363\/revisions"}],"wp:attachment":[{"href":"https:\/\/oglasi.infooglasi.rs\/oglasi\/oglasiraska\/wp-json\/wp\/v2\/media?parent=5363"}],"wp:term":[{"taxonomy":"category","embeddable":true,"href":"https:\/\/oglasi.infooglasi.rs\/oglasi\/oglasiraska\/wp-json\/wp\/v2\/categories?post=5363"},{"taxonomy":"post_tag","embeddable":true,"href":"https:\/\/oglasi.infooglasi.rs\/oglasi\/oglasiraska\/wp-json\/wp\/v2\/tags?post=5363"}],"curies":[{"name":"wp","href":"https:\/\/api.w.org\/{rel}","templated":true}]}}