{"id":5374,"date":"2023-11-26T07:40:17","date_gmt":"2023-11-26T06:40:17","guid":{"rendered":"https:\/\/oglasi.infooglasi.rs\/oglasi\/oglasiraska\/u-gradackoj-banji-tradicionalna-manifestacija-golijski-susreti-2023-u-nedelju-06-avgusta-oglasi-raska\/"},"modified":"2023-11-26T07:40:17","modified_gmt":"2023-11-26T06:40:17","slug":"u-gradackoj-banji-tradicionalna-manifestacija-golijski-susreti-2023-u-nedelju-06-avgusta-oglasi-raska","status":"publish","type":"post","link":"https:\/\/oglasi.infooglasi.rs\/oglasi\/oglasiraska\/u-gradackoj-banji-tradicionalna-manifestacija-golijski-susreti-2023-u-nedelju-06-avgusta-oglasi-raska\/","title":{"rendered":"U Grada\u010dkoj Banji tradicionalna manifestacija Golijski susreti 2023 u nedelju 06. avgusta &#8211; OGLASI RA\u0160KA"},"content":{"rendered":"<p><\/p>\n<div>\n<p>Tradicionalna manifestacija Golijski susreti 2023 odr\u017eava se u Grada\u010dkoj banji u nedelju 06. avgusta sa po\u010detkom u 11:00 \u010dasova.<\/p>\n<p><img loading=\"lazy\" decoding=\"async\" class=\"aligncenter size-full wp-image-4050\" src=\"https:\/\/kopaonikonline.com\/wp-content\/uploads\/2018\/07\/GradackaBanja03.jpg\" alt=\"\" width=\"960\" height=\"640\" srcset=\"https:\/\/kopaonikonline.com\/wp-content\/uploads\/2018\/07\/GradackaBanja03.jpg 960w, https:\/\/kopaonikonline.com\/wp-content\/uploads\/2018\/07\/GradackaBanja03-300x200.jpg 300w, https:\/\/kopaonikonline.com\/wp-content\/uploads\/2018\/07\/GradackaBanja03-768x512.jpg 768w, https:\/\/kopaonikonline.com\/wp-content\/uploads\/2018\/07\/GradackaBanja03-414x276.jpg 414w, https:\/\/kopaonikonline.com\/wp-content\/uploads\/2018\/07\/GradackaBanja03-470x313.jpg 470w, https:\/\/kopaonikonline.com\/wp-content\/uploads\/2018\/07\/GradackaBanja03-640x426.jpg 640w, https:\/\/kopaonikonline.com\/wp-content\/uploads\/2018\/07\/GradackaBanja03-130x86.jpg 130w, https:\/\/kopaonikonline.com\/wp-content\/uploads\/2018\/07\/GradackaBanja03-187x124.jpg 187w\" sizes=\"auto, (max-width: 960px) 100vw, 960px\"\/><\/p>\n<p>Kao i prethodnih godina planiran je bogat kulturno-umetni\u010dki program sa gostima iz Crne Gore, Severne Makedonije, Ivanjice, Vrnja\u010dke Banje, Ra\u0161ke, Brvenice, Jo\u0161ani\u010dke banje\u2026<\/p>\n<p><img loading=\"lazy\" decoding=\"async\" class=\"aligncenter size-full wp-image-4048\" src=\"https:\/\/kopaonikonline.com\/wp-content\/uploads\/2018\/07\/GradackaBanja01a.jpg\" alt=\"\" width=\"960\" height=\"640\" srcset=\"https:\/\/kopaonikonline.com\/wp-content\/uploads\/2018\/07\/GradackaBanja01a.jpg 960w, https:\/\/kopaonikonline.com\/wp-content\/uploads\/2018\/07\/GradackaBanja01a-300x200.jpg 300w, https:\/\/kopaonikonline.com\/wp-content\/uploads\/2018\/07\/GradackaBanja01a-768x512.jpg 768w, https:\/\/kopaonikonline.com\/wp-content\/uploads\/2018\/07\/GradackaBanja01a-414x276.jpg 414w, https:\/\/kopaonikonline.com\/wp-content\/uploads\/2018\/07\/GradackaBanja01a-470x313.jpg 470w, https:\/\/kopaonikonline.com\/wp-content\/uploads\/2018\/07\/GradackaBanja01a-640x426.jpg 640w, https:\/\/kopaonikonline.com\/wp-content\/uploads\/2018\/07\/GradackaBanja01a-130x86.jpg 130w, https:\/\/kopaonikonline.com\/wp-content\/uploads\/2018\/07\/GradackaBanja01a-187x124.jpg 187w\" sizes=\"auto, (max-width: 960px) 100vw, 960px\"\/><\/p>\n<p>Golijski susreti su nastali od prethodnih Grada\u010dkih susreta sa ciljem da se okupe ljudi iz svih mesta sa Golije, podno Kopaonika a i \u0161ire.<\/p>\n<p>Tradicija i pri\u010da se nastavljaju\u2026<\/p>\n<\/p><\/div>\n<p><a href=\"https:\/\/kopaonikonline.com\/u-gradackoj-banji-tradicionalna-manifestacija-golijski-susreti-2023-u-nedelju-06-avgusta\/\" target=\"_blank\" rel=\"noopener\">Source link <\/a><br \/>\n\n U Grada\u010dkoj Banji tradicionalna manifestacija Golijski susreti 2023 u nedelju 06. avgusta<\/p>\n","protected":false},"excerpt":{"rendered":"<p>Tradicionalna manifestacija Golijski susreti 2023 odr\u017eava se u Grada\u010dkoj banji u nedelju 06. avgusta sa po\u010detkom u 11:00 \u010dasova. Kao&hellip;<\/p>\n","protected":false},"author":1,"featured_media":5375,"comment_status":"open","ping_status":"open","sticky":false,"template":"","format":"standard","meta":{"footnotes":""},"categories":[1],"tags":[],"class_list":["post-5374","post","type-post","status-publish","format-standard","has-post-thumbnail","hentry","category-oglasi-raska"],"_links":{"self":[{"href":"https:\/\/oglasi.infooglasi.rs\/oglasi\/oglasiraska\/wp-json\/wp\/v2\/posts\/5374","targetHints":{"allow":["GET"]}}],"collection":[{"href":"https:\/\/oglasi.infooglasi.rs\/oglasi\/oglasiraska\/wp-json\/wp\/v2\/posts"}],"about":[{"href":"https:\/\/oglasi.infooglasi.rs\/oglasi\/oglasiraska\/wp-json\/wp\/v2\/types\/post"}],"author":[{"embeddable":true,"href":"https:\/\/oglasi.infooglasi.rs\/oglasi\/oglasiraska\/wp-json\/wp\/v2\/users\/1"}],"replies":[{"embeddable":true,"href":"https:\/\/oglasi.infooglasi.rs\/oglasi\/oglasiraska\/wp-json\/wp\/v2\/comments?post=5374"}],"version-history":[{"count":0,"href":"https:\/\/oglasi.infooglasi.rs\/oglasi\/oglasiraska\/wp-json\/wp\/v2\/posts\/5374\/revisions"}],"wp:featuredmedia":[{"embeddable":true,"href":"https:\/\/oglasi.infooglasi.rs\/oglasi\/oglasiraska\/wp-json\/wp\/v2\/media\/5375"}],"wp:attachment":[{"href":"https:\/\/oglasi.infooglasi.rs\/oglasi\/oglasiraska\/wp-json\/wp\/v2\/media?parent=5374"}],"wp:term":[{"taxonomy":"category","embeddable":true,"href":"https:\/\/oglasi.infooglasi.rs\/oglasi\/oglasiraska\/wp-json\/wp\/v2\/categories?post=5374"},{"taxonomy":"post_tag","embeddable":true,"href":"https:\/\/oglasi.infooglasi.rs\/oglasi\/oglasiraska\/wp-json\/wp\/v2\/tags?post=5374"}],"curies":[{"name":"wp","href":"https:\/\/api.w.org\/{rel}","templated":true}]}}