{"id":5435,"date":"2024-01-24T07:39:31","date_gmt":"2024-01-24T06:39:31","guid":{"rendered":"https:\/\/oglasi.infooglasi.rs\/oglasi\/oglasiraska\/srce-gradonacelnice-i-nasa-deca-imaju-pravo-na-zivot-oglasi-raska\/"},"modified":"2024-01-24T07:39:31","modified_gmt":"2024-01-24T06:39:31","slug":"srce-gradonacelnice-i-nasa-deca-imaju-pravo-na-zivot-oglasi-raska","status":"publish","type":"post","link":"https:\/\/oglasi.infooglasi.rs\/oglasi\/oglasiraska\/srce-gradonacelnice-i-nasa-deca-imaju-pravo-na-zivot-oglasi-raska\/","title":{"rendered":"SRCE: Gradona\u010delni\u010de i NA\u0160A deca IMAJU pravo na \u017dIVOT &#8211; OGLASI RA\u0160KA"},"content":{"rendered":"<p><\/p>\n<div>\n<p>Gradski odbor pokreta Srbija Centar \u201eSRCE\u201c objavio je saop\u0161tenje na svom zvani\u010dnom Facebook kanalu. Portal InfoVranjske.rs prenosi u celosti objavu GrO \u201eSRCE\u201c u celosti i bez dodatnih izmena. <\/p>\n<p>Po\u0161tovani sugra\u0111ani, pred vama su fotografije Vrtlarske ulice u naselju Donja Ra\u0161ka, jedne od najbogatijih ulica u Vranju. Njeno bogatstvo se ogleda u na\u0161oj deci, njih sedamnaestoro, koja u njoj \u017eive. Na\u017ealost, dok u 2023. godini, svemirske agencije planiraju slanje civilnih misija u Kosmos, \u017eitelji ove ulice planiraju kako da svoju decu, zbog blatnjave i neosvetljene ulice, po\u0161alju \u010distih cipela i bez straha u \u0161kolu. <\/p>\n<p>Zbog neispunjenog obe\u0107anja gradona\u010delnika Milenkovi\u0107a od pre 3 godine, to je za njih jo\u0161 uvek nemogu\u0107a misija.<\/p>\n<figure class=\"wp-block-image size-large\"><img loading=\"lazy\" decoding=\"async\" width=\"768\" height=\"1024\" src=\"https:\/\/infovranjske.rs\/wp-content\/uploads\/SRCE-Raska-3-768x1024.jpg\" alt=\"\" class=\"wp-image-49028\" srcset=\"https:\/\/infovranjske.rs\/wp-content\/uploads\/SRCE-Raska-3-768x1024.jpg 768w, https:\/\/infovranjske.rs\/wp-content\/uploads\/SRCE-Raska-3-225x300.jpg 225w, https:\/\/infovranjske.rs\/wp-content\/uploads\/SRCE-Raska-3-1152x1536.jpg 1152w, https:\/\/infovranjske.rs\/wp-content\/uploads\/SRCE-Raska-3.jpg 1200w\" sizes=\"auto, (max-width: 768px) 100vw, 768px\"\/><\/figure>\n<p>Gradona\u010delni\u010de, Gradski odbor pokreta SRCE Vas poziva da u najkra\u0107em mogu\u0107em roku ispunite dato obe\u0107anje. Pored Va\u0161e, postoje i na\u0161a deca koja imaju podjednako pravo na \u017eivot u normalnim uslovima, ili mo\u017eda nemaju? <\/p>\n<figure class=\"wp-block-image size-large\"><img loading=\"lazy\" decoding=\"async\" width=\"768\" height=\"1024\" src=\"https:\/\/infovranjske.rs\/wp-content\/uploads\/SRCE-Rasak-2-768x1024.jpg\" alt=\"\" class=\"wp-image-49029\" srcset=\"https:\/\/infovranjske.rs\/wp-content\/uploads\/SRCE-Rasak-2-768x1024.jpg 768w, https:\/\/infovranjske.rs\/wp-content\/uploads\/SRCE-Rasak-2-225x300.jpg 225w, https:\/\/infovranjske.rs\/wp-content\/uploads\/SRCE-Rasak-2-1152x1536.jpg 1152w, https:\/\/infovranjske.rs\/wp-content\/uploads\/SRCE-Rasak-2.jpg 1200w\" sizes=\"auto, (max-width: 768px) 100vw, 768px\"\/><\/figure>\n<p>Po\u0161ljun\u010dajte ulicu i postavite uli\u010dnu rasvetu kao \u0161to ste pre 3 godine obe\u0107ali, ukoliko to ne u\u010dinite pokret SRCE \u0107e biti prinu\u0111en da ponovi postupak iz Baba Zlatine ulice. Gradona\u010delni\u010de, za na\u0161u decu!<\/p>\n<\/p><\/div>\n<p><a href=\"https:\/\/infovranjske.rs\/srce-gradonacelnice-i-nasa-deca-imaju-pravo-na-zivot\/\" target=\"_blank\" rel=\"noopener\">Source link <\/a><br \/>\n\n SRCE: Gradona\u010delni\u010de i NA\u0160A deca IMAJU pravo na \u017dIVOT<\/p>\n","protected":false},"excerpt":{"rendered":"<p>Gradski odbor pokreta Srbija Centar \u201eSRCE\u201c objavio je saop\u0161tenje na svom zvani\u010dnom Facebook kanalu. Portal InfoVranjske.rs prenosi u celosti objavu&hellip;<\/p>\n","protected":false},"author":1,"featured_media":5436,"comment_status":"open","ping_status":"open","sticky":false,"template":"","format":"standard","meta":{"footnotes":""},"categories":[1],"tags":[],"class_list":["post-5435","post","type-post","status-publish","format-standard","has-post-thumbnail","hentry","category-oglasi-raska"],"_links":{"self":[{"href":"https:\/\/oglasi.infooglasi.rs\/oglasi\/oglasiraska\/wp-json\/wp\/v2\/posts\/5435","targetHints":{"allow":["GET"]}}],"collection":[{"href":"https:\/\/oglasi.infooglasi.rs\/oglasi\/oglasiraska\/wp-json\/wp\/v2\/posts"}],"about":[{"href":"https:\/\/oglasi.infooglasi.rs\/oglasi\/oglasiraska\/wp-json\/wp\/v2\/types\/post"}],"author":[{"embeddable":true,"href":"https:\/\/oglasi.infooglasi.rs\/oglasi\/oglasiraska\/wp-json\/wp\/v2\/users\/1"}],"replies":[{"embeddable":true,"href":"https:\/\/oglasi.infooglasi.rs\/oglasi\/oglasiraska\/wp-json\/wp\/v2\/comments?post=5435"}],"version-history":[{"count":0,"href":"https:\/\/oglasi.infooglasi.rs\/oglasi\/oglasiraska\/wp-json\/wp\/v2\/posts\/5435\/revisions"}],"wp:featuredmedia":[{"embeddable":true,"href":"https:\/\/oglasi.infooglasi.rs\/oglasi\/oglasiraska\/wp-json\/wp\/v2\/media\/5436"}],"wp:attachment":[{"href":"https:\/\/oglasi.infooglasi.rs\/oglasi\/oglasiraska\/wp-json\/wp\/v2\/media?parent=5435"}],"wp:term":[{"taxonomy":"category","embeddable":true,"href":"https:\/\/oglasi.infooglasi.rs\/oglasi\/oglasiraska\/wp-json\/wp\/v2\/categories?post=5435"},{"taxonomy":"post_tag","embeddable":true,"href":"https:\/\/oglasi.infooglasi.rs\/oglasi\/oglasiraska\/wp-json\/wp\/v2\/tags?post=5435"}],"curies":[{"name":"wp","href":"https:\/\/api.w.org\/{rel}","templated":true}]}}