{"id":5445,"date":"2024-02-06T08:39:14","date_gmt":"2024-02-06T07:39:14","guid":{"rendered":"https:\/\/oglasi.infooglasi.rs\/oglasi\/oglasiraska\/francuska-novinska-agencija-kod-raske-danas-nije-vidljivo-kretanje-ili-pojacano-prisustvo-oruzanih-snaga-srbije-politika-oglasi-raska\/"},"modified":"2024-02-06T08:39:14","modified_gmt":"2024-02-06T07:39:14","slug":"francuska-novinska-agencija-kod-raske-danas-nije-vidljivo-kretanje-ili-pojacano-prisustvo-oruzanih-snaga-srbije-politika-oglasi-raska","status":"publish","type":"post","link":"https:\/\/oglasi.infooglasi.rs\/oglasi\/oglasiraska\/francuska-novinska-agencija-kod-raske-danas-nije-vidljivo-kretanje-ili-pojacano-prisustvo-oruzanih-snaga-srbije-politika-oglasi-raska\/","title":{"rendered":"Francuska novinska agencija: Kod Ra\u0161ke danas nije vidljivo kretanje ili poja\u010dano prisustvo oru\u017eanih snaga Srbije &#8211; Politika &#8211; OGLASI RA\u0160KA"},"content":{"rendered":"<p><\/p>\n<div>\n<div class=\"font-medium post-intro-content content\">\n<p>Francuska novinska agencija AFP je prenela da je njen reporter javio da danas u regionu Ra\u0161ke, blizu administrativne linije s Kosovom, \u201enije bilo vidljivo nikakvo posebno kretanje ili poja\u010dano prisustvo srpskih oru\u017eanih snaga\u201c.<\/p>\n<\/div>\n<p>AFP uz to podse\u0107a da su SAD sino\u0107, u petak, upozorile na \u201ezna\u010dajno srpsko vojno raspore\u0111ivanje du\u017e granice s Kosovom\u201c i pozvale \u201eSrbiju da povu\u010de (svoje) trupe\u201c.<\/p>\n<p>Agencija pi\u0161e da \u201enedelju dana posle smrtonosnih sukoba na Kosovu koji su izazvali jednu od najozbiljnijih eskalacija tenzija za mngo godina, \u010dini se da je moguc\u0301nost zbli\u017eavanja Albanaca i Srba udaljenija nego ikada\u201c.<\/p>\n<p>\u201eUbistvo kosovskog albanskog policajca u nedelju u zasedi paravojnih komandosa i razmena vatre koja je usledila ceo dan, ostaviv\u0161i troje mrtvih me\u0111u komandosima \u2013 kosovskim Srbima, vratili su na povr\u0161inu vi\u0161egodi\u0161nje nepoverenje i gor\u010dinu\u201c, pi\u0161e AFP.<\/p>\n<p>Dalje se navodi da su \u201evlasti Srbije i njene biv\u0161e pokrajine \u2013 \u010diju nezavisnost, progla\u0161enu 2008. godine, Beograd ne priznaje, u\u0161le su u rat re\u010di i optu\u017ebi koji prete daljim udaljavanjem njihovih stavova u dijalogu koji \u017eeli Brisel\u201c.<\/p>\n<p>U srpskom delu podeljenog grada Mitrovice, pi\u0161e AFP, stanovnici sada ka\u017eu da strahuju od povec\u0301anog prisustva specijalnih snaga kosovske policije.<\/p>\n<p>\u201ePla\u0161im se represije koju smo vec\u0301 do\u017eiveli. Ubijen je policajac i to je stra\u0161no. Sada mogu samo da zamislim \u0161ta c\u0301e biti sledec\u0301e\u201c, rekao je 38-godi\u0161nji Srbin za AFP.<\/p>\n<p>\u201eJa samo \u017eelim normalan \u017eivot, a ovo nije normalan \u017eivot. Mislim da c\u0301e posle onoga \u0161to se desilo, cela zajednica biti stigmatizovana\u201c, dodao je on.<\/p>\n<p>S druge strane, \u201eprete\u017eno albanski stanovnici glavnog grada Pri\u0161tine, kao i kosovska vlada, odgovornost za najnovije nasilje prebacuju Beogradu\u201c, pi\u0161e AFP.<\/p>\n<p>\u201eSrbija je odgovorna za to \u0161to se dogodilo. Pomirenje sa Srbima na severu je moguc\u0301e i za\u0161to onda ne \u017eiveti tizajedno? Jer oni to ne \u017eele\u201c, rekao je za AFP jedan 64-godi\u0161nji Albanac.<\/p>\n<p>\u201ePomirenje c\u0301e biti moguc\u0301e ako prestanu provokacije\u201c, rekao je za AFP jedan ekonomista iz Pri\u0161tine, koji je dodao da nije moguc\u0301a moguc\u0301a podela teritorije \u2013 da se sever ustupi Srbima i sklopi mir: \u201eSever je deo Kosova i ostac\u0301e deo Kosova\u201c, pi\u0161e na kraju teksta.<br \/>Foto<\/p>\n<div class=\"post-disclaimer\">\n<p><strong><em>Pratite nas na na\u0161oj <a href=\"https:\/\/www.facebook.com\/www.danas.rs\" target=\"_blank\" rel=\"noopener external noreferrer\" data-wpel-link=\"external\">Facebook<\/a> i <a href=\"https:\/\/www.instagram.com\/danas.rs\/?hl=en\" target=\"_blank\" rel=\"noopener external noreferrer\" data-wpel-link=\"external\">Instagram<\/a> stranici, ali i na <a href=\"https:\/\/twitter.com\/OnlineDanas\" target=\"_blank\" rel=\"noopener external noreferrer\" data-wpel-link=\"external\">Twitter<\/a> nalogu. Pretplatite se na <a href=\"https:\/\/klub.danas.rs\/\" target=\"_blank\" rel=\"noopener external noreferrer\" data-wpel-link=\"external\">PDF izdanje lista Danas<\/a>.<\/em><\/strong><\/p>\n<\/div>\n<\/div>\n<p><script async src=\"\/\/platform.twitter.com\/widgets.js\" charset=\"utf-8\"><\/script><script async defer src=\"https:\/\/platform.instagram.com\/en_US\/embeds.js\"><\/script><br \/>\n<br \/><a href=\"https:\/\/www.danas.rs\/vesti\/politika\/francuska-novinska-agencija-kod-raske-danas-nije-vidljivo-kretanje-ili-pojacano-prisustvo-oruzanih-snaga-srbije\/\" target=\"_blank\" rel=\"noopener\">Source link <\/a><br \/>\n\n Francuska novinska agencija: Kod Ra\u0161ke danas nije vidljivo kretanje ili poja\u010dano prisustvo oru\u017eanih snaga Srbije &#8211; Politika<\/p>\n","protected":false},"excerpt":{"rendered":"<p>Francuska novinska agencija AFP je prenela da je njen reporter javio da danas u regionu Ra\u0161ke, blizu administrativne linije s&hellip;<\/p>\n","protected":false},"author":1,"featured_media":5446,"comment_status":"open","ping_status":"open","sticky":false,"template":"","format":"standard","meta":{"footnotes":""},"categories":[1],"tags":[],"class_list":["post-5445","post","type-post","status-publish","format-standard","has-post-thumbnail","hentry","category-oglasi-raska"],"_links":{"self":[{"href":"https:\/\/oglasi.infooglasi.rs\/oglasi\/oglasiraska\/wp-json\/wp\/v2\/posts\/5445","targetHints":{"allow":["GET"]}}],"collection":[{"href":"https:\/\/oglasi.infooglasi.rs\/oglasi\/oglasiraska\/wp-json\/wp\/v2\/posts"}],"about":[{"href":"https:\/\/oglasi.infooglasi.rs\/oglasi\/oglasiraska\/wp-json\/wp\/v2\/types\/post"}],"author":[{"embeddable":true,"href":"https:\/\/oglasi.infooglasi.rs\/oglasi\/oglasiraska\/wp-json\/wp\/v2\/users\/1"}],"replies":[{"embeddable":true,"href":"https:\/\/oglasi.infooglasi.rs\/oglasi\/oglasiraska\/wp-json\/wp\/v2\/comments?post=5445"}],"version-history":[{"count":0,"href":"https:\/\/oglasi.infooglasi.rs\/oglasi\/oglasiraska\/wp-json\/wp\/v2\/posts\/5445\/revisions"}],"wp:featuredmedia":[{"embeddable":true,"href":"https:\/\/oglasi.infooglasi.rs\/oglasi\/oglasiraska\/wp-json\/wp\/v2\/media\/5446"}],"wp:attachment":[{"href":"https:\/\/oglasi.infooglasi.rs\/oglasi\/oglasiraska\/wp-json\/wp\/v2\/media?parent=5445"}],"wp:term":[{"taxonomy":"category","embeddable":true,"href":"https:\/\/oglasi.infooglasi.rs\/oglasi\/oglasiraska\/wp-json\/wp\/v2\/categories?post=5445"},{"taxonomy":"post_tag","embeddable":true,"href":"https:\/\/oglasi.infooglasi.rs\/oglasi\/oglasiraska\/wp-json\/wp\/v2\/tags?post=5445"}],"curies":[{"name":"wp","href":"https:\/\/api.w.org\/{rel}","templated":true}]}}