{"id":5495,"date":"2024-03-29T01:18:04","date_gmt":"2024-03-29T00:18:04","guid":{"rendered":"https:\/\/oglasi.infooglasi.rs\/oglasi\/oglasiraska\/raske-duhovne-svecanosti-2022-od-15-do-21-avgusta-na-tri-koraka-od-vrha-neba-oglasi-raska\/"},"modified":"2024-03-29T01:18:04","modified_gmt":"2024-03-29T00:18:04","slug":"raske-duhovne-svecanosti-2022-od-15-do-21-avgusta-na-tri-koraka-od-vrha-neba-oglasi-raska","status":"publish","type":"post","link":"https:\/\/oglasi.infooglasi.rs\/oglasi\/oglasiraska\/raske-duhovne-svecanosti-2022-od-15-do-21-avgusta-na-tri-koraka-od-vrha-neba-oglasi-raska\/","title":{"rendered":"Ra\u0161ke duhovne sve\u010danosti 2022 od 15. do 21. avgusta &#8211; &#8220;Na tri koraka od vrha neba&#8230;&#8221; &#8211; OGLASI RA\u0160KA"},"content":{"rendered":"<p><\/p>\n<div>\n<p>Manifestacija Ra\u0161ke duhovne sve\u010danosti 2022. godine odr\u017eava se od 15. do 21. avgusta u Ra\u0161ki pod sloganom \u201cNa tri koraka od vrha neba\u2026\u201d. <span id=\"more-16139\"\/><\/p>\n<p>Razvijaju\u0107i svest o sopstvenim kulturnim vrednostima i kreiranju kulturnog identiteta, manifestacija je izrasla u jednu od najuspe\u0161nijih i najzna\u010dajnijih u zemlji.<br \/>Promocija najvi\u0161ih kulturnih, nau\u010dnih i umetni\u010dkih vrednosti, originalan koncept, bogat i raznovrstan program za decu, izlo\u017ebe, koncerti, knji\u017eevni i pozori\u0161ni program doprineli su da manifestacija okupi najzna\u010dajnija imena iz sveta umetnosti, kulture, muzike i filma.<br \/>Od 2000. godine na Ra\u0161kim duhovnim sve\u010danostima dodeljuje se priznanje \u201eStefan Prvoven\u010dani\u201c za izuzetan doprinos srpskoj kulturi.<\/p>\n<p style=\"text-align: justify;\"><strong>Ra\u0161ke duhovne sve\u010danosti 2022 \u2013 program<\/strong><\/p>\n<p style=\"text-align: justify;\"><span style=\"text-decoration: underline;\"><strong>Ponedeljak 15. avgust<\/strong><\/span><\/p>\n<p style=\"text-align: justify;\"><strong>17:00<\/strong> Galerija CK \u201eGradac\u201c \u2013 \u201eHilandarsko vekovanje\u201c \u2013 300 poseta Svetoj Gori<br \/>\u201eDuhovnici\u201c Dokumentarni serijal u dva nastavka<br \/>Hilandarsko vekovanje predstavlja svojevrsno istra\u017eivanje istorije manastira Hilandara na Svetoj Gori Atonskoj. Srpska carska lavra podignuta je na ru\u0161evinama istoimenog manastira u XII veku\u2026 U\u010destvuju Goran Vuk\u010devi\u0107 i Bojan Munjin.<\/p>\n<p style=\"text-align: justify;\"><strong>19:30<\/strong> Dom kulture \u2013 Knji\u017eevni portret Milene Markovi\u0107<br \/>U\u010destvuju: Zvonko Karanovi\u0107 i Milena Markovi\u0107, moderator: Vule \u017duri\u0107 Ovaj roman govori o ekstazi i sudbini, agoniji slobode, o kojoj su svedo\u010dili veliki autori poput Uelbeka, Knausgora i Prilepina Dobitnica\u2026<\/p>\n<p style=\"text-align: justify;\"><strong>21:00<\/strong> Dom kulture \u2013 Monodrama \u201ePetrijin venac\u201c<br \/>Tekst: Dragoslav Mihailovi\u0107, re\u017eija: Jana Mari\u010di\u0107, igra: Mirjana Karanovi\u0107<\/p>\n<p style=\"text-align: justify;\"><span style=\"text-decoration: underline;\"><strong>Utorak 16 avgust<\/strong><\/span><\/p>\n<p style=\"text-align: justify;\"><strong>17:00<\/strong> Galerija CK \u201eGradac\u201c \u2013 Predstavljanje Srpskog kulturnog dru\u0161tva \u201eProsvjeta\u201c iz Zagreba<br \/>U\u010destvuju: \u010cedomir Vi\u0161nji\u0107, \u0110or\u0111e Mati\u0107, Vule \u017duri\u0107, Bojan Munjin, Drago Kekanovi\u0107 moderator: Vule \u017duri\u0107 Broj Srba u Hrvatskoj sveden je na ne\u0161to vi\u0161e od tre\u0107ine predratnog broja, sa opustjelim tradicionalnim\u2026<\/p>\n<p style=\"text-align: justify;\"><strong>19:30<\/strong> Dom kulture RDS 2022<\/p>\n<ul style=\"list-style-type: disc; text-align: justify;\">\n<li>Sve\u010dano otvaranje XXVIII RA\u0160KIH DUHOVNIH SVE\u010cANOSTI<\/li>\n<li>Pozdravna re\u010d predsednika op\u0161tine Ra\u0161ka, Ignjata Rakiti\u0107a<\/li>\n<\/ul>\n<p style=\"text-align: justify;\"><strong>19:30<\/strong> Dom kulture \u2013 \u201eSrpske re\u010di koje najvi\u0161e volimo\u201c \u2013 prof. dr Rajna Dragi\u0107evi\u0107<br \/>Re\u010d \u201epraskozorje\u201d izabrana je za najlep\u0161u srpsku re\u010d od onih koje su u\u010denici predlo\u017eili na konkursu koji je Dru\u0161tvo za srpski jezik i knji\u017eevnost Srbije u saradnji sa Katedrom za\u2026<\/p>\n<p style=\"text-align: justify;\"><strong>20:00<\/strong> Dom kulture \u2013 \u201eMladi\u0107i iz Ra\u0161ke\u201c, multimedijalni projekat<br \/>Predstavljanje novog izdanja knjige \u201eMladi\u0107i iz Ra\u0161ke\u201c i istoimenog multimedijalnog projekta U\u010destvuju: Milisav Savi\u0107, Rendal Mejd\u017eor<\/p>\n<p style=\"text-align: justify;\"><strong>21:00<\/strong> Dom kulture \u2013 Trio Nenada Vasili\u0107a \u2013 koncert<\/p>\n<p style=\"text-align: justify;\"><span style=\"text-decoration: underline;\"><strong>Sreda 17. avgust<\/strong><\/span><\/p>\n<p style=\"text-align: justify;\"><strong>17:00<\/strong> Galerija CK \u201eGradac\u201c \u2013 Promocija knjige \u201e\u010citam da se pro\u010ditam\u201c<br \/>Edicija \u201eRa\u0161ke duhovne sve\u010danosti\u201c \u2013 promocija knjige \u201e\u010citam da se pro\u010ditam\u201c U\u010destvuju: Prof. dr Miha Kova\u010d, Lucija Vasiljevi\u0107, Dragana Tipsarevi\u0107 Ovu 2022. godinu proglasili smo godinom \u010ditanja u Ra\u0161ki i\u2026<\/p>\n<p style=\"text-align: justify;\"><strong>21:30<\/strong> Gradski trg \u2013 \u201eAkademski orkestar akordeonista\u201c \u2013 koncert<\/p>\n<p style=\"text-align: justify;\"><strong>22:00<\/strong> Gradski trg \u2013 Tommy Emmanuel \u2013 koncert<\/p>\n<p style=\"text-align: justify;\"><span style=\"text-decoration: underline;\"><strong>\u010cetvrtak 18. avgust<\/strong><\/span><\/p>\n<p style=\"text-align: justify;\"><strong>17:00<\/strong> Galerija CK \u201eGradac\u201c \u2013 \u201ePola veka Kuma i Valtera\u201c<br \/>U\u010destvuju: Radoslav Zelenovi\u0107, Milorad Milinkovi\u0107, Vladislava Vojnovi\u0107<br \/>Slavna saga o porodici Korleone ove godine obele\u017eava pedeseti ro\u0111endan. Ku\u0107a Paramount Pictures objavila je novi trejler Kuma i najavila ponovno prikazivanje filma\u2026<\/p>\n<p style=\"text-align: justify;\"><strong>19:30<\/strong> Dom kulture \u2013 \u201eKnjiga o Milutinu \u201c \u2013 Monodrama<br \/>Pisac: Danko Popovi\u0107, Re\u017eija i adptacija: Egon Savin, Igra: Nenad Jezdi\u0107 Milutin je neznani junak, paradigma istinskog patriotizma, istinske hrabrosti, istinskog juna\u0161tva. Svi ti ljudi znani i neznani, pa i\u2026<\/p>\n<p style=\"text-align: justify;\"><strong>21:30<\/strong> Plato ispred Doma kulture \u2013 Ana \u0106ur\u010din &amp; The Changes \u2013 koncert<\/p>\n<p style=\"text-align: justify;\"><span style=\"text-decoration: underline;\"><strong>Petak 19. avgust<\/strong><\/span><\/p>\n<p style=\"text-align: justify;\"><strong>17:00<\/strong> Galerija CK \u201eGradac\u201c \u2013 Srpsko kulturno nasle\u0111e na KiM i Unesko PREDAVANjE<br \/>U\u010destvuje: Prof. dr Darko Tanaskovi\u0107<\/p>\n<p style=\"text-align: justify;\"><strong>19:30<\/strong> Dom kulture RDS 2022<\/p>\n<ul style=\"list-style-type: disc; text-align: justify;\">\n<li>Sve\u010dana dodela priznanja \u201eStefan Prvoven\u010dani\u201c za 2022<\/li>\n<\/ul>\n<p style=\"text-align: justify;\"><strong>21:00<\/strong> Dom kulture \u2013 The Belgrade Dixieland Orchestra \u2013 koncert<\/p>\n<p style=\"text-align: justify;\"><span style=\"text-decoration: underline;\"><strong>Nedelja 21. avgust<\/strong><\/span><\/p>\n<p style=\"text-align: justify;\"><strong>21:00<\/strong> Gradski trg \u2013 Darko Rundek i ekipa \u2013 koncert<\/p>\n<p style=\"text-align: justify;\">Organizatori manifestacije su \u201eCentar za kulturu Gradac\u201c i Turisti\u010dka organizacija Ra\u0161ka uz pokroviteljstvo Op\u0161tine Ra\u0161ka.<br \/><span style=\"font-size: 8pt;\">foto i izvor:<a href=\"https:\/\/www.rds.org.rs\/\" target=\"_blank\" rel=\"noopener noreferrer\">rds.org.rs<\/a><\/span><\/p>\n<\/p><\/div>\n<p><a href=\"https:\/\/kopaonikonline.com\/raske-duhovne-svecanosti-2022-od-15-do-21-avgusta-na-tri-koraka-od-vrha-neba\/\" target=\"_blank\" rel=\"noopener\">Source link <\/a><br \/>\n\n Ra\u0161ke duhovne sve\u010danosti 2022 od 15. do 21. avgusta &#8211; &#8220;Na tri koraka od vrha neba&#8230;&#8221;<\/p>\n","protected":false},"excerpt":{"rendered":"<p>Manifestacija Ra\u0161ke duhovne sve\u010danosti 2022. godine odr\u017eava se od 15. do 21. avgusta u Ra\u0161ki pod sloganom \u201cNa tri koraka&hellip;<\/p>\n","protected":false},"author":1,"featured_media":5496,"comment_status":"open","ping_status":"open","sticky":false,"template":"","format":"standard","meta":{"footnotes":""},"categories":[1],"tags":[],"class_list":["post-5495","post","type-post","status-publish","format-standard","has-post-thumbnail","hentry","category-oglasi-raska"],"_links":{"self":[{"href":"https:\/\/oglasi.infooglasi.rs\/oglasi\/oglasiraska\/wp-json\/wp\/v2\/posts\/5495","targetHints":{"allow":["GET"]}}],"collection":[{"href":"https:\/\/oglasi.infooglasi.rs\/oglasi\/oglasiraska\/wp-json\/wp\/v2\/posts"}],"about":[{"href":"https:\/\/oglasi.infooglasi.rs\/oglasi\/oglasiraska\/wp-json\/wp\/v2\/types\/post"}],"author":[{"embeddable":true,"href":"https:\/\/oglasi.infooglasi.rs\/oglasi\/oglasiraska\/wp-json\/wp\/v2\/users\/1"}],"replies":[{"embeddable":true,"href":"https:\/\/oglasi.infooglasi.rs\/oglasi\/oglasiraska\/wp-json\/wp\/v2\/comments?post=5495"}],"version-history":[{"count":0,"href":"https:\/\/oglasi.infooglasi.rs\/oglasi\/oglasiraska\/wp-json\/wp\/v2\/posts\/5495\/revisions"}],"wp:featuredmedia":[{"embeddable":true,"href":"https:\/\/oglasi.infooglasi.rs\/oglasi\/oglasiraska\/wp-json\/wp\/v2\/media\/5496"}],"wp:attachment":[{"href":"https:\/\/oglasi.infooglasi.rs\/oglasi\/oglasiraska\/wp-json\/wp\/v2\/media?parent=5495"}],"wp:term":[{"taxonomy":"category","embeddable":true,"href":"https:\/\/oglasi.infooglasi.rs\/oglasi\/oglasiraska\/wp-json\/wp\/v2\/categories?post=5495"},{"taxonomy":"post_tag","embeddable":true,"href":"https:\/\/oglasi.infooglasi.rs\/oglasi\/oglasiraska\/wp-json\/wp\/v2\/tags?post=5495"}],"curies":[{"name":"wp","href":"https:\/\/api.w.org\/{rel}","templated":true}]}}