{"id":5568,"date":"2024-07-12T20:41:53","date_gmt":"2024-07-12T18:41:53","guid":{"rendered":"https:\/\/oglasi.infooglasi.rs\/oglasi\/oglasiraska\/vucic-razumem-nezadovoljstvo-srba-sa-kim-politika-oglasi-raska\/"},"modified":"2024-07-12T20:41:53","modified_gmt":"2024-07-12T18:41:53","slug":"vucic-razumem-nezadovoljstvo-srba-sa-kim-politika-oglasi-raska","status":"publish","type":"post","link":"https:\/\/oglasi.infooglasi.rs\/oglasi\/oglasiraska\/vucic-razumem-nezadovoljstvo-srba-sa-kim-politika-oglasi-raska\/","title":{"rendered":"Vu\u010di\u0107: Razumem nezadovoljstvo Srba sa KiM &#8211; Politika &#8211; OGLASI RA\u0160KA"},"content":{"rendered":"<p><\/p>\n<div>\n<div class=\"font-medium post-intro-content content\">\n<p>Predsednik Srbije Aleksandar Vu\u010di\u0107 izjavio je ve\u010deras da razume nezadovoljstvo Srba sa Kosova i Metohije, ali da ne zna od koga jo\u0161 da tra\u017ei garancije, nakon \u0161to su ih dali SAD, EU i Me\u0111unarodne mirovne snage na Kosovu (KFOR).<\/p>\n<\/div>\n<p>\u201eOni nikada ne\u0107e biti zadovoljni, zato \u0161to su nezadovoljni svojom pozicijom i \u010dinjenicom da \u2018ne znaju u kojoj dr\u017eavi \u017eive\u2019, da je mnogo neizvesnosti. Dobio sam ve\u010deras poruku od njih da ni\u0161ta ne veruju ni Evropi ni Americi. Kurtiju veruju jo\u0161 manje. \u010cekajte, \u0161ta ustvari ho\u0107ete, od koga jo\u0161 da tra\u017eimo garanciju bilo kakvu\u201c, rekao je Vu\u010di\u0107 u Ra\u0161ki za TV Pink.<\/p>\n<p>Ocenio je da Srbi sa KiM znaju koliko je te\u0161ko razgovarati sa predstavnicima medjunarodne zajednice, jer su oni, kako je naveo, \u201ena njihovoj strani (strani Pri\u0161tine)\u201c.<\/p>\n<p>\u201eNe pri\u010damo mi sa ljudima koji su objektivni, to su ljudi koji ne po\u0161tuju Rezoluciju 1244 (Saveta bezbednosti UN), ljudi koji su bombardovali ovu zemlju. Sa kim drugim da razgovaramo, po\u0161to je njihova sila na Kosovu i Metohiji\u201c, upitao je Vu\u010di\u0107.<\/p>\n<p>Vu\u010di\u0107 je ponovio da \u0107e prihvatiti kakva god odluka bude bila doneta o barikadama, ali napomenuo da \u0107e sastanak sa predstavnicima Srba sa Kosova i Metohije, na njihov zahtev, verovatno biti bez prisustva medija.<\/p>\n<p>Predsednik se osvrnuo i na novi akt KFOR-a, kojim se potvrdjuje da kosovske bezbednosne snage ne smeju da udju na sever Kosova bez odobrenja komandanta tih mirovnih snaga, kao i Srba sa severa Kosova, isti\u010du\u0107i da se on prvi put ne odnosi samo na albansku i NATO stranu kao \u0161to je bilo do sada, ve\u0107 da je to danas postao \u201enovi izvor prava\u201c.<\/p>\n<p>On se i ranije danas u Beogradu sastao sa predstavnicima Srba, kada ih je zamolio da uklone barikade jer su ispunjeni uslovi zbog kojih su one postavljene, a garancije date od strane SAD, EU i KFOR-a.<\/p>\n<p>Biv\u0161i pripadnik kosovske policije Dejan Panti\u0107, pu\u0161teni je u ku\u0107ni pritvor, SAD i EU su dale garancije da spiskovi za hap\u0161enje Srba sa Kosova i Metohije ne postoje, odnosno da ne\u0107e biti procesuirani oni koji su bili na barikadama, a KFOR da kosovske bezbednosne snage ne mogu da ulaze na sever Kosova bez njihove i dozvole \u010detiri gradona\u010delnika ve\u0107inski srpskih op\u0161tina.<\/p>\n<div class=\"post-disclaimer\">\n<p><strong><em>Pratite nas na na\u0161oj <a href=\"https:\/\/www.facebook.com\/www.danas.rs\" target=\"_blank\" rel=\"noopener external noreferrer\" data-wpel-link=\"external\">Facebook<\/a> i <a href=\"https:\/\/www.instagram.com\/danas.rs\/?hl=en\" target=\"_blank\" rel=\"noopener external noreferrer\" data-wpel-link=\"external\">Instagram<\/a> stranici, ali i na <a href=\"https:\/\/twitter.com\/OnlineDanas\" target=\"_blank\" rel=\"noopener external noreferrer\" data-wpel-link=\"external\">Twitter<\/a> nalogu. Pretplatite se na <a href=\"https:\/\/klub.danas.rs\/\" target=\"_blank\" rel=\"noopener external noreferrer\" data-wpel-link=\"external\">PDF izdanje lista Danas<\/a>.<\/em><\/strong><\/p>\n<\/div>\n<\/div>\n<p><script async src=\"\/\/platform.twitter.com\/widgets.js\" charset=\"utf-8\"><\/script><script async defer src=\"https:\/\/platform.instagram.com\/en_US\/embeds.js\"><\/script><br \/>\n<br \/><a href=\"https:\/\/www.danas.rs\/vesti\/politika\/vucic-razumem-nezadovoljstvo-srba-sa-kim\/\" target=\"_blank\" rel=\"noopener\">Source link <\/a><br \/>\n\n Vu\u010di\u0107: Razumem nezadovoljstvo Srba sa KiM &#8211; Politika<\/p>\n","protected":false},"excerpt":{"rendered":"<p>Predsednik Srbije Aleksandar Vu\u010di\u0107 izjavio je ve\u010deras da razume nezadovoljstvo Srba sa Kosova i Metohije, ali da ne zna od&hellip;<\/p>\n","protected":false},"author":1,"featured_media":5569,"comment_status":"open","ping_status":"open","sticky":false,"template":"","format":"standard","meta":{"footnotes":""},"categories":[1],"tags":[],"class_list":["post-5568","post","type-post","status-publish","format-standard","has-post-thumbnail","hentry","category-oglasi-raska"],"_links":{"self":[{"href":"https:\/\/oglasi.infooglasi.rs\/oglasi\/oglasiraska\/wp-json\/wp\/v2\/posts\/5568","targetHints":{"allow":["GET"]}}],"collection":[{"href":"https:\/\/oglasi.infooglasi.rs\/oglasi\/oglasiraska\/wp-json\/wp\/v2\/posts"}],"about":[{"href":"https:\/\/oglasi.infooglasi.rs\/oglasi\/oglasiraska\/wp-json\/wp\/v2\/types\/post"}],"author":[{"embeddable":true,"href":"https:\/\/oglasi.infooglasi.rs\/oglasi\/oglasiraska\/wp-json\/wp\/v2\/users\/1"}],"replies":[{"embeddable":true,"href":"https:\/\/oglasi.infooglasi.rs\/oglasi\/oglasiraska\/wp-json\/wp\/v2\/comments?post=5568"}],"version-history":[{"count":0,"href":"https:\/\/oglasi.infooglasi.rs\/oglasi\/oglasiraska\/wp-json\/wp\/v2\/posts\/5568\/revisions"}],"wp:featuredmedia":[{"embeddable":true,"href":"https:\/\/oglasi.infooglasi.rs\/oglasi\/oglasiraska\/wp-json\/wp\/v2\/media\/5569"}],"wp:attachment":[{"href":"https:\/\/oglasi.infooglasi.rs\/oglasi\/oglasiraska\/wp-json\/wp\/v2\/media?parent=5568"}],"wp:term":[{"taxonomy":"category","embeddable":true,"href":"https:\/\/oglasi.infooglasi.rs\/oglasi\/oglasiraska\/wp-json\/wp\/v2\/categories?post=5568"},{"taxonomy":"post_tag","embeddable":true,"href":"https:\/\/oglasi.infooglasi.rs\/oglasi\/oglasiraska\/wp-json\/wp\/v2\/tags?post=5568"}],"curies":[{"name":"wp","href":"https:\/\/api.w.org\/{rel}","templated":true}]}}