{"id":5601,"date":"2024-08-13T14:29:22","date_gmt":"2024-08-13T12:29:22","guid":{"rendered":"https:\/\/oglasi.infooglasi.rs\/oglasi\/oglasiraska\/koncert-zdravka-colica-u-raski-oglasi-raska\/"},"modified":"2024-08-13T14:29:22","modified_gmt":"2024-08-13T12:29:22","slug":"koncert-zdravka-colica-u-raski-oglasi-raska","status":"publish","type":"post","link":"https:\/\/oglasi.infooglasi.rs\/oglasi\/oglasiraska\/koncert-zdravka-colica-u-raski-oglasi-raska\/","title":{"rendered":"Koncert Zdravka \u010coli\u0107a u Ra\u0161ki &#8211; OGLASI RA\u0160KA"},"content":{"rendered":"<p><\/p>\n<div>\n<p class=\"has-medium-font-size\"><strong><em>Bi\u0107e to njegov prvi koncert u ovom mestu<\/em><\/strong><\/p>\n<p class=\"has-medium-font-size\">Centar za kultruru \u201eGradac\u201c iz Ra\u0161ke i Turisti\u010dka organizacija Ra\u0161ke najavili su koncert Zdravka \u010coli\u0107a za 19. avgust kao koncert najve\u0107e zvezde nana\u0161im prostorima ve\u0107 vi\u0161e od pola veka!<\/p>\n<p class=\"has-medium-font-size\">Zdravko \u010coli\u0107 nikada pre nije imao koncert u Ra\u0161ki, a sada \u010de nastupiti na jubilarnim 30. Ra\u0161kim duhovnim sve\u010danostima.<\/p>\n<p class=\"has-medium-font-size\"><strong>Koncert \u0107e na Preobra\u017eenje 19. avgusta po\u010deti u 20.30 na centralnom gradskom trgu u Ra\u0161ki.<\/strong><\/p>\n<figure class=\"wp-block-image size-full\"><img loading=\"lazy\" decoding=\"async\" width=\"750\" height=\"750\" src=\"https:\/\/www.krug.rs\/wp-content\/uploads\/2024\/08\/Zdravko-Colic-najava-koncert-Raska-19.-avgust-2024.-plakat-Kulturni-centar-Gradac.jpg\" alt=\"\" class=\"wp-image-57581\" srcset=\"https:\/\/www.krug.rs\/wp-content\/uploads\/2024\/08\/Zdravko-Colic-najava-koncert-Raska-19.-avgust-2024.-plakat-Kulturni-centar-Gradac.jpg 750w, https:\/\/www.krug.rs\/wp-content\/uploads\/2024\/08\/Zdravko-Colic-najava-koncert-Raska-19.-avgust-2024.-plakat-Kulturni-centar-Gradac-640x640.jpg 640w, https:\/\/www.krug.rs\/wp-content\/uploads\/2024\/08\/Zdravko-Colic-najava-koncert-Raska-19.-avgust-2024.-plakat-Kulturni-centar-Gradac-160x160.jpg 160w\" sizes=\"auto, (max-width: 750px) 100vw, 750px\"\/><\/figure>\n<p class=\"has-medium-font-size\">Zdravko \u010coli\u0107 je jedina zvezda Balkana koja je \u201enapunila\u201c \u0161est beogradskih Arena i peva\u010d koji je svojom pojavom i glasom zauvek oma\u0111ijao publiku. Sve \u0161to on peva deluje jednostavno, ali \u2013 drugi to ne mogu da kopiraju.<\/p>\n<p class=\"has-medium-font-size\">Fenomenom \u201e\u010cola\u201c bavili su se mnogi, procenjuju\u0107i da ga jedni vole zato \u0161to u njegovom pogledu pronalaze setu i nostalgiju, drugi zbog jedinstvenog zvonkog glasa, dok naj\u010de\u0161\u0107e \u017eene u njemu vide ideal mu\u0161karca koga tra\u017ee da bi ga zauvek volele.<\/p>\n<p class=\"has-medium-font-size\">U svakom slu\u010daju, popularni \u010cola je od po\u010detka svoje karijere bio apsolutni rekorder u broju koncerata, prodatih albuma i hitova od kojih neki \u017eive pola veka! Te\u00a0 rekorde ru\u0161i i danas, ali njegov uspeh mo\u017eda i ne treba da \u010dudi.<\/p>\n<p class=\"has-medium-font-size\">Jo\u0161 od prve velike turneje davne 1978. godine na kojoj je promovisao rekordni album \u201eAko pri\u0111e\u0161 bli\u017ee\u201c rasprodast u vi\u0161e od milion kopija, Zdravko \u010coli\u0107 ni\u017ee uspehe, koje ne polaze za rukom drugima. Ankete \u010dasopisa progla\u0161avale su ga za najdra\u017eu li\u010dnost, a nema novine koja na naslovnoj strani nije imala njegov lik.\u00a0 Devojke su\u00a0 i bukvalno padale u nesvest kada bi ga videle. Bio je zvezda u svim svojim bojama i nijansama, ali njegova popularnost i uspeh nije pratila o\u010dekivana nadobudnost. Naprotiv!<\/p>\n<p class=\"has-medium-font-size\"><strong><em><mark style=\"background-color:#fcb900\" class=\"has-inline-color\">Pogledajte atmosferu sa njegovog koncerta u Kraljevu, tik pre nego \u0161to se korona uselila u na\u0161e \u017eivote \u00a0\u2013 5. marta 2020. godine<\/mark><\/em><\/strong>:<\/p>\n<figure class=\"wp-block-embed is-type-video is-provider-youtube wp-block-embed-youtube wp-embed-aspect-16-9 wp-has-aspect-ratio\">\n<p>\n<iframe loading=\"lazy\" title=\"Magija zvana Zdravko \u010coli\u0107 - koncert u Kraljevu 2020.\" width=\"640\" height=\"360\" src=\"https:\/\/www.youtube.com\/embed\/69n9OJrnTCk?feature=oembed\" frameborder=\"0\" allow=\"accelerometer; autoplay; clipboard-write; encrypted-media; gyroscope; picture-in-picture; web-share\" referrerpolicy=\"strict-origin-when-cross-origin\" allowfullscreen><\/iframe>\n<\/p>\n<\/figure>\n<p class=\"has-medium-font-size\">Zdravko \u010coli\u0107 bio je skroman i kao dete kada je sa roditeljima i bratom u Sarajevu \u017eiveo u stanu porodice koja je, kako se to tada govorilo, \u201eimala vi\u0161ak stambenog prostora\u201c. Dve porodice nisu se ba\u0161 najbolje slagale, ali je mali Zdravko svojim \u0161armom uvek uspevao da odobrovolji \u201edopo\u0111u\u201c (tako je zvao vlasnicu stana, gospo\u0111u Samard\u017ei\u0107) da mu dopusti da slu\u0161a radio kojim je bio op\u010dinjen.<\/p>\n<p class=\"has-medium-font-size\">Skroman je ostao i danas. Snimio je 15 studijskih albuma, odr\u017eao na hiljade koncerata i prodao milione albuma, kilometre plo\u010da i drugih nosa\u010da zvuka ibez dileme i nesumnjivo mu stoji epitet na\u0161e najve\u0107e muzi\u010dke zvezde.<\/p>\n<p class=\"has-medium-font-size\">\u00a0\u00a0 M. M. D.<\/p>\n<\/p><\/div>\n<p><a href=\"https:\/\/www.krug.rs\/koncert-zdravka-colica-u-raski\/?utm_source=rss&#038;utm_medium=rss&#038;utm_campaign=koncert-zdravka-colica-u-raski\" target=\"_blank\" rel=\"noopener\">Source link <\/a><br \/>\n\n Koncert Zdravka \u010coli\u0107a u Ra\u0161ki<\/p>\n","protected":false},"excerpt":{"rendered":"<p>Bi\u0107e to njegov prvi koncert u ovom mestu Centar za kultruru \u201eGradac\u201c iz Ra\u0161ke i Turisti\u010dka organizacija Ra\u0161ke najavili su&hellip;<\/p>\n","protected":false},"author":1,"featured_media":5603,"comment_status":"open","ping_status":"open","sticky":false,"template":"","format":"standard","meta":{"footnotes":""},"categories":[1],"tags":[],"class_list":["post-5601","post","type-post","status-publish","format-standard","has-post-thumbnail","hentry","category-oglasi-raska"],"_links":{"self":[{"href":"https:\/\/oglasi.infooglasi.rs\/oglasi\/oglasiraska\/wp-json\/wp\/v2\/posts\/5601","targetHints":{"allow":["GET"]}}],"collection":[{"href":"https:\/\/oglasi.infooglasi.rs\/oglasi\/oglasiraska\/wp-json\/wp\/v2\/posts"}],"about":[{"href":"https:\/\/oglasi.infooglasi.rs\/oglasi\/oglasiraska\/wp-json\/wp\/v2\/types\/post"}],"author":[{"embeddable":true,"href":"https:\/\/oglasi.infooglasi.rs\/oglasi\/oglasiraska\/wp-json\/wp\/v2\/users\/1"}],"replies":[{"embeddable":true,"href":"https:\/\/oglasi.infooglasi.rs\/oglasi\/oglasiraska\/wp-json\/wp\/v2\/comments?post=5601"}],"version-history":[{"count":0,"href":"https:\/\/oglasi.infooglasi.rs\/oglasi\/oglasiraska\/wp-json\/wp\/v2\/posts\/5601\/revisions"}],"wp:featuredmedia":[{"embeddable":true,"href":"https:\/\/oglasi.infooglasi.rs\/oglasi\/oglasiraska\/wp-json\/wp\/v2\/media\/5603"}],"wp:attachment":[{"href":"https:\/\/oglasi.infooglasi.rs\/oglasi\/oglasiraska\/wp-json\/wp\/v2\/media?parent=5601"}],"wp:term":[{"taxonomy":"category","embeddable":true,"href":"https:\/\/oglasi.infooglasi.rs\/oglasi\/oglasiraska\/wp-json\/wp\/v2\/categories?post=5601"},{"taxonomy":"post_tag","embeddable":true,"href":"https:\/\/oglasi.infooglasi.rs\/oglasi\/oglasiraska\/wp-json\/wp\/v2\/tags?post=5601"}],"curies":[{"name":"wp","href":"https:\/\/api.w.org\/{rel}","templated":true}]}}