{"id":5613,"date":"2024-09-06T10:21:42","date_gmt":"2024-09-06T08:21:42","guid":{"rendered":"https:\/\/oglasi.infooglasi.rs\/oglasi\/oglasiraska\/uhapsen-otac-decaka-koji-je-ubio-cetiri-osobe-u-srednjoj-skoli-u-sad-oglasi-raska\/"},"modified":"2024-09-06T10:21:42","modified_gmt":"2024-09-06T08:21:42","slug":"uhapsen-otac-decaka-koji-je-ubio-cetiri-osobe-u-srednjoj-skoli-u-sad-oglasi-raska","status":"publish","type":"post","link":"https:\/\/oglasi.infooglasi.rs\/oglasi\/oglasiraska\/uhapsen-otac-decaka-koji-je-ubio-cetiri-osobe-u-srednjoj-skoli-u-sad-oglasi-raska\/","title":{"rendered":"Uhap\u0161en otac de\u010daka koji je ubio \u010detiri osobe u srednjoj \u0161koli u SAD &#8211; OGLASI RA\u0160KA"},"content":{"rendered":"<p><\/p>\n<p>Od lokalnih \u0161kola je zatra\u017eeno da nadgledaju 14-godi\u0161njaka nakon onlajn pretnji o pucnjavi u \u0161koli 2023. godine, navodi FBI.<\/p>\n<div>\n<figure>       <img loading=\"lazy\" decoding=\"async\" alt=\"Ljudi napu\u0161taju mesto zlo\u010dina kod srednje \u0161kole Apala\u010di u ameri\u010dkom gradu Vajnderu\" src=\"https:\/\/boom93.rs\/image\/cache\/extra-large\/files\/images\/1725610324.0673\" height=\"1222\" width=\"1833\"\/>       <\/p>\n<footer>Reuters<\/footer><figcaption>Ljudi napu\u0161taju mesto zlo\u010dina kod srednje \u0161kole Apala\u010di u ameri\u010dkom gradu Vajnderu<\/figcaption><\/figure>\n<p>\u010cetiri osobe su poginule, a devet je povre\u0111eno po\u0161to je napada\u010d otvorio vatru u srednjoj \u0161koli Apala\u010di u gradu Vajnderu, u ameri\u010dkoj saveznoj dr\u017eavi D\u017eord\u017eiji.<\/p>\n<p>Kolt Grej koji ima 14 godina je uhap\u0161en, potvrdile su vlasti, demantuju\u0107i prethodne navode da je ubica \u201eneutralizovan&#8221; i bi\u0107e mu su\u0111eno kao punoletnoj osobi.<\/p>\n<p>Policija je uhapsila i Kolina Greja, oca de\u010daka.<\/p>\n<p>Njemu se na teret stavlja ubistvo iz nehata, ubistvo drugog stepena i okrutnost prema deci, saop\u0161tio je istra\u017eni biro D\u017eord\u017eije (GBI).<\/p>\n<p>Prvo pojavljivanje 14-godi\u0161njeg de\u010daka pred sudom trebalo bi da bude u petak ujutro.<\/p>\n<p>Direktor GBI Kris Hozi rekao je  u \u010detvrtak uve\u010de da su \u201e optu\u017ebe direktno povezane sa postupcima njegovog sina i omogu\u0107avanjem  da poseduje oru\u017eje&#8221;.<\/p>\n<p>Vlasti istra\u017euju da li je Kolin Grej kupio oru\u017eje kao poklon svom sinu u decembru 2023. godine, rekli su izvori za sprovo\u0111enje zakona za CBS njuz, ameri\u010dkog partnera BBC.<\/p>\n<p>Policija je pro\u0161le godine razgovarala sa de\u010dakom optu\u017eenim za ubistvo zbog anonimnih pretnji na internetu, saop\u0161tio je FBI.<\/p>\n<figure>       <img loading=\"lazy\" decoding=\"async\" alt=\"Devoj\u010dice kle\u010de\" src=\"https:\/\/boom93.rs\/image\/cache\/extra-large\/files\/images\/1725610324.3878\" height=\"549\" width=\"976\"\/>       <\/p>\n<footer>Getty Images<\/footer><figcaption>Majka te\u0161i decu na bdenju<\/figcaption><\/figure>\n<p>De\u010dak je tada negirao optu\u017ebe da je odgovoran za objave na internetu, koje su sadr\u017eale fotografije oru\u017eja, upozoravaju\u0107i na pucnjavu u \u0161koli.  <\/p>\n<p>Osumnji\u010deni je pucao u sredu u srednjoj \u0161koli Apala\u010di u gradu Vinder, ubiv\u0161i dva nastavnika i dva u\u010denika, ka\u017eu istra\u017eitelji.<\/p>\n<p>Povre\u0111eno je osam u\u010denika i jedan nastavnik.<\/p>\n<p>Nacionalni operativni centar FBI primio je 2023. anonimnu dojavu o \u201eonlajn pretnjama da \u0107e biti pucnjava u \u0161koli, ali ne kad i gde&#8221;, navodi se u saop\u0161tenju FBI. <\/p>\n<p>Policija je razgovarala sa osumnji\u010denim de\u010dakom i njegovim ocem, koji je rekao da ima oru\u017eje u ku\u0107i ali da je van doma\u0161aja deteta. <\/p>\n<p>Iz policije tako\u0111e navode da su u\u010denici ponovo sa roditeljima posle \u201ezlog&#8221; napada.<\/p>\n<figure>       <img loading=\"lazy\" decoding=\"async\" alt=\"Deca kle\u010de i pla\u010du u \u0161kolskom dvori\u0161tu\" src=\"https:\/\/boom93.rs\/image\/cache\/extra-large\/files\/images\/1725610324.5457\" height=\"549\" width=\"976\"\/>       <\/p>\n<footer>Getty Images<\/footer>\n<\/figure>\n<p>Jake policijske snage obezbe\u0111uju teren oko \u0161kole koja se nalazi oko 72 kilometara severoisto\u010dno od Atlante glavnog grada D\u017eord\u017eije.<\/p>\n<p>Ameri\u010dki dr\u017eavni tu\u017eilac Merik Garland ka\u017ee da vlada \u201ejo\u0161 prikuplja informacije&#8221; o incidentu.<\/p>\n<p>\u0160irli Pauers, baka u\u010denika iz Apala\u010dija, ka\u017ee za NBC Njuz da ju je \u0107erka zvala na posao \u201evri\u0161te\u0107i da je pucano&#8221; u \u0161koli.<\/p>\n<p>\u0106erka ju je \u201emolila da stignem \u0161to je pre mogu\u0107e&#8221;, dodaje.<\/p>\n<p>Lokalna televizija iz Atlante razgovarala je sa jednom majkom koja je rekla da je u\u010diteljica njenog sina zaklju\u010dala vrata i zabarikadirala u\u010denike unutra kada su \u010duli pucnje u blizini.<\/p>\n<hr\/>\n<p><strong>BBC na srpskom je od sada i na Jutjubu, pratite nas <\/strong><a href=\"https:\/\/www.youtube.com\/@bbcnewsnasrpskom\" target=\"_blank\" rel=\"noopener\">OVDE<\/a><strong>. <\/strong><\/p>\n<hr\/>\n<p>Ameri\u010dki predsednik D\u017eo Bajden je izrazio \u201e\u017ealjenje za smr\u0107u onih \u010diji su \u017eivoti prekinuti zbog besmislenog oru\u017eanog nasilja&#8221;.<\/p>\n<p>\u201eNe mo\u017eemo nastaviti da prihvatamo ovo kao normalno.<\/p>\n<p>\u201eOno \u0161to je trebalo da bude radosni povratak u \u0161kolu u Vajnderu u D\u017eord\u017eiji, pretvorilo se u jo\u0161 jedan u\u017easan podsetnik na to kako oru\u017eano nasilje nastavlja da razdvaja na\u0161e zajednice&#8221;, rekao je Bajden.<\/p>\n<p>Ameri\u010dki predsednik je tako\u0111e pozvao na zabranu juri\u0161nog oru\u017eja i \u0161ar\u017eera velikog kapaciteta, na \u0161ta je i ranije pozivao, kao i na druge mere kontrole oru\u017eja, poput bezbednog skladi\u0161tenja vatrenog oru\u017eja.<\/p>\n<figure>       <img loading=\"lazy\" decoding=\"async\" alt=\"Devojka dr\u017ei u rukama transparente\" src=\"https:\/\/boom93.rs\/image\/cache\/extra-large\/files\/images\/1725610324.8186\" height=\"549\" width=\"976\"\/>       <\/p>\n<footer>Reuters<\/footer>\n<\/figure>\n<p>Markes Kolman, jedan od u\u010denika, video je napada\u010da kako dr\u017ei \u201eveliki pi\u0161tolj&#8221; nepsredno pre nego \u0161to je po\u010dela pucnjava, kazao je medijima. <\/p>\n<p>\u201eUstao sam, po\u010deo da tr\u010dim, a on je pucao nekih desetak puta. Pucao je najmanje toliko&#8221;, rekao je Kolman za CBS njuz. <\/p>\n<p>Dodao je i da je u\u010ditelj stolovima za\u0161titio ulazna vrata.<\/p>\n<p>Policijski zapisi otkrivaju da su se de\u010dakovi roditelji razvodili, a da je on bio sa ocem tokom tog postupka.  <\/p>\n<p>I istrazi je utvr\u0111eno da je Kolt Grej \u010desto i\u0161ao u lov sa ocem i da je on fotografisao sina sa krvlju jelena na obrazima. <\/p>\n<p>De\u010dakov deda po majci rekao je za Njujork tajms da delimi\u010dno krivi buran porodi\u010dni \u017eivot.<\/p>\n<p>\u201eRazumem da je moj unuk uradio u\u017easnu stvar &#8211; nema sumnje u to, i on \u0107e platiti cenu za to.<\/p>\n<p>\u201eMoj unuk je uradio to \u0161to je uradio zbog sredine u kojoj je \u017eiveo&#8221;, rekao je \u010carli Polhamus.<\/p>\n<p>D\u017ead Smit, \u0161erif okruga Barou rekao je da \u0107e se svi povre\u0111enih potpuno oporaviti.<\/p>\n<p>Ovo je bila 23. pucnjava u \u0161koli u SAD 2024. godine, podaci su \u010dasopisa <em>Education Week.<\/em><\/p>\n<p>U tim napadima ubijeno 11, a povre\u0111eno 38 osoba. <\/p>\n<hr\/>\n<p>Pratite nas na<a href=\"https:\/\/www.facebook.com\/BBCNewsnasrpskom\" target=\"_blank\" rel=\"noopener\"> Fejsbuku<\/a>, <a href=\"https:\/\/twitter.com\/bbcnasrpskom\" target=\"_blank\" rel=\"noopener\">Tviteru<\/a>, <a href=\"https:\/\/www.instagram.com\/bbcnewsnasrpskom\/\" target=\"_blank\" rel=\"noopener\">Instagramu<\/a>, <a href=\"https:\/\/www.youtube.com\/@bbcnewsnasrpskom\" target=\"_blank\" rel=\"noopener\">Jutjubu<\/a> i <a href=\"https:\/\/vb.me\/bbcrs\" target=\"_blank\" rel=\"noopener\">Vajberu<\/a>. Ako imate predlog teme za nas, javite se na <a href=\"https:\/\/boom93.rs\/cdn-cgi\/l\/email-protection\" class=\"__cf_email__\" data-cfemail=\"86e4e4e5e8e7f5f4f6f5ede9ebc6e4e4e5a8e5e9a8f3ed\" target=\"_blank\" rel=\"noopener\">[email\u00a0protected]<\/a><\/p>\n<p><noscript><img decoding=\"async\" src=\"https:\/\/a1.api.bbc.co.uk\/hit.xiti\/?s=598346&amp;p=serbianlat.world.story.69321966.page&amp;x1=%5Burn%3Abbc%3Acps%3Acurie%3Aasset%3A2f80cb54-7ac8-4383-8ea6-1a819dba60b4%5D&amp;x4=%5Bsr-Latn%5D&amp;x5=%5Bhttps%3A%2F%2Fwww.bbc.com%2Fserbian%2Flat%2Fsvet-69321966%5D&amp;x7=%5Barticle%5D&amp;x8=%5Bsynd_nojs_ISAPI%5D&amp;x9=%5BUhap%C5%A1en+otac+de%C4%8Daka+koji+je+ubio+%C4%8Detiri+osobe+u+srednjoj+%C5%A1koli+u+SAD%5D&amp;x11=%5B2024-09-04T19%3A49%3A30Z%5D&amp;x12=%5B2024-09-06T08%3A06%3A11Z%5D&amp;x19=%5Bboom93.com%5D\"\/><\/noscript>\n                        <\/div>\n<p><script async src=\"\/\/platform.twitter.com\/widgets.js\" charset=\"utf-8\"><\/script><script async defer src=\"https:\/\/platform.instagram.com\/en_US\/embeds.js\"><\/script><br \/>\n<br \/><a href=\"https:\/\/boom93.rs\/article\/36374\/uhapsen-otac-decaka-koji-je-ubio-cetiri-osobe-u-srednjoj-skoli-u-sad\" target=\"_blank\" rel=\"noopener\">Source link <\/a><br \/>\n\n Uhap\u0161en otac de\u010daka koji je ubio \u010detiri osobe u srednjoj \u0161koli u SAD<\/p>\n","protected":false},"excerpt":{"rendered":"<p>Od lokalnih \u0161kola je zatra\u017eeno da nadgledaju 14-godi\u0161njaka nakon onlajn pretnji o pucnjavi u \u0161koli 2023. godine, navodi FBI. ReutersLjudi&hellip;<\/p>\n","protected":false},"author":1,"featured_media":5614,"comment_status":"open","ping_status":"open","sticky":false,"template":"","format":"standard","meta":{"footnotes":""},"categories":[1],"tags":[],"class_list":["post-5613","post","type-post","status-publish","format-standard","has-post-thumbnail","hentry","category-oglasi-raska"],"_links":{"self":[{"href":"https:\/\/oglasi.infooglasi.rs\/oglasi\/oglasiraska\/wp-json\/wp\/v2\/posts\/5613","targetHints":{"allow":["GET"]}}],"collection":[{"href":"https:\/\/oglasi.infooglasi.rs\/oglasi\/oglasiraska\/wp-json\/wp\/v2\/posts"}],"about":[{"href":"https:\/\/oglasi.infooglasi.rs\/oglasi\/oglasiraska\/wp-json\/wp\/v2\/types\/post"}],"author":[{"embeddable":true,"href":"https:\/\/oglasi.infooglasi.rs\/oglasi\/oglasiraska\/wp-json\/wp\/v2\/users\/1"}],"replies":[{"embeddable":true,"href":"https:\/\/oglasi.infooglasi.rs\/oglasi\/oglasiraska\/wp-json\/wp\/v2\/comments?post=5613"}],"version-history":[{"count":0,"href":"https:\/\/oglasi.infooglasi.rs\/oglasi\/oglasiraska\/wp-json\/wp\/v2\/posts\/5613\/revisions"}],"wp:featuredmedia":[{"embeddable":true,"href":"https:\/\/oglasi.infooglasi.rs\/oglasi\/oglasiraska\/wp-json\/wp\/v2\/media\/5614"}],"wp:attachment":[{"href":"https:\/\/oglasi.infooglasi.rs\/oglasi\/oglasiraska\/wp-json\/wp\/v2\/media?parent=5613"}],"wp:term":[{"taxonomy":"category","embeddable":true,"href":"https:\/\/oglasi.infooglasi.rs\/oglasi\/oglasiraska\/wp-json\/wp\/v2\/categories?post=5613"},{"taxonomy":"post_tag","embeddable":true,"href":"https:\/\/oglasi.infooglasi.rs\/oglasi\/oglasiraska\/wp-json\/wp\/v2\/tags?post=5613"}],"curies":[{"name":"wp","href":"https:\/\/api.w.org\/{rel}","templated":true}]}}