{"id":5619,"date":"2024-09-10T16:03:42","date_gmt":"2024-09-10T14:03:42","guid":{"rendered":"https:\/\/oglasi.infooglasi.rs\/oglasi\/oglasiraska\/u-gradackoj-banji-tradicionalna-manifestacija-golijski-susreti-2024-u-nedelju-04-avgusta-oglasi-raska\/"},"modified":"2024-09-10T16:03:42","modified_gmt":"2024-09-10T14:03:42","slug":"u-gradackoj-banji-tradicionalna-manifestacija-golijski-susreti-2024-u-nedelju-04-avgusta-oglasi-raska","status":"publish","type":"post","link":"https:\/\/oglasi.infooglasi.rs\/oglasi\/oglasiraska\/u-gradackoj-banji-tradicionalna-manifestacija-golijski-susreti-2024-u-nedelju-04-avgusta-oglasi-raska\/","title":{"rendered":"U Grada\u010dkoj Banji tradicionalna manifestacija Golijski susreti 2024 u nedelju 04. avgusta &#8211; OGLASI RA\u0160KA"},"content":{"rendered":"<p><\/p>\n<div>\n<p>Tradicionalna manifestacija Golijski susreti 2024 odr\u017eava se u Grada\u010dkoj banji u nedelju 04. avgusta sa po\u010detkom u 11:00 \u010dasova.<span id=\"more-17886\"\/><\/p>\n<p>Kao i prethodnih godina planiran je bogat kulturno-umetni\u010dki program sa gostima iz Crne Gore, Severne Makedonije, Ivanjice, Vrnja\u010dke Banje, Ra\u0161ke, Brvenice, Jo\u0161ani\u010dke banje\u2026<\/p>\n<p>Golijski susreti su nastali od prethodnih Grada\u010dkih susreta sa ciljem da se okupe ljudi iz svih mesta sa Golije, podno Kopaonika a i \u0161ire.<\/p>\n<p>Tradicija i pri\u010da se nastavljaju\u2026<br \/><span style=\"font-size: 8pt;\">foto:<a href=\"https:\/\/www.facebook.com\/GradackaBanja\/photos_by?locale=sr_RS\" target=\"_blank\" rel=\"noopener noreferrer\">Grada\u010dka Banja<\/a><\/span><\/p>\n<\/p><\/div>\n<p><a href=\"https:\/\/kopaonikonline.com\/u-gradackoj-banji-tradicionalna-manifestacija-golijski-susreti-2024-u-nedelju-04-avgusta\/\" target=\"_blank\" rel=\"noopener\">Source link <\/a><br \/>\n\n U Grada\u010dkoj Banji tradicionalna manifestacija Golijski susreti 2024 u nedelju 04. avgusta<\/p>\n","protected":false},"excerpt":{"rendered":"<p>Tradicionalna manifestacija Golijski susreti 2024 odr\u017eava se u Grada\u010dkoj banji u nedelju 04. avgusta sa po\u010detkom u 11:00 \u010dasova. Kao&hellip;<\/p>\n","protected":false},"author":1,"featured_media":5620,"comment_status":"open","ping_status":"open","sticky":false,"template":"","format":"standard","meta":{"footnotes":""},"categories":[1],"tags":[],"class_list":["post-5619","post","type-post","status-publish","format-standard","has-post-thumbnail","hentry","category-oglasi-raska"],"_links":{"self":[{"href":"https:\/\/oglasi.infooglasi.rs\/oglasi\/oglasiraska\/wp-json\/wp\/v2\/posts\/5619","targetHints":{"allow":["GET"]}}],"collection":[{"href":"https:\/\/oglasi.infooglasi.rs\/oglasi\/oglasiraska\/wp-json\/wp\/v2\/posts"}],"about":[{"href":"https:\/\/oglasi.infooglasi.rs\/oglasi\/oglasiraska\/wp-json\/wp\/v2\/types\/post"}],"author":[{"embeddable":true,"href":"https:\/\/oglasi.infooglasi.rs\/oglasi\/oglasiraska\/wp-json\/wp\/v2\/users\/1"}],"replies":[{"embeddable":true,"href":"https:\/\/oglasi.infooglasi.rs\/oglasi\/oglasiraska\/wp-json\/wp\/v2\/comments?post=5619"}],"version-history":[{"count":0,"href":"https:\/\/oglasi.infooglasi.rs\/oglasi\/oglasiraska\/wp-json\/wp\/v2\/posts\/5619\/revisions"}],"wp:featuredmedia":[{"embeddable":true,"href":"https:\/\/oglasi.infooglasi.rs\/oglasi\/oglasiraska\/wp-json\/wp\/v2\/media\/5620"}],"wp:attachment":[{"href":"https:\/\/oglasi.infooglasi.rs\/oglasi\/oglasiraska\/wp-json\/wp\/v2\/media?parent=5619"}],"wp:term":[{"taxonomy":"category","embeddable":true,"href":"https:\/\/oglasi.infooglasi.rs\/oglasi\/oglasiraska\/wp-json\/wp\/v2\/categories?post=5619"},{"taxonomy":"post_tag","embeddable":true,"href":"https:\/\/oglasi.infooglasi.rs\/oglasi\/oglasiraska\/wp-json\/wp\/v2\/tags?post=5619"}],"curies":[{"name":"wp","href":"https:\/\/api.w.org\/{rel}","templated":true}]}}