{"id":5682,"date":"2024-12-03T13:41:38","date_gmt":"2024-12-03T12:41:38","guid":{"rendered":"https:\/\/oglasi.infooglasi.rs\/oglasi\/oglasiraska\/skupstina-novog-sada-o-opozivu-gradonacelnika-protest-i-incidenti-na-ulazu-u-zgradu-oglasi-raska\/"},"modified":"2024-12-03T13:41:38","modified_gmt":"2024-12-03T12:41:38","slug":"skupstina-novog-sada-o-opozivu-gradonacelnika-protest-i-incidenti-na-ulazu-u-zgradu-oglasi-raska","status":"publish","type":"post","link":"https:\/\/oglasi.infooglasi.rs\/oglasi\/oglasiraska\/skupstina-novog-sada-o-opozivu-gradonacelnika-protest-i-incidenti-na-ulazu-u-zgradu-oglasi-raska\/","title":{"rendered":"Skup\u0161tina Novog Sada o opozivu gradona\u010delnika, protest i incidenti na ulazu u zgradu &#8211; OGLASI RA\u0160KA"},"content":{"rendered":"<p><\/p>\n<p>\n                Dok Skup\u0161tina grada Novog Sada razmatra opozicioni predlog o ostavci gradona\u010delnika zbog tragedije na \u017eelezni\u010dkoj stanici 1. novembra, ispred zgrade traje protest nezadovoljnih ljudi.\n            <\/p>\n<div>\n<figure>         <img loading=\"lazy\" decoding=\"async\" alt=\"Protest u Novom Sadu\" src=\"https:\/\/boom93.rs\/image\/cache\/extra-large\/files\/images\/1733228463.2005\" width=\"800\" height=\"450\"\/>         <\/p>\n<footer>BBC\/Nata\u0161a An\u0111elkovi\u0107<\/footer><figcaption>Slogan \u201eRuke su vam krvave&#8221; postao je jedan od simbola protesta posle pada nadstre\u0161nice na \u017eelezni\u010dkoj stanici u Novom Sadu 1. novembra kada je poginulo 15 ljudi, a dvoje te\u0161ko povre\u0111eno<\/figcaption><\/figure>\n<p>Dok odbornici Skup\u0161tine grada Novog Sada razmatraju predlog opozicije za razre\u0161enje gradona\u010delnika Milana \u0110uri\u0107a, ispred zgrade u toku je protest, a bilo je i incidenata.<\/p>\n<p>Opozicioni odbornici tra\u017ee ostavku \u0110uri\u0107a zbog pada nadstre\u0161nice \u017eelezni\u010dke stanice 1. novembra u Novom Sadu, kada je poginulo 15, a te\u0161ko povre\u0111eno dvoje ljudi.<\/p>\n<p>Tra\u017ee njegovu moralnu i politi\u010dku odgovornost zbog tragedije, dok ga odbornici vladaju\u0107e ve\u0107ine brane i ka\u017eu da on nema nikakve veze sa nedavnom rekonstrukcijom stanice.<\/p>\n<p>Opozicija je pozvala ljude da se u 11.52, trenutku kada je do\u0161lo do tragedije, okupe ispred gradske skup\u0161tine i bukom od trajanju od 15 minuta izraze nezadovoljstvo.<\/p>\n<p>Me\u0111utim, skup i velika buka nastavljeni su i posle toga.<\/p>\n<p>Okupljeni su blokirali saobra\u0107aj u Ulici \u017darka Zrenjanina, u centru Novog Sada, duvaju u vuvuzele, pi\u0161taljke, udaraju u bubnjeve i \u0161erpe, skandiraju\u0107i \u201eubice, ubice\u201c, javlja reporterka BBC-ja na srpskom Nata\u0161a An\u0111elkovi\u0107, koja se nalazi ispred novosadske skup\u0161tine.<\/p>\n<p>Deo okupljenih, me\u0111u kojima su i opozicioni poslanici u Skup\u0161tini Srbije, ne\u0161to pre 13 \u010dasova poku\u0161ao je da u\u0111e u zgradu novosadske skup\u0161tine, kada je do\u0161lo do guranja sa obezbe\u0111enjem.<\/p>\n<p>Intervenisali su pripadnici policije u opremi za razbijanje nereda, koji su stali na vrata. <\/p>\n<p>Pojedini ljudi su upali u zgradu, a skup\u0161tinsko obezbe\u0111enje ih je oborilo na pod.<\/p>\n<p>Predstavnici opozicije najavili su pet pitanja za \u0110uri\u0107a, me\u0111u kojima o rekonstrukciji \u017eelezni\u010dke stanice, <a href=\"https:\/\/www.bbc.com\/serbian\/lat\/srbija-69292061?xtor=AL-73-%5Bpartner%5D-%5Bboom93.com%5D-%5Blink%5D-%5Bserbian%5D-%5Bbizdev%5D-%5Bisapi%5D\" target=\"_blank\" rel=\"noopener\">kvalitetu vode<\/a> u Novom Sadu, kao i <a href=\"https:\/\/www.bbc.com\/serbian\/articles\/cp8xgdegdmvo\/lat?xtor=AL-73-%5Bpartner%5D-%5Bboom93.com%5D-%5Blink%5D-%5Bserbian%5D-%5Bbizdev%5D-%5Bisapi%5D\" target=\"_blank\" rel=\"noopener\">optu\u017ebama o policijskoj brutalnosti nad 74-godi\u0161njim penzionerom Ilijom Kosti\u0107em<\/a>, uhap\u0161enim posle jednog od protesta u vojvo\u0111anskoj prestonici.<\/p>\n<p>Istraga o padu nedavno rekonstruisane novosadske \u017eelezni\u010dke stanice je u toku.<\/p>\n<p>Privedeno je 13 ljudi, me\u0111u kojima je i nekoliko dr\u017eavnih zvani\u010dnika, ali je Goran Vesi\u0107, doskora\u0161nji ministar gra\u0111evinarstva, posle nekoliko dana pu\u0161ten iz pritvora.<\/p>\n<p>Opozicija sumnja u iskrenost vlasti da \u0107e do kraja ispitati zbog \u010dega je pala nadstre\u0161nica, optu\u017euju\u0107i je za korupciju u infrastrukturnim projektima &#8211; \u0161to vide kao uzrok tragedije &#8211; kao i za kontrolu pravosu\u0111a.<\/p>\n<p>U me\u0111uvremenu se u Novom Sadu, Beogradu i drugim gradovima nastavljaju gotovo svakodnevni protesti, na kojima opozicija i aktivisti tra\u017ee ostavke \u0110uri\u0107a i premijera Srbije Milo\u0161a Vu\u010devi\u0107a, prethodnog gradona\u010delnika Novog Sada.<\/p>\n<figure>         <img loading=\"lazy\" decoding=\"async\" alt=\"Milan \u0110uri\u0107\" src=\"https:\/\/boom93.rs\/image\/cache\/extra-large\/files\/images\/1733228463.3371\" width=\"800\" height=\"450\"\/>         <\/p>\n<footer>BBC\/Svetlana Paramenti\u0107<\/footer><figcaption>Gradona\u010delnik Novog Sada Milan \u0110uri\u0107 <\/figcaption><\/figure>\n<figure>         <img loading=\"lazy\" decoding=\"async\" alt=\"Novi Sad\" src=\"https:\/\/boom93.rs\/image\/cache\/extra-large\/files\/images\/1733228463.4839\" width=\"1500\" height=\"844\"\/>         <\/p>\n<footer>Fonet<\/footer><figcaption>Guranje demonstranata i policije<\/figcaption><\/figure>\n<h2>Za\u0161to opozicija tra\u017ei ostavku gradona\u010delnika?<\/h2>\n<p>Opozicione stranke u Skup\u0161tini Novog pre vi\u0161e od dve nedelje predale su zahtev za zakazivanje vanredne sednice parlamenta.<\/p>\n<p>To su obrazlo\u017eili re\u010dima da su \u0110uri\u0107 i Vu\u010devi\u0107 \u201eimali dovoljno vremena da osete moralnu odgovornost i podnesu ostavke\u201c zbog tragedije u kojoj je poginulo 15 ljudi.<\/p>\n<p>Odbornici Skup\u0161tine grada Novog Sada su \u017eu\u010dno raspravljali o opoziconom predlogu da gradona\u010delnik podnese ostavku.<\/p>\n<p>Opozicione stranke su ujedinjene u zahtevu da \u0110uri\u0107 podnese ostavku, tra\u017ee\u0107i da se javno objavi kompletna dokumentacija o rekonstrukciji \u017eelezni\u010dke stanice, na \u0161ta je potro\u0161eno 65 miliona evra i tvrde da je pu\u0161tena u rad bez potrebnih dozvola, \u0161to je, ka\u017eu, \u201eprimer koruptivnih poslova&#8221;.<\/p>\n<p>Me\u0111utim, vladaju\u0107a koalicija ima dovoljnu ve\u0107inu da predlog odbije.<\/p>\n<p>Skup\u0161tina Novog Sada ima 78 odbornika, od \u010dega 35 \u010dine predstavnici Srpske napredne stranke (SNS), a pet Socijalisti\u010dke partije Srbije (SPS), koje su na vlasti u gradu.<\/p>\n<p>\u201eTragedija je rezultat katastrofalnog upravljanja gradom, gde se gradi mimo dozvola, a institucije ignori\u0161u svoje obaveze\u201c, izjavio je na po\u010detku sednice, u ime predlaga\u010da opoziva gradona\u010delnika, odbornik Stevan Babi\u0107 iz opozicionog pokreta Kreni promeni.<\/p>\n<p>\u201eNa protestu odr\u017eanom 5. novembra vi\u0161e od 30.000 gra\u0111ana pokazalo je nezadovoljstvo i tra\u017eilo ostavku gradona\u010delnika Milana \u0110uri\u0107a.\u201c<\/p>\n<p>Novi Sad je, dodaje, iz bezbednog grada pretvoren u mesto \u010diji stanovnici vi\u0161e ne ose\u0107aju sigurnost i nemaju poverenje u instititucije, a problemi se samo produbljuju, <a href=\"https:\/\/www.021.rs\/story\/Novi-Sad\/Vesti\/394877\/UZIVO-Sednica-o-smeni-gradonacelnika-Djurica-Pocelo-zasedanje-prisutna-policija.html\" target=\"_blank\" rel=\"noopener\">prenosi novosadski portal 021.rs.<\/a><\/p>\n<p>Kao razloge smene \u0110uri\u0107a naveo je i \u201erepresivni odnos vlasti prema gra\u0111anima\u201c, kao i hap\u0161enje direktora Javnog gradskog preduze\u0107a pod optu\u017ebama za \u0161verc drogom, koga je prethodno imenovala gradska vlast.<\/p>\n<p>\u201e\u0110uri\u0107 vi\u0161e nema moralni legitimitet da vodi Novi Sad\u201c, istakao je.<\/p>\n<figure>         <img loading=\"lazy\" decoding=\"async\" alt=\"Protest\" src=\"https:\/\/boom93.rs\/image\/cache\/extra-large\/files\/images\/1733228463.6813\" width=\"800\" height=\"450\"\/>         <\/p>\n<footer>BBC<\/footer>\n<\/figure>\n<figure>         <img loading=\"lazy\" decoding=\"async\" alt=\"Protest\" src=\"https:\/\/boom93.rs\/image\/cache\/extra-large\/files\/images\/1733228463.8205\" width=\"800\" height=\"450\"\/>         <\/p>\n<footer>BBC<\/footer>\n<\/figure>\n<figure>         <img loading=\"lazy\" decoding=\"async\" alt=\"Novi Sad\" src=\"https:\/\/boom93.rs\/image\/cache\/extra-large\/files\/images\/1733228463.9604\" width=\"982\" height=\"553\"\/>         <\/p>\n<footer>BBC<\/footer>\n<\/figure>\n<h2>Odgovor vladaju\u0107e koalicije<\/h2>\n<p>Ne postoji ni direktna, ni indirektna veza gradona\u010delnika \u0110uri\u0107a sa projektovanjem, izvo\u0111enjem, nadzorom i kontrolom radova na \u017delezni\u010dkoj stanici, odgovorila je Sanja Dra\u0161ko, predsednica odborni\u010dke grupe SNS-a.<\/p>\n<p>Tvrdnje opozicije nazvala je \u201eobi\u010dnim spinom, obmanom naroda i \u010distom zloupotrebom nesre\u0107e\u201c.<\/p>\n<p>\u201eVan svake pameti je povezivati predsednika dr\u017eave, predsednika vlade ili gradona\u010delnika sa gra\u0111evinskim stvarima gde postoje stru\u010dnjaci koji rade svoj posao. Dr\u017eava pokazuje odgovornost i svakog \u010dega sudbina u skladu sa zakonom&#8221;, navodi Dra\u0161ko, prenosi 021.<\/p>\n<p>Tvrdi i da \u201enijedna tvrdnja o odgovornosti SNS-a ne stoji, niti je zasnovana na \u010dinjenicama&#8221;, kao ni da se Milan \u0110uri\u0107 \u201ene pla\u0161i rasprave o rezultatima njegovog rada\u201c.<\/p>\n<p>Tokom sednice je izglasano i da opozicioni odbornik Milan Cvijeti\u0107 bude udaljen sa sednice.<\/p>\n<p>Cvijeti\u0107 je prethodno otvorio prozor skup\u0161tinske sale, kako bi se glasnije \u010dula buka protesta.<\/p>\n<p><noscript><img decoding=\"async\" src=\"https:\/\/a1.api.bbc.co.uk\/hit.xiti\/?s=598346&amp;p=serbian.articles.c75w6w4v45go.lat.page&amp;x1=%5Burn%3Abbc%3Aoptimo%3Aasset%3Ac75w6w4v45go%5D&amp;x4=%5Bsr-latn%5D&amp;x5=%5Bhttps%3A%2F%2Fwww.bbc.com%2Fserbian%2Farticles%2Fc75w6w4v45go%2Flat%5D&amp;x7=%5Barticle%5D&amp;x8=%5Bsynd_nojs_ISAPI%5D&amp;x9=%5BSkup%C5%A1tina+Novog+Sada+o+opozivu+gradona%C4%8Delnika%2C+protest+i+incidenti+na+ulazu+u+zgradu+%5D&amp;x11=%5B2024-12-03T12%3A15%3A15.497Z%5D&amp;x12=%5B2024-12-03T12%3A15%3A15.497Z%5D&amp;x19=%5Bboom93.com%5D\"\/><\/noscript>\n                        <\/div>\n<p><a href=\"https:\/\/boom93.rs\/article\/28542\/skupstina-novog-sada-o-opozivu-gradonacelnika-protest-i-incidenti-na-ulazu-u-zgradu\" target=\"_blank\" rel=\"noopener\">Source link <\/a><br \/>\n\n Skup\u0161tina Novog Sada o opozivu gradona\u010delnika, protest i incidenti na ulazu u zgradu<\/p>\n","protected":false},"excerpt":{"rendered":"<p>Dok Skup\u0161tina grada Novog Sada razmatra opozicioni predlog o ostavci gradona\u010delnika zbog tragedije na \u017eelezni\u010dkoj stanici 1. novembra, ispred zgrade&hellip;<\/p>\n","protected":false},"author":1,"featured_media":5683,"comment_status":"open","ping_status":"open","sticky":false,"template":"","format":"standard","meta":{"footnotes":""},"categories":[1],"tags":[],"class_list":["post-5682","post","type-post","status-publish","format-standard","has-post-thumbnail","hentry","category-oglasi-raska"],"_links":{"self":[{"href":"https:\/\/oglasi.infooglasi.rs\/oglasi\/oglasiraska\/wp-json\/wp\/v2\/posts\/5682","targetHints":{"allow":["GET"]}}],"collection":[{"href":"https:\/\/oglasi.infooglasi.rs\/oglasi\/oglasiraska\/wp-json\/wp\/v2\/posts"}],"about":[{"href":"https:\/\/oglasi.infooglasi.rs\/oglasi\/oglasiraska\/wp-json\/wp\/v2\/types\/post"}],"author":[{"embeddable":true,"href":"https:\/\/oglasi.infooglasi.rs\/oglasi\/oglasiraska\/wp-json\/wp\/v2\/users\/1"}],"replies":[{"embeddable":true,"href":"https:\/\/oglasi.infooglasi.rs\/oglasi\/oglasiraska\/wp-json\/wp\/v2\/comments?post=5682"}],"version-history":[{"count":0,"href":"https:\/\/oglasi.infooglasi.rs\/oglasi\/oglasiraska\/wp-json\/wp\/v2\/posts\/5682\/revisions"}],"wp:featuredmedia":[{"embeddable":true,"href":"https:\/\/oglasi.infooglasi.rs\/oglasi\/oglasiraska\/wp-json\/wp\/v2\/media\/5683"}],"wp:attachment":[{"href":"https:\/\/oglasi.infooglasi.rs\/oglasi\/oglasiraska\/wp-json\/wp\/v2\/media?parent=5682"}],"wp:term":[{"taxonomy":"category","embeddable":true,"href":"https:\/\/oglasi.infooglasi.rs\/oglasi\/oglasiraska\/wp-json\/wp\/v2\/categories?post=5682"},{"taxonomy":"post_tag","embeddable":true,"href":"https:\/\/oglasi.infooglasi.rs\/oglasi\/oglasiraska\/wp-json\/wp\/v2\/tags?post=5682"}],"curies":[{"name":"wp","href":"https:\/\/api.w.org\/{rel}","templated":true}]}}