{"id":5748,"date":"2025-06-24T20:35:16","date_gmt":"2025-06-24T18:35:16","guid":{"rendered":"https:\/\/oglasi.infooglasi.rs\/oglasi\/oglasiraska\/radic-migovi-neefikasni-protiv-komercijalnih-dronova-sa-kfor-om-dobri-odonosi-drustvo-oglasi-raska\/"},"modified":"2025-06-24T20:35:16","modified_gmt":"2025-06-24T18:35:16","slug":"radic-migovi-neefikasni-protiv-komercijalnih-dronova-sa-kfor-om-dobri-odonosi-drustvo-oglasi-raska","status":"publish","type":"post","link":"https:\/\/oglasi.infooglasi.rs\/oglasi\/oglasiraska\/radic-migovi-neefikasni-protiv-komercijalnih-dronova-sa-kfor-om-dobri-odonosi-drustvo-oglasi-raska\/","title":{"rendered":"Radi\u0107: Migovi neefikasni protiv komercijalnih dronova, sa KFOR-om dobri odonosi &#8211; Dru\u0161tvo &#8211; OGLASI RA\u0160KA"},"content":{"rendered":"<p><\/p>\n<div>\n<div class=\"font-medium post-intro-content content\">\n<p>Vojni analiti\u010dar Aleksandar Radi\u0107 izjavio je ve\u010deras da su za lova\u010dku avijaciju prakti\u010dno nedodirljivi mali komercijalni dronovi, jefitni i dostupni na tr\u017ei\u0161tu, dok bi pojava sofistificiranih dronova sa velikim radarskim odrazom nad Srbijom zna\u010dila da ih je poslala neka velika sila, prakti\u010dno KFOR.<\/p>\n<\/div>\n<p>\u201eAli KFOR ima vrlo solidne odnose sa Vojskom Srbije (VS), saradnja je vrlo kvalitetna i nema indicija da se tu ne\u0161to nepovoljno de\u0161ava\u201c, rekao je Radi\u0107, za Betu, povodom ve\u010dera\u0161nje tvrdnje beogradskihh \u201eVe\u010dernjih novosti\u201c da su \u201enepoznati dronovi osmatrali kasarne i polo\u017eaje VS u okolini Ra\u0161ke\u201c.<\/p>\n<p>Po re\u010dima Radi\u0107a, sa KFOR-om se odr\u017eavaju redovni sastanci, tako da ih VS mo\u017ee obavestiti o tpme i tra\u017eiti njihova saznanja o upotrebi dronova.<\/p>\n<p>On je rekao i da ne veruje da bi se velike sile slu\u017eile ovom metodom pritiska, kao i da ne bi koristile ovakvo sredstvo za prikupljanje podataka \u201ena takti\u010dkom nivou\u201c.<\/p>\n<p>\u201eGde je neka \u010deta ili vod nije relevantno sa visoku politiku\u201c, ukazao je Radi\u0107.<\/p>\n<p>Odgovaraju\u0107i na pitanje da li je su dronove mo\u017eda poslale Kosovske snage bezbednosti, on je naveo da se mo\u017ee nagadjati i o nekim paralelnim snagama i policiji.<\/p>\n<p>\u201eAko su komercijalni dronovi, mali su i dostupni na tr\u017ei\u0161tu, mo\u017ee da ih koristi bilo koja organizacija koja \u017eeli da prikupi informacije\u201c, naveo je Radi\u0107, kao i da se takvi, komercijalni, dronovi puno koriste sada u ratu u Ukrajini.<\/p>\n<p>Na pitanje da li je uobi\u010dajeno da se objavljuju informacije o pojavi drona nad nekom zemljom i to uz video snimak poletanja lova\u010dkih aviona, kako bi ih eventulano uni\u0161tili, on je rekao da se u ovom slu\u010daju \u201e\u0161alje poruka javnosti da smo jaki i da neko brine o dr\u017eavi\u201c, kao i time \u0161to je daanas saop\u0161teno da je podignuta borbena gotovost VS.<\/p>\n<div class=\"post-disclaimer\">\n<p><strong><em>Pratite nas na na\u0161oj <a href=\"https:\/\/www.facebook.com\/www.danas.rs\" target=\"_blank\" rel=\"noopener external noreferrer\" data-wpel-link=\"external\">Facebook<\/a> i <a href=\"https:\/\/www.instagram.com\/danas.rs\/?hl=en\" target=\"_blank\" rel=\"noopener external noreferrer\" data-wpel-link=\"external\">Instagram<\/a> stranici, ali i na <a href=\"https:\/\/twitter.com\/OnlineDanas\" target=\"_blank\" rel=\"noopener external noreferrer\" data-wpel-link=\"external\">X<\/a> nalogu. Pretplatite se na <a href=\"https:\/\/klub.danas.rs\/\" target=\"_blank\" rel=\"noopener external noreferrer\" data-wpel-link=\"external\">PDF izdanje lista Danas<\/a>.<\/em><\/strong><\/p>\n<\/div>\n<\/div>\n<p><script async src=\"\/\/platform.twitter.com\/widgets.js\" charset=\"utf-8\"><\/script><script async defer src=\"https:\/\/platform.instagram.com\/en_US\/embeds.js\"><\/script><br \/>\n<br \/><a href=\"https:\/\/www.danas.rs\/vesti\/drustvo\/radic-migovi-neefikasni-protiv-komercijalnih-dronova-sa-kfor-om-dobri-odonosi\/\" target=\"_blank\" rel=\"noopener\">Source link <\/a><br \/>\n\n Radi\u0107: Migovi neefikasni protiv komercijalnih dronova, sa KFOR-om dobri odonosi &#8211; Dru\u0161tvo<\/p>\n","protected":false},"excerpt":{"rendered":"<p>Vojni analiti\u010dar Aleksandar Radi\u0107 izjavio je ve\u010deras da su za lova\u010dku avijaciju prakti\u010dno nedodirljivi mali komercijalni dronovi, jefitni i dostupni&hellip;<\/p>\n","protected":false},"author":1,"featured_media":5749,"comment_status":"open","ping_status":"open","sticky":false,"template":"","format":"standard","meta":{"footnotes":""},"categories":[1],"tags":[],"class_list":["post-5748","post","type-post","status-publish","format-standard","has-post-thumbnail","hentry","category-oglasi-raska"],"_links":{"self":[{"href":"https:\/\/oglasi.infooglasi.rs\/oglasi\/oglasiraska\/wp-json\/wp\/v2\/posts\/5748","targetHints":{"allow":["GET"]}}],"collection":[{"href":"https:\/\/oglasi.infooglasi.rs\/oglasi\/oglasiraska\/wp-json\/wp\/v2\/posts"}],"about":[{"href":"https:\/\/oglasi.infooglasi.rs\/oglasi\/oglasiraska\/wp-json\/wp\/v2\/types\/post"}],"author":[{"embeddable":true,"href":"https:\/\/oglasi.infooglasi.rs\/oglasi\/oglasiraska\/wp-json\/wp\/v2\/users\/1"}],"replies":[{"embeddable":true,"href":"https:\/\/oglasi.infooglasi.rs\/oglasi\/oglasiraska\/wp-json\/wp\/v2\/comments?post=5748"}],"version-history":[{"count":0,"href":"https:\/\/oglasi.infooglasi.rs\/oglasi\/oglasiraska\/wp-json\/wp\/v2\/posts\/5748\/revisions"}],"wp:featuredmedia":[{"embeddable":true,"href":"https:\/\/oglasi.infooglasi.rs\/oglasi\/oglasiraska\/wp-json\/wp\/v2\/media\/5749"}],"wp:attachment":[{"href":"https:\/\/oglasi.infooglasi.rs\/oglasi\/oglasiraska\/wp-json\/wp\/v2\/media?parent=5748"}],"wp:term":[{"taxonomy":"category","embeddable":true,"href":"https:\/\/oglasi.infooglasi.rs\/oglasi\/oglasiraska\/wp-json\/wp\/v2\/categories?post=5748"},{"taxonomy":"post_tag","embeddable":true,"href":"https:\/\/oglasi.infooglasi.rs\/oglasi\/oglasiraska\/wp-json\/wp\/v2\/tags?post=5748"}],"curies":[{"name":"wp","href":"https:\/\/api.w.org\/{rel}","templated":true}]}}