{"id":5405,"date":"2023-10-30T21:03:41","date_gmt":"2023-10-30T20:03:41","guid":{"rendered":"https:\/\/oglasi.infooglasi.rs\/oglasi\/oglasirazanj\/bez-muzike-bi-zivot-bio-greska-oglasi-razanj\/"},"modified":"2023-10-30T21:03:41","modified_gmt":"2023-10-30T20:03:41","slug":"bez-muzike-bi-zivot-bio-greska-oglasi-razanj","status":"publish","type":"post","link":"https:\/\/oglasi.infooglasi.rs\/oglasi\/oglasirazanj\/bez-muzike-bi-zivot-bio-greska-oglasi-razanj\/","title":{"rendered":"Bez muzike bi \u017eivot bio gre\u0161ka &#8211; OGLASI RA\u017dANJ"},"content":{"rendered":"<p><\/p>\n<div itemprop=\"articleBody\">\n<p>Muzika je jedan od sastavnih delova \u010dove\u010danstva. Fridrih Ni\u010de ka\u017ee ,,Bez muzike bi \u017eivot bio gre\u0161ka\u201d. O zna\u010daju muzike govori i Platon: \u201cMuzika je ono \u0161to univerzumu daje du\u0161u\u201d, a Henri Vodsfort Longfelou ka\u017ee \u201cMuzika je univerzalni jezik \u010dove\u010danstva\u201d.<\/p>\n<p>Kako \u0161to su  velikani rekli, muzika je klju\u010dna i za upoznavanje sebe. Pored ovoga, muzi\u010dko obrazovanje podsti\u010de i podjednako razvijanje obe polovine velikog mozga, razvoj motorike i olak\u0161avanje i ubrzavanje u\u010denja (npr. mo\u017ee se razviti i fotografsko pam\u0107enje). Zbog ovoga bitno je i upoznavanje s muzikom \u201cod malih nogu\u201d. Deci iz Ra\u017enja sjajnu mogu\u0107nost za ovo pru\u017ea izdvojeno odeljenje OM\u0160 \u201cVladimir \u0110or\u0111evi\u0107\u201d iz Aleksinca u Ra\u017enju. U sklopu \u0161estogodi\u0161njeg muzi\u010dkog obrazovanja koje pru\u017ea ovo odeljenje mogu\u0107e je poha\u0111ati odseke za klavir, harmoniku, violinu i klarinet. Uporedo sa ovim, slu\u0161aju se i predmeti solfe\u0111o i teorija muzike (za u\u010denike \u0161estog razreda OM\u0160). U ovom odeljenju vrhunsko muzi\u010dko obrazovanje pru\u017ea pet nastavnika.<\/p>\n<p>Osnovna muzi\u010dka \u0161kola ima i odli\u010dnu saradnju sa institucijama u Ra\u017enju. Naime, nastava u muzi\u010dkoj \u0161koli odvija se u prostorijama O\u0160 \u201cIvan Vu\u0161ovi\u0107\u201d sa kojom ima odli\u010dnu dugogodi\u0161nju saradnju. Direktorka, nastavnici i pomo\u0107no osoblje, kako navodi nastavnica klavira Marijana Gligorijevi\u0107, pru\u017eaju svaki vid podr\u0161ke. Pored ovoga, orkestar muzi\u010dke \u0161kole ima zapa\u017eeno mesto kao gost Doma kulture op\u0161tine Ra\u017eanj.<\/p>\n<figure class=\"wp-block-image size-large\"><img loading=\"lazy\" decoding=\"async\" width=\"1024\" height=\"573\" src=\"https:\/\/neksecujeglas.com\/wp-content\/uploads\/2022\/03\/Screenshot_2022-03-18_101113-1024x573.png\" alt=\"\" class=\"wp-image-1923\" srcset=\"https:\/\/neksecujeglas.com\/wp-content\/uploads\/2022\/03\/Screenshot_2022-03-18_101113-1024x573.png 1024w, https:\/\/neksecujeglas.com\/wp-content\/uploads\/2022\/03\/Screenshot_2022-03-18_101113-300x168.png 300w, https:\/\/neksecujeglas.com\/wp-content\/uploads\/2022\/03\/Screenshot_2022-03-18_101113-768x430.png 768w, https:\/\/neksecujeglas.com\/wp-content\/uploads\/2022\/03\/Screenshot_2022-03-18_101113-450x252.png 450w, https:\/\/neksecujeglas.com\/wp-content\/uploads\/2022\/03\/Screenshot_2022-03-18_101113-780x437.png 780w, https:\/\/neksecujeglas.com\/wp-content\/uploads\/2022\/03\/Screenshot_2022-03-18_101113.png 1125w\" sizes=\"auto, (max-width: 1024px) 100vw, 1024px\"\/><\/figure>\n<p>U\u010denici izdvojenog odeljenja muzi\u010dke \u0161kole u Ra\u017enju su se, tako\u0111e, pokazali u najboljem svetlu i na mnogim takmi\u010denjima, kako u zemlji, tako i u inostranstvu. Nastavnica dodaje: \u201cSpisak svih u\u010denika i nagrada je veoma dug\u201d. Svakako se mogu izdvojiti Republi\u010dko takmi\u010denje, me\u0111unarodno takmi\u010denje u Sloveniji, \u201cViva harmonika\u201d, me\u0111unarodni Memorijal \u201cSanja Pavlovi\u0107\u201d u Aleksincu, a pored svega ovoga u\u010denici iz Ra\u017enja u\u010destvuju i na brojnim drugim festivalima.<\/p>\n<p>Uzev\u0161i u obzir masovnu emigraciju ljudi, odeljenje u Ra\u017enju  ponosno se mo\u017ee pohvaliti velikim brojem u\u010denika. Svake godine OM\u0160 upi\u0161e i do trideset u\u010denika prvog razreda. \u0160to se planova za budu\u0107nost ti\u010de, nastavnica Marijana navodi da se planira odr\u017eavanje kontinuiteta rada, a time i u\u010de\u0161\u0107e na mnogobrojnim takmi\u010denjima i festivalima u solo kategoriji, ali i u kategoriji kamerni-ansambl. Osnovna muzi\u010dka \u0161kola o\u010dekuje nastavak \u201cdivne saradnje sa osnovnom \u0161kolom u Ra\u017enju\u201d.<\/p>\n<p>Za nastavljanje predanog rada potrebna je i promocija \u0161kole. Promociju OM\u0160 vr\u0161i neposredno u mati\u010dnoj osnovnoj \u0161koli, ali i u osnovnoj \u0161koli u Vito\u0161evcu i isturenim odeljenjima. Tradicionalno, krajem svake \u0161kolske godine u\u010denici OM\u0160 odr\u017eavaju i koncert, a redovno i javne \u010dasove. Kako navodi nastavnica Marijana, u promociji klju\u010dnu ulogu imaju i sama deca koja se me\u0111usobno dru\u017ee i time prenose svoju ljubav prema muzici i na svoje drugare.<\/p>\n<p>Muzikom su se bavili i neki od naj\u010duvenijih fizi\u010dara i matemati\u010dara poput Alberta Ajn\u0161tajna koji je svirao violinu i Ri\u010darda Fajnmana koji je svirao bongose. Ajn\u0161tajn je jednom prilikom izjavio: \u201cDa nisam fizi\u010dar verovatno bih bio muzi\u010dar. \u010cesto razmi\u0161ljam o muzici. Svoj \u017eivot vidim u muzi\u010dkom smislu\u201d. <\/p>\n<p>Dakle, SVIRAJMO!<\/p>\n<p>pi\u0161e <strong>Nikola Stamboli\u0107<\/strong><\/p>\n<p>foto <a href=\"https:\/\/muzickaaleksinac.edu.rs\/index.php\" target=\"_blank\" rel=\"noreferrer noopener\">https:\/\/muzickaaleksinac.edu.rs\/index.php<\/a><\/p>\n<\/p><\/div>\n<p><a href=\"https:\/\/neksecujeglas.com\/2022\/03\/24\/bez-muzike-bi-zivot-bio-greska-oms-vladimir-dordevic-aleksinac\/\" target=\"_blank\" rel=\"noopener\">Source link <\/a><br \/>\n\n Bez muzike bi \u017eivot bio gre\u0161ka<\/p>\n","protected":false},"excerpt":{"rendered":"<p>Muzika je jedan od sastavnih delova \u010dove\u010danstva. Fridrih Ni\u010de ka\u017ee ,,Bez muzike bi \u017eivot bio gre\u0161ka\u201d. O zna\u010daju muzike govori&hellip;<\/p>\n","protected":false},"author":1,"featured_media":5406,"comment_status":"open","ping_status":"open","sticky":false,"template":"","format":"standard","meta":{"footnotes":""},"categories":[1],"tags":[],"class_list":["post-5405","post","type-post","status-publish","format-standard","has-post-thumbnail","hentry","category-oglasi-razanj"],"_links":{"self":[{"href":"https:\/\/oglasi.infooglasi.rs\/oglasi\/oglasirazanj\/wp-json\/wp\/v2\/posts\/5405","targetHints":{"allow":["GET"]}}],"collection":[{"href":"https:\/\/oglasi.infooglasi.rs\/oglasi\/oglasirazanj\/wp-json\/wp\/v2\/posts"}],"about":[{"href":"https:\/\/oglasi.infooglasi.rs\/oglasi\/oglasirazanj\/wp-json\/wp\/v2\/types\/post"}],"author":[{"embeddable":true,"href":"https:\/\/oglasi.infooglasi.rs\/oglasi\/oglasirazanj\/wp-json\/wp\/v2\/users\/1"}],"replies":[{"embeddable":true,"href":"https:\/\/oglasi.infooglasi.rs\/oglasi\/oglasirazanj\/wp-json\/wp\/v2\/comments?post=5405"}],"version-history":[{"count":0,"href":"https:\/\/oglasi.infooglasi.rs\/oglasi\/oglasirazanj\/wp-json\/wp\/v2\/posts\/5405\/revisions"}],"wp:featuredmedia":[{"embeddable":true,"href":"https:\/\/oglasi.infooglasi.rs\/oglasi\/oglasirazanj\/wp-json\/wp\/v2\/media\/5406"}],"wp:attachment":[{"href":"https:\/\/oglasi.infooglasi.rs\/oglasi\/oglasirazanj\/wp-json\/wp\/v2\/media?parent=5405"}],"wp:term":[{"taxonomy":"category","embeddable":true,"href":"https:\/\/oglasi.infooglasi.rs\/oglasi\/oglasirazanj\/wp-json\/wp\/v2\/categories?post=5405"},{"taxonomy":"post_tag","embeddable":true,"href":"https:\/\/oglasi.infooglasi.rs\/oglasi\/oglasirazanj\/wp-json\/wp\/v2\/tags?post=5405"}],"curies":[{"name":"wp","href":"https:\/\/api.w.org\/{rel}","templated":true}]}}