{"id":5411,"date":"2023-11-11T18:00:55","date_gmt":"2023-11-11T17:00:55","guid":{"rendered":"https:\/\/oglasi.infooglasi.rs\/oglasi\/oglasirazanj\/kraj-cetvorodnevne-drame-dvadesetak-drzavljana-stiglo-na-granicu-sa-srbijom-oglasi-razanj\/"},"modified":"2023-11-11T18:00:55","modified_gmt":"2023-11-11T17:00:55","slug":"kraj-cetvorodnevne-drame-dvadesetak-drzavljana-stiglo-na-granicu-sa-srbijom-oglasi-razanj","status":"publish","type":"post","link":"https:\/\/oglasi.infooglasi.rs\/oglasi\/oglasirazanj\/kraj-cetvorodnevne-drame-dvadesetak-drzavljana-stiglo-na-granicu-sa-srbijom-oglasi-razanj\/","title":{"rendered":"Kraj \u010detvorodnevne drame: Dvadesetak dr\u017eavljana stiglo na granicu sa Srbijom &#8211; OGLASI RA\u017dANJ"},"content":{"rendered":"<p><\/p>\n<div>\n<div class=\"td-post-featured-image\">\n<figure><a href=\"https:\/\/www.glas-zajecara.com\/wp-content\/uploads\/2020\/04\/dram.jpg?x54103\" data-caption=\"Foto: Glas Zaje\u010dara\" target=\"_blank\" rel=\"noopener\"><img decoding=\"async\" width=\"696\" height=\"391\" class=\"entry-thumb td-modal-image lazyload\" src=\"data:image\/png;base64,iVBORw0KGgoAAAANSUhEUgAAArgAAAGHAQMAAABhyrOJAAAABlBMVEUAAAD\/\/\/+l2Z\/dAAAAAXRSTlMAQObYZgAAAAlwSFlzAAAOxAAADsQBlSsOGwAAADhJREFUeNrtwTEBAAAAwqD1T20KP6AAAAAAAAAAAAAAAAAAAAAAAAAAAAAAAAAAAAAAAAAAAAB4GoZoAAH+\/ukaAAAAAElFTkSuQmCC\" alt=\"\" title=\"dram\" data-src=\"https:\/\/www.glas-zajecara.com\/wp-content\/uploads\/2020\/04\/dram-696x391.jpg?x54103\" loading=\"lazy\" data-srcset=\"https:\/\/www.glas-zajecara.com\/wp-content\/uploads\/2020\/04\/dram-696x391.jpg 696w, https:\/\/www.glas-zajecara.com\/wp-content\/uploads\/2020\/04\/dram-300x168.jpg 300w, https:\/\/www.glas-zajecara.com\/wp-content\/uploads\/2020\/04\/dram-534x300.jpg 534w, https:\/\/www.glas-zajecara.com\/wp-content\/uploads\/2020\/04\/dram-640x359.jpg 640w, https:\/\/www.glas-zajecara.com\/wp-content\/uploads\/2020\/04\/dram.jpg 700w\" data-sizes=\"auto\"\/><noscript><img loading=\"lazy\" decoding=\"async\" width=\"696\" height=\"391\" class=\"entry-thumb td-modal-image\" src=\"https:\/\/www.glas-zajecara.com\/wp-content\/uploads\/2020\/04\/dram-696x391.jpg?x54103\" srcset=\"https:\/\/www.glas-zajecara.com\/wp-content\/uploads\/2020\/04\/dram-696x391.jpg 696w, https:\/\/www.glas-zajecara.com\/wp-content\/uploads\/2020\/04\/dram-300x168.jpg 300w, https:\/\/www.glas-zajecara.com\/wp-content\/uploads\/2020\/04\/dram-534x300.jpg 534w, https:\/\/www.glas-zajecara.com\/wp-content\/uploads\/2020\/04\/dram-640x359.jpg 640w, https:\/\/www.glas-zajecara.com\/wp-content\/uploads\/2020\/04\/dram.jpg 700w\" sizes=\"auto, (max-width: 696px) 100vw, 696px\" alt=\"\" title=\"dram\" data-eio=\"l\"\/><\/noscript><\/a><figcaption class=\"wp-caption-text\">Foto: Glas Zaje\u010dara<\/figcaption><\/figure>\n<\/div>\n<div class=\"td-a-rec td-a-rec-id-content_top  tdi_31_886 td_block_template_4\">Reklame<br \/>\n<\/p>\n<div class=\"td-all-devices\">\n<a href=\"https:\/\/www.tehnomedia.rs\/\" target=\"_blank\" rel=\"noopener\"><img decoding=\"async\" src=\"https:\/\/www.glas-zajecara.com\/wp-content\/uploads\/2023\/05\/glas-zajecara-728x90-1.jpg?x54103\"\/><\/a><\/div>\n<\/div>\n<p><em><strong>U 22,45 \u010dasa pod pratnjom policije konvoj sa vozilima uputio se put Srbije \u010dime je stavljena ta\u010dka na \u010detvorodnevnu dramu koju je dvadesetak dr\u017eavljana Srbije pro\u017eivljavalo na grani\u010dnom prelazu Nikelsdorf. Kako saznaje portal Glas Zaje\u010dara trenutno su na grani\u010dnom prelazu sa Srbijom.<\/strong><\/em><\/p>\n<p>Nakon pisanja portala \u201eGlas Zaje\u010dara\u201c prva pomo\u0107 na Nikelsdorf je stigla iz Be\u010da, od sunarodnika koji su se hitro organizovali i prokupili prvu pomo\u0107 u vidu namirnica, sanitarnog materijala i vode.<\/p>\n<p>Ubrzo je usledio i dugo o\u010dekivani poziv iz Ambasade Republike Srbije i kratko obave\u0161tenje da \u0107e u toku ve\u010dernjih \u010dasova biti organizovan prolazak ka Srbiji.<\/p>\n<p>Kako saznajemo konvoj sa vozilima stigao je do granice Srbije. U toku je procedura oko ulaska u na\u0161u zemlju, i o\u010dekuje se da uskoro pre\u0111u grani\u010dni prelaz i upute se ka svojim ku\u0107ama.<\/p>\n<p>Podse\u0107amo,<span style=\"color: #ff0000;\"> <a style=\"color: #ff0000;\" href=\"https:\/\/www.glas-zajecara.com\/gradjani-srbije-4-dana-na-granici-izmedju-austrije-i-madjarske-ponestaje-nam-hrane-i-vode\/?fbclid=IwAR1M7S7eqqIKzwapLJYmXgCxZ_O9BOgmtc1Yc9aTZIduZu7BthLt03_t-hY\" target=\"_blank\" rel=\"noopener noreferrer\">dvadesetak gra\u0111ana Srbije, iz Zaje\u010dara, Ni\u0161a, Prokuplja, \u0160ida, kako su oni kazali za portal Glas Zaje\u010dara,<\/a><\/span> ve\u0107 \u010detiri dana su se nalazili na grani\u010dnom prelazu Nikelsdorf, izme\u0111u Austrije i Ma\u0111arske. Prema njihovim re\u010dima, policija Austrije nije ih pu\u0161tala dalje, po\u0161to granica Srbije je zatvorena. Niko iz ambasade Srbije se nije ogla\u0161avao, a polako su ostajali bez hrane i vode.<\/p>\n<p><span style=\"color: #ff0000;\"><a style=\"color: #ff0000;\" href=\"https:\/\/www.glas-zajecara.com\/preokret-prva-pomoc-stigla-iz-beca-prelazak-granice-ocekuje-se-u-vecernjim-satima\/?fbclid=IwAR31PaIELoIAUjJOqAAR9UWSc7mFtsBuv3HoIQukWUNhyBazbDn0NgP9r40\" target=\"_blank\" rel=\"noopener noreferrer\">Prva pomo\u0107 stigla je iz\u00a0 Be\u010da, od sunarodnika do kojih je vest stigla putem dru\u0161tvenih mre\u017ea<\/a> <\/span>i koji su se odmah organizovali i kreneuli put Nikelsdorfa kako bi doneli hranu, vodu i ostale potreb\u0161tine.<\/p>\n<\/div>\n<p><script type=text\/javascript>!function(f,b,e,v,n,t,s){if(f.fbq)return;n=f.fbq=function(){n.callMethod?\nn.callMethod.apply(n,arguments):n.queue.push(arguments)};if(!f._fbq)f._fbq=n;\nn.push=n;n.loaded=!0;n.version='2.0';n.queue=[];t=b.createElement(e);t.async=!0;\nt.src=v;s=b.getElementsByTagName(e)[0];s.parentNode.insertBefore(t,s)}(window,\ndocument,'script','https:\/\/connect.facebook.net\/en_US\/fbevents.js');<\/script><script>(function (d, s, id) {\n                var js, fjs = d.getElementsByTagName(s)[0];\n                if (d.getElementById(id)) return;\n                js = d.createElement(s);\n                js.id = id;\n                js.src = \"\/\/connect.facebook.net\/en_US\/sdk.js#xfbml=1&version=v2.4&appID=182766229139400\";\n                fjs.parentNode.insertBefore(js, fjs);\n            }(document, 'script', 'facebook-jssdk'));<\/script><br \/>\n<br \/><a href=\"https:\/\/www.glas-zajecara.com\/kraj-cetvorodnevne-drame-dvadesetak-drzavljana-stiglo-na-granicu-sa-srbijom\/\" target=\"_blank\" rel=\"noopener\">Source link <\/a><br \/>\n\n Kraj \u010detvorodnevne drame: Dvadesetak dr\u017eavljana stiglo na granicu sa Srbijom<\/p>\n","protected":false},"excerpt":{"rendered":"<p>Foto: Glas Zaje\u010dara Reklame U 22,45 \u010dasa pod pratnjom policije konvoj sa vozilima uputio se put Srbije \u010dime je stavljena&hellip;<\/p>\n","protected":false},"author":1,"featured_media":5412,"comment_status":"open","ping_status":"open","sticky":false,"template":"","format":"standard","meta":{"footnotes":""},"categories":[1],"tags":[],"class_list":["post-5411","post","type-post","status-publish","format-standard","has-post-thumbnail","hentry","category-oglasi-razanj"],"_links":{"self":[{"href":"https:\/\/oglasi.infooglasi.rs\/oglasi\/oglasirazanj\/wp-json\/wp\/v2\/posts\/5411","targetHints":{"allow":["GET"]}}],"collection":[{"href":"https:\/\/oglasi.infooglasi.rs\/oglasi\/oglasirazanj\/wp-json\/wp\/v2\/posts"}],"about":[{"href":"https:\/\/oglasi.infooglasi.rs\/oglasi\/oglasirazanj\/wp-json\/wp\/v2\/types\/post"}],"author":[{"embeddable":true,"href":"https:\/\/oglasi.infooglasi.rs\/oglasi\/oglasirazanj\/wp-json\/wp\/v2\/users\/1"}],"replies":[{"embeddable":true,"href":"https:\/\/oglasi.infooglasi.rs\/oglasi\/oglasirazanj\/wp-json\/wp\/v2\/comments?post=5411"}],"version-history":[{"count":0,"href":"https:\/\/oglasi.infooglasi.rs\/oglasi\/oglasirazanj\/wp-json\/wp\/v2\/posts\/5411\/revisions"}],"wp:featuredmedia":[{"embeddable":true,"href":"https:\/\/oglasi.infooglasi.rs\/oglasi\/oglasirazanj\/wp-json\/wp\/v2\/media\/5412"}],"wp:attachment":[{"href":"https:\/\/oglasi.infooglasi.rs\/oglasi\/oglasirazanj\/wp-json\/wp\/v2\/media?parent=5411"}],"wp:term":[{"taxonomy":"category","embeddable":true,"href":"https:\/\/oglasi.infooglasi.rs\/oglasi\/oglasirazanj\/wp-json\/wp\/v2\/categories?post=5411"},{"taxonomy":"post_tag","embeddable":true,"href":"https:\/\/oglasi.infooglasi.rs\/oglasi\/oglasirazanj\/wp-json\/wp\/v2\/tags?post=5411"}],"curies":[{"name":"wp","href":"https:\/\/api.w.org\/{rel}","templated":true}]}}