{"id":5416,"date":"2023-11-14T04:46:02","date_gmt":"2023-11-14T03:46:02","guid":{"rendered":"https:\/\/oglasi.infooglasi.rs\/oglasi\/oglasirazanj\/dani-vinogradara-i-vinara-u-raznju-kanal-m-oglasi-razanj\/"},"modified":"2023-11-14T04:46:02","modified_gmt":"2023-11-14T03:46:02","slug":"dani-vinogradara-i-vinara-u-raznju-kanal-m-oglasi-razanj","status":"publish","type":"post","link":"https:\/\/oglasi.infooglasi.rs\/oglasi\/oglasirazanj\/dani-vinogradara-i-vinara-u-raznju-kanal-m-oglasi-razanj\/","title":{"rendered":"Dani vinogradara i vinara u Ra\u017enju &#8211; Kanal M &#8211; OGLASI RA\u017dANJ"},"content":{"rendered":"<br><div>\n<p>Ovogodi\u0161nji kola\u010dar Zoran Gli\u0161i\u0107 iako nije vinogradar ovu tradiciju i praznik veoma po\u0161tuje, te je ove godine \u017eeleo da on bude taj koji \u0107e narednom kola\u010daru predati ovu \u010dast i du\u017enost.<\/p>\n\n\n\n<figure class=\"wp-block-image size-large\"><img loading=\"lazy\" decoding=\"async\" width=\"1024\" height=\"576\" src=\"http:\/\/media.rtvparacin.rs\/2023\/02\/Dani-vinogradara-i-vinara-u-Raznju-\u043f\u043e\u0440\u0442\u0430\u043b-1024x576.jpg\" alt=\"\" class=\"wp-image-26020\" srcset=\"https:\/\/media.rtvparacin.rs\/2023\/02\/Dani-vinogradara-i-vinara-u-Raznju-\u043f\u043e\u0440\u0442\u0430\u043b-1024x576.jpg 1024w, https:\/\/media.rtvparacin.rs\/2023\/02\/Dani-vinogradara-i-vinara-u-Raznju-\u043f\u043e\u0440\u0442\u0430\u043b-300x169.jpg 300w, https:\/\/media.rtvparacin.rs\/2023\/02\/Dani-vinogradara-i-vinara-u-Raznju-\u043f\u043e\u0440\u0442\u0430\u043b-768x432.jpg 768w, https:\/\/media.rtvparacin.rs\/2023\/02\/Dani-vinogradara-i-vinara-u-Raznju-\u043f\u043e\u0440\u0442\u0430\u043b-1536x864.jpg 1536w, https:\/\/media.rtvparacin.rs\/2023\/02\/Dani-vinogradara-i-vinara-u-Raznju-\u043f\u043e\u0440\u0442\u0430\u043b.jpg 1920w\" sizes=\"auto, (max-width: 1024px) 100vw, 1024px\"\/><\/figure>\n\n\n\n<p>Orezivanjem \u010dokota koji se tradicionalno poliva vinom, vinogradari zapo\u010dinju sezonu. U narodu postoji verovanje da taj \u010din pospe\u0161uje rod. \u010clanovi udru\u017eenja vo\u0107ara i vinogradara Ra\u017eanj na ovaj na\u010din proslavljaju Svetog Trifuna u selu Lipovac nadomak Ra\u017enja ve\u0107 petnaest godina, od samog osnivanja udru\u017eenja. Bratislav Milosavljevi\u0107, predsednik udru\u017eenja ka\u017ee da je proslavljanje za\u0161titnika loze obavezno za sve koji se bave vinogradarstvom.<\/p>\n\n\n\n<figure class=\"wp-block-image size-large\"><img loading=\"lazy\" decoding=\"async\" width=\"1024\" height=\"576\" src=\"http:\/\/media.rtvparacin.rs\/2023\/02\/Dani-vinogradara-i-vinara-u-Raznju-portal-2-1024x576.jpg\" alt=\"\" class=\"wp-image-26021\" srcset=\"https:\/\/media.rtvparacin.rs\/2023\/02\/Dani-vinogradara-i-vinara-u-Raznju-portal-2-1024x576.jpg 1024w, https:\/\/media.rtvparacin.rs\/2023\/02\/Dani-vinogradara-i-vinara-u-Raznju-portal-2-300x169.jpg 300w, https:\/\/media.rtvparacin.rs\/2023\/02\/Dani-vinogradara-i-vinara-u-Raznju-portal-2-768x432.jpg 768w, https:\/\/media.rtvparacin.rs\/2023\/02\/Dani-vinogradara-i-vinara-u-Raznju-portal-2-1536x864.jpg 1536w, https:\/\/media.rtvparacin.rs\/2023\/02\/Dani-vinogradara-i-vinara-u-Raznju-portal-2.jpg 1920w\" sizes=\"auto, (max-width: 1024px) 100vw, 1024px\"\/><\/figure>\n\n\n\n<p>Op\u0161tinu Ra\u017eanj mo\u017eemo slobodno nazvati pravim vinogradarskim krajem s obzirom na to da se mnogi me\u0161tani upravo time i bave. Organizator manifestacije i vlasnik vinarije \u201cAleksandar Todorovi\u0107\u201d ka\u017ee da u op\u0161tini imaju nekoliko planta\u017ea koje imaju tradiciju od vi\u0161e desetina godina.<\/p>\n\n\n\n<p>Celokupnu ogranizaciju Dana vinogradara i vinara \u010dine Udru\u017eenje vo\u0107ara i vinogradara \u201cRa\u017eanj\u201d, Udru\u017eenje proizvo\u0111a\u010da vo\u0107a \u201cPardik\u201d i vinarija \u201cAleksandar Todorovi\u0107\u201d iz Lipovca. Kao i predhodnih\u00a0 godina Turisti\u010dka organizacija op\u0161tine Ra\u017eanj u\u010destvuje u realizaciji ove sada ve\u0107 tadicionalne manifestacije.<\/p>\n<\/div>\r\n<br><a href=\"https:\/\/rtvparacin.rs\/dani-vinogradara-i-vinara-u-raznju\/?utm_source=rss&#038;utm_medium=rss&#038;utm_campaign=dani-vinogradara-i-vinara-u-raznju\" target=\"_blank\" rel=\"noopener\">Source link <\/a>\r\n\r\n Dani vinogradara i vinara u Ra\u017enju &#8211; Kanal M","protected":false},"excerpt":{"rendered":"<p>Ovogodi\u0161nji kola\u010dar Zoran Gli\u0161i\u0107 iako nije vinogradar ovu tradiciju i praznik veoma po\u0161tuje, te je ove godine \u017eeleo da on&hellip;<\/p>\n","protected":false},"author":1,"featured_media":5417,"comment_status":"open","ping_status":"open","sticky":false,"template":"","format":"standard","meta":{"footnotes":""},"categories":[1],"tags":[],"class_list":["post-5416","post","type-post","status-publish","format-standard","has-post-thumbnail","hentry","category-oglasi-razanj"],"_links":{"self":[{"href":"https:\/\/oglasi.infooglasi.rs\/oglasi\/oglasirazanj\/wp-json\/wp\/v2\/posts\/5416","targetHints":{"allow":["GET"]}}],"collection":[{"href":"https:\/\/oglasi.infooglasi.rs\/oglasi\/oglasirazanj\/wp-json\/wp\/v2\/posts"}],"about":[{"href":"https:\/\/oglasi.infooglasi.rs\/oglasi\/oglasirazanj\/wp-json\/wp\/v2\/types\/post"}],"author":[{"embeddable":true,"href":"https:\/\/oglasi.infooglasi.rs\/oglasi\/oglasirazanj\/wp-json\/wp\/v2\/users\/1"}],"replies":[{"embeddable":true,"href":"https:\/\/oglasi.infooglasi.rs\/oglasi\/oglasirazanj\/wp-json\/wp\/v2\/comments?post=5416"}],"version-history":[{"count":0,"href":"https:\/\/oglasi.infooglasi.rs\/oglasi\/oglasirazanj\/wp-json\/wp\/v2\/posts\/5416\/revisions"}],"wp:featuredmedia":[{"embeddable":true,"href":"https:\/\/oglasi.infooglasi.rs\/oglasi\/oglasirazanj\/wp-json\/wp\/v2\/media\/5417"}],"wp:attachment":[{"href":"https:\/\/oglasi.infooglasi.rs\/oglasi\/oglasirazanj\/wp-json\/wp\/v2\/media?parent=5416"}],"wp:term":[{"taxonomy":"category","embeddable":true,"href":"https:\/\/oglasi.infooglasi.rs\/oglasi\/oglasirazanj\/wp-json\/wp\/v2\/categories?post=5416"},{"taxonomy":"post_tag","embeddable":true,"href":"https:\/\/oglasi.infooglasi.rs\/oglasi\/oglasirazanj\/wp-json\/wp\/v2\/tags?post=5416"}],"curies":[{"name":"wp","href":"https:\/\/api.w.org\/{rel}","templated":true}]}}