{"id":5424,"date":"2023-11-24T22:08:37","date_gmt":"2023-11-24T21:08:37","guid":{"rendered":"https:\/\/oglasi.infooglasi.rs\/oglasi\/oglasirazanj\/crepulje-se-vekovima-prave-od-gline-iz-okoline-raznja-a-zene-ovog-kraja-su-se-udruzile-i-od-toga-pokrenule-posao-oglasi-razanj\/"},"modified":"2023-11-24T22:08:37","modified_gmt":"2023-11-24T21:08:37","slug":"crepulje-se-vekovima-prave-od-gline-iz-okoline-raznja-a-zene-ovog-kraja-su-se-udruzile-i-od-toga-pokrenule-posao-oglasi-razanj","status":"publish","type":"post","link":"https:\/\/oglasi.infooglasi.rs\/oglasi\/oglasirazanj\/crepulje-se-vekovima-prave-od-gline-iz-okoline-raznja-a-zene-ovog-kraja-su-se-udruzile-i-od-toga-pokrenule-posao-oglasi-razanj\/","title":{"rendered":"CREPULJE se vekovima prave od gline iz okoline Ra\u017enja, a \u017eene ovog kraja su se udru\u017eile i od toga pokrenule posao &#8211; OGLASI RA\u017dANJ"},"content":{"rendered":"<p><\/p>\n<div>\n<p class=\"has-drop-cap\">Ruji\u0161te je od davnina poznato po grn\u010darskom zanatu i po glini koja se ba\u0161 ovde vadi i kopa iz zemlje u odre\u0111eno doba godine, <strong>a u poslednje vreme sve \u010de\u0161\u0107e i po \u017denskoj socijalno-poljoprivrednoj zadruzi Ra\u017eanjke<\/strong>, koja je osnovana u zimu 2020. godine na teritoriji op\u0161tine Ra\u017eanj.\u00a0<\/p>\n<figure class=\"wp-block-image alignwide size-large\"><noscript><img loading=\"lazy\" decoding=\"async\" width=\"1160\" height=\"774\" src=\"https:\/\/pricesadusom.com\/wp-content\/uploads\/2021\/04\/Zadruga-Razanjke-crepulje-radionica-grncarija-1160x774.jpg\" alt=\"\" class=\"wp-image-14599\" srcset=\"https:\/\/pricesadusom.com\/wp-content\/uploads\/2021\/04\/Zadruga-Razanjke-crepulje-radionica-grncarija-1160x774.jpg 1160w, https:\/\/pricesadusom.com\/wp-content\/uploads\/2021\/04\/Zadruga-Razanjke-crepulje-radionica-grncarija-580x387.jpg 580w, https:\/\/pricesadusom.com\/wp-content\/uploads\/2021\/04\/Zadruga-Razanjke-crepulje-radionica-grncarija-768x512.jpg 768w, https:\/\/pricesadusom.com\/wp-content\/uploads\/2021\/04\/Zadruga-Razanjke-crepulje-radionica-grncarija-540x360.jpg 540w, https:\/\/pricesadusom.com\/wp-content\/uploads\/2021\/04\/Zadruga-Razanjke-crepulje-radionica-grncarija-1080x721.jpg 1080w, https:\/\/pricesadusom.com\/wp-content\/uploads\/2021\/04\/Zadruga-Razanjke-crepulje-radionica-grncarija.jpg 1280w\" sizes=\"auto, (max-width: 1160px) 100vw, 1160px\"\/><\/noscript><img loading=\"lazy\" decoding=\"async\" width=\"1160\" height=\"774\" src=\"https:\/\/pricesadusom.com\/wp-content\/uploads\/2021\/04\/Zadruga-Razanjke-crepulje-radionica-grncarija-1160x774.jpg\" alt=\"\" class=\"lazyload wp-image-14599\" srcset=\"https:\/\/pricesadusom.com\/wp-content\/uploads\/2021\/04\/Zadruga-Razanjke-crepulje-radionica-grncarija-1160x774.jpg 1160w, https:\/\/pricesadusom.com\/wp-content\/uploads\/2021\/04\/Zadruga-Razanjke-crepulje-radionica-grncarija-580x387.jpg 580w, https:\/\/pricesadusom.com\/wp-content\/uploads\/2021\/04\/Zadruga-Razanjke-crepulje-radionica-grncarija-768x512.jpg 768w, https:\/\/pricesadusom.com\/wp-content\/uploads\/2021\/04\/Zadruga-Razanjke-crepulje-radionica-grncarija-540x360.jpg 540w, https:\/\/pricesadusom.com\/wp-content\/uploads\/2021\/04\/Zadruga-Razanjke-crepulje-radionica-grncarija-1080x721.jpg 1080w, https:\/\/pricesadusom.com\/wp-content\/uploads\/2021\/04\/Zadruga-Razanjke-crepulje-radionica-grncarija.jpg 1280w\" data-sizes=\"(max-width: 1160px) 100vw, 1160px\"\/><\/figure>\n<p><strong>Petnaestak \u017eena iz 22 ra\u017eanjska sela, mahom nezaposlenih i starijih od 45 godina<\/strong> (mada ima i mla\u0111ih) postale su \u010dlanice zadruge pro\u0161av\u0161i obuku izrade crepulja rukom, bez pomo\u0107i grn\u010darskog vitla i ma\u0161ina, kako bi na taj na\u010din sebi <strong>otvorile mogu\u0107nost za zaposlenje i dobile ekonomsku sigurnost.<\/strong><\/p>\n<p>Da je specijalnost ove zadruge izrada crepulja i organizacija teoretskih i prakti\u010dnih radionica kroz projekat \u201eJake \u017eene\u201c, objasnila mi je <strong>Milica Milovanovi\u0107<\/strong> (34), direktorka \u201eRa\u017eanjki\u201c.<\/p>\n<figure class=\"wp-block-image size-large\"><noscript><img loading=\"lazy\" decoding=\"async\" width=\"1160\" height=\"774\" src=\"https:\/\/pricesadusom.com\/wp-content\/uploads\/2021\/04\/Glina-Razanj-Rujiste-crepulja-2021-1160x774.jpg\" alt=\"\" class=\"wp-image-14598\" srcset=\"https:\/\/pricesadusom.com\/wp-content\/uploads\/2021\/04\/Glina-Razanj-Rujiste-crepulja-2021-1160x774.jpg 1160w, https:\/\/pricesadusom.com\/wp-content\/uploads\/2021\/04\/Glina-Razanj-Rujiste-crepulja-2021-580x387.jpg 580w, https:\/\/pricesadusom.com\/wp-content\/uploads\/2021\/04\/Glina-Razanj-Rujiste-crepulja-2021-768x513.jpg 768w, https:\/\/pricesadusom.com\/wp-content\/uploads\/2021\/04\/Glina-Razanj-Rujiste-crepulja-2021-1536x1025.jpg 1536w, https:\/\/pricesadusom.com\/wp-content\/uploads\/2021\/04\/Glina-Razanj-Rujiste-crepulja-2021-540x360.jpg 540w, https:\/\/pricesadusom.com\/wp-content\/uploads\/2021\/04\/Glina-Razanj-Rujiste-crepulja-2021-1080x721.jpg 1080w, https:\/\/pricesadusom.com\/wp-content\/uploads\/2021\/04\/Glina-Razanj-Rujiste-crepulja-2021.jpg 1573w\" sizes=\"auto, (max-width: 1160px) 100vw, 1160px\"\/><\/noscript><img loading=\"lazy\" decoding=\"async\" width=\"1160\" height=\"774\" src=\"https:\/\/pricesadusom.com\/wp-content\/uploads\/2021\/04\/Glina-Razanj-Rujiste-crepulja-2021-1160x774.jpg\" alt=\"\" class=\"lazyload wp-image-14598\" srcset=\"https:\/\/pricesadusom.com\/wp-content\/uploads\/2021\/04\/Glina-Razanj-Rujiste-crepulja-2021-1160x774.jpg 1160w, https:\/\/pricesadusom.com\/wp-content\/uploads\/2021\/04\/Glina-Razanj-Rujiste-crepulja-2021-580x387.jpg 580w, https:\/\/pricesadusom.com\/wp-content\/uploads\/2021\/04\/Glina-Razanj-Rujiste-crepulja-2021-768x513.jpg 768w, https:\/\/pricesadusom.com\/wp-content\/uploads\/2021\/04\/Glina-Razanj-Rujiste-crepulja-2021-1536x1025.jpg 1536w, https:\/\/pricesadusom.com\/wp-content\/uploads\/2021\/04\/Glina-Razanj-Rujiste-crepulja-2021-540x360.jpg 540w, https:\/\/pricesadusom.com\/wp-content\/uploads\/2021\/04\/Glina-Razanj-Rujiste-crepulja-2021-1080x721.jpg 1080w, https:\/\/pricesadusom.com\/wp-content\/uploads\/2021\/04\/Glina-Razanj-Rujiste-crepulja-2021.jpg 1573w\" data-sizes=\"(max-width: 1160px) 100vw, 1160px\"\/><\/figure>\n<p>\u201eCrepuljarstvo je u Ruji\u0161tu tradicionalni zanat koji se generacijama prenosi s kolena na koleno. <strong>Okupili smo \u017eene iz ruralnih podru\u010dja i pozvali jednog \u010doveka <\/strong>koji je \u017eeleo da im prenese zanat. Prepoznali smo \u0161ansu da se \u017eene pokrenu i nau\u010de ne\u0161to novo\u201c, pri\u010da Milica za <a href=\"https:\/\/pricesadusom.com\/\" target=\"_blank\" rel=\"noopener\">Pri\u010de sa du\u0161om.<\/a><\/p>\n<figure class=\"wp-block-image size-large\"><noscript><img loading=\"lazy\" decoding=\"async\" width=\"660\" height=\"960\" src=\"https:\/\/pricesadusom.com\/wp-content\/uploads\/2021\/04\/Kore-na-plotni-Rujiste.jpg\" alt=\"\" class=\"wp-image-14580\" srcset=\"https:\/\/pricesadusom.com\/wp-content\/uploads\/2021\/04\/Kore-na-plotni-Rujiste.jpg 660w, https:\/\/pricesadusom.com\/wp-content\/uploads\/2021\/04\/Kore-na-plotni-Rujiste-580x844.jpg 580w, https:\/\/pricesadusom.com\/wp-content\/uploads\/2021\/04\/Kore-na-plotni-Rujiste-540x785.jpg 540w\" sizes=\"auto, (max-width: 660px) 100vw, 660px\"\/><\/noscript><img loading=\"lazy\" decoding=\"async\" width=\"660\" height=\"960\" src=\"https:\/\/pricesadusom.com\/wp-content\/uploads\/2021\/04\/Kore-na-plotni-Rujiste.jpg\" alt=\"\" class=\"lazyload wp-image-14580\" srcset=\"https:\/\/pricesadusom.com\/wp-content\/uploads\/2021\/04\/Kore-na-plotni-Rujiste.jpg 660w, https:\/\/pricesadusom.com\/wp-content\/uploads\/2021\/04\/Kore-na-plotni-Rujiste-580x844.jpg 580w, https:\/\/pricesadusom.com\/wp-content\/uploads\/2021\/04\/Kore-na-plotni-Rujiste-540x785.jpg 540w\" data-sizes=\"(max-width: 660px) 100vw, 660px\"\/><\/figure>\n<p>Ra\u017eanj je udaljen oko 185 kilometara od Beograda i nalazi se pored auto-puta Beograd-Ni\u0161, <strong>pa se tokom putovanja ka jugu Srbije, Severnoj Makedoniji, Bugarskoj ili Gr\u010dkoj, ili u povratku, lako mo\u017ee svratiti <\/strong>po ove glinene posude.<\/p>\n<blockquote class=\"wp-block-quote has-text-align-center is-style-large is-style-plain\">\n<p>\u010clanice zadruge imaju svoj prostor gde skladi\u0161te originalne crepulje i prodaju ih po ceni od 3.000 dinara.<\/p>\n<\/blockquote>\n<p>Dovoljno je da im se najavite preko kontakt forme na sajtu <a href=\"https:\/\/razanjkeorg.rs\/\" target=\"_blank\" rel=\"noreferrer noopener\">www.razanjkeorg.rs <\/a>i da <strong>obezbedite svojoj porodici proizvod od prirodnih materijala koji nosi oznaku ekolo\u0161ki. \u00a0<\/strong><\/p>\n<figure class=\"wp-block-image alignwide size-large\"><noscript><img loading=\"lazy\" decoding=\"async\" width=\"1160\" height=\"802\" src=\"https:\/\/pricesadusom.com\/wp-content\/uploads\/2021\/04\/Pita-sa-sirom-Rujiste-1160x802.jpg\" alt=\"\" class=\"wp-image-14587\" srcset=\"https:\/\/pricesadusom.com\/wp-content\/uploads\/2021\/04\/Pita-sa-sirom-Rujiste-1160x802.jpg 1160w, https:\/\/pricesadusom.com\/wp-content\/uploads\/2021\/04\/Pita-sa-sirom-Rujiste-580x401.jpg 580w, https:\/\/pricesadusom.com\/wp-content\/uploads\/2021\/04\/Pita-sa-sirom-Rujiste-768x531.jpg 768w, https:\/\/pricesadusom.com\/wp-content\/uploads\/2021\/04\/Pita-sa-sirom-Rujiste-540x373.jpg 540w, https:\/\/pricesadusom.com\/wp-content\/uploads\/2021\/04\/Pita-sa-sirom-Rujiste-1080x747.jpg 1080w, https:\/\/pricesadusom.com\/wp-content\/uploads\/2021\/04\/Pita-sa-sirom-Rujiste.jpg 1280w\" sizes=\"auto, (max-width: 1160px) 100vw, 1160px\"\/><\/noscript><img loading=\"lazy\" decoding=\"async\" width=\"1160\" height=\"802\" src=\"https:\/\/pricesadusom.com\/wp-content\/uploads\/2021\/04\/Pita-sa-sirom-Rujiste-1160x802.jpg\" alt=\"\" class=\"lazyload wp-image-14587\" srcset=\"https:\/\/pricesadusom.com\/wp-content\/uploads\/2021\/04\/Pita-sa-sirom-Rujiste-1160x802.jpg 1160w, https:\/\/pricesadusom.com\/wp-content\/uploads\/2021\/04\/Pita-sa-sirom-Rujiste-580x401.jpg 580w, https:\/\/pricesadusom.com\/wp-content\/uploads\/2021\/04\/Pita-sa-sirom-Rujiste-768x531.jpg 768w, https:\/\/pricesadusom.com\/wp-content\/uploads\/2021\/04\/Pita-sa-sirom-Rujiste-540x373.jpg 540w, https:\/\/pricesadusom.com\/wp-content\/uploads\/2021\/04\/Pita-sa-sirom-Rujiste-1080x747.jpg 1080w, https:\/\/pricesadusom.com\/wp-content\/uploads\/2021\/04\/Pita-sa-sirom-Rujiste.jpg 1280w\" data-sizes=\"(max-width: 1160px) 100vw, 1160px\"\/><\/figure>\n<p>\u201eCrepulje su u prodaji, a u pripremi su<strong> jo\u0161 dva proizvoda sa imanja na\u0161ih kooperantkinja<\/strong> \u2013 med sa dodacima od lekovitog bilja i d\u017eem od \u0161ljiva sa \u0161e\u0107erom i bez \u0161e\u0107era.\u201c<\/p>\n<blockquote class=\"wp-block-quote has-text-align-center is-style-large is-style-plain\">\n<p>\u201eSve crepulje su iste veli\u010dine, u njih se mo\u017ee skuvati ru\u010dak za \u010detvoro\u010dlanu porodicu: od prebranca, \u0111uve\u010da i mesa do pita i gibanica.\u201c<\/p>\n<\/blockquote>\n<p>\u201eOne imaju za\u0161titnu \u017eicu, a veoma je va\u017eno da budu zagrejane pre nego \u0161to po\u010dnete da pripremate hranu u njima. <strong>\u017deleli smo moderniji model koji bi se koristio i u gradskim doma\u0107instvima i na elektri\u010dnim \u0161poretima, <\/strong>a ne samo na selu, zbog \u010dega ra\u017eanjske crepulje nemaju poklopac. Zarad pro\u0161irivanja proizvodne lepeze zadruge i dodatnog zapo\u0161ljavanja \u017eena, nadamo se podr\u0161ci Ministarstva za brigu o selu kroz predstoje\u0107i konkurs\u201c, objasnila je direktorka zadruge. \u00a0<\/p>\n<figure class=\"wp-block-image alignwide size-large\"><noscript><img loading=\"lazy\" decoding=\"async\" width=\"1160\" height=\"889\" src=\"https:\/\/pricesadusom.com\/wp-content\/uploads\/2021\/04\/Nenad-Blagojevic-Milica-Milovanovic-Marija-Petkovic-Razanjke-1160x889.jpg\" alt=\"\" class=\"wp-image-14586\" srcset=\"https:\/\/pricesadusom.com\/wp-content\/uploads\/2021\/04\/Nenad-Blagojevic-Milica-Milovanovic-Marija-Petkovic-Razanjke-1160x889.jpg 1160w, https:\/\/pricesadusom.com\/wp-content\/uploads\/2021\/04\/Nenad-Blagojevic-Milica-Milovanovic-Marija-Petkovic-Razanjke-580x444.jpg 580w, https:\/\/pricesadusom.com\/wp-content\/uploads\/2021\/04\/Nenad-Blagojevic-Milica-Milovanovic-Marija-Petkovic-Razanjke-768x588.jpg 768w, https:\/\/pricesadusom.com\/wp-content\/uploads\/2021\/04\/Nenad-Blagojevic-Milica-Milovanovic-Marija-Petkovic-Razanjke-540x414.jpg 540w, https:\/\/pricesadusom.com\/wp-content\/uploads\/2021\/04\/Nenad-Blagojevic-Milica-Milovanovic-Marija-Petkovic-Razanjke-1080x827.jpg 1080w, https:\/\/pricesadusom.com\/wp-content\/uploads\/2021\/04\/Nenad-Blagojevic-Milica-Milovanovic-Marija-Petkovic-Razanjke.jpg 1253w\" sizes=\"auto, (max-width: 1160px) 100vw, 1160px\"\/><\/noscript><img loading=\"lazy\" decoding=\"async\" width=\"1160\" height=\"889\" src=\"https:\/\/pricesadusom.com\/wp-content\/uploads\/2021\/04\/Nenad-Blagojevic-Milica-Milovanovic-Marija-Petkovic-Razanjke-1160x889.jpg\" alt=\"\" class=\"lazyload wp-image-14586\" srcset=\"https:\/\/pricesadusom.com\/wp-content\/uploads\/2021\/04\/Nenad-Blagojevic-Milica-Milovanovic-Marija-Petkovic-Razanjke-1160x889.jpg 1160w, https:\/\/pricesadusom.com\/wp-content\/uploads\/2021\/04\/Nenad-Blagojevic-Milica-Milovanovic-Marija-Petkovic-Razanjke-580x444.jpg 580w, https:\/\/pricesadusom.com\/wp-content\/uploads\/2021\/04\/Nenad-Blagojevic-Milica-Milovanovic-Marija-Petkovic-Razanjke-768x588.jpg 768w, https:\/\/pricesadusom.com\/wp-content\/uploads\/2021\/04\/Nenad-Blagojevic-Milica-Milovanovic-Marija-Petkovic-Razanjke-540x414.jpg 540w, https:\/\/pricesadusom.com\/wp-content\/uploads\/2021\/04\/Nenad-Blagojevic-Milica-Milovanovic-Marija-Petkovic-Razanjke-1080x827.jpg 1080w, https:\/\/pricesadusom.com\/wp-content\/uploads\/2021\/04\/Nenad-Blagojevic-Milica-Milovanovic-Marija-Petkovic-Razanjke.jpg 1253w\" data-sizes=\"(max-width: 1160px) 100vw, 1160px\"\/><figcaption>Direktorka zadruge Milica Milovanovi\u0107, Marija Petkovi\u0107 sa \u0107erkama i urednik Pri\u010da sa du\u0161om u Ruji\u0161tu<\/figcaption><\/figure>\n<p>Nekoliko trenutaka pre nego \u0161to su Pri\u010de sa du\u0161om stigle u Ruji\u0161te, zvono u tom selu kod Ra\u017enja zazvonilo je za kraj \u010dasova, a skoro u isto vreme <strong>Marija Petkovi\u0107<\/strong> (34) koja sa porodicom stanuje pored osnovne \u0161kole <strong>izvadila je iz rerne pitu sa jajima i sirom, napravljenu od doma\u0107ih kora, ispe\u010denih na plotni smederevca.<\/strong><\/p>\n<p><strong>Sve je bilo vru\u0107e i mirisalo je na stolu, spremno za njene dve \u0107erke, Nikolinu i Nedu, <\/strong>koje su stigle ku\u0107i sa nastave i odmah nakon ru\u010dka prionule da pomognu mami.\u00a0<\/p>\n<figure class=\"wp-block-image alignwide size-large\"><noscript><img loading=\"lazy\" decoding=\"async\" width=\"1160\" height=\"771\" src=\"https:\/\/pricesadusom.com\/wp-content\/uploads\/2021\/04\/Marija-Petkovic-kore-zadruga-Razanjke-1160x771.jpg\" alt=\"\" class=\"wp-image-14583\" srcset=\"https:\/\/pricesadusom.com\/wp-content\/uploads\/2021\/04\/Marija-Petkovic-kore-zadruga-Razanjke-1160x771.jpg 1160w, https:\/\/pricesadusom.com\/wp-content\/uploads\/2021\/04\/Marija-Petkovic-kore-zadruga-Razanjke-580x386.jpg 580w, https:\/\/pricesadusom.com\/wp-content\/uploads\/2021\/04\/Marija-Petkovic-kore-zadruga-Razanjke-768x511.jpg 768w, https:\/\/pricesadusom.com\/wp-content\/uploads\/2021\/04\/Marija-Petkovic-kore-zadruga-Razanjke-540x359.jpg 540w, https:\/\/pricesadusom.com\/wp-content\/uploads\/2021\/04\/Marija-Petkovic-kore-zadruga-Razanjke-1080x718.jpg 1080w, https:\/\/pricesadusom.com\/wp-content\/uploads\/2021\/04\/Marija-Petkovic-kore-zadruga-Razanjke.jpg 1280w\" sizes=\"auto, (max-width: 1160px) 100vw, 1160px\"\/><\/noscript><img loading=\"lazy\" decoding=\"async\" width=\"1160\" height=\"771\" src=\"https:\/\/pricesadusom.com\/wp-content\/uploads\/2021\/04\/Marija-Petkovic-kore-zadruga-Razanjke-1160x771.jpg\" alt=\"\" class=\"lazyload wp-image-14583\" srcset=\"https:\/\/pricesadusom.com\/wp-content\/uploads\/2021\/04\/Marija-Petkovic-kore-zadruga-Razanjke-1160x771.jpg 1160w, https:\/\/pricesadusom.com\/wp-content\/uploads\/2021\/04\/Marija-Petkovic-kore-zadruga-Razanjke-580x386.jpg 580w, https:\/\/pricesadusom.com\/wp-content\/uploads\/2021\/04\/Marija-Petkovic-kore-zadruga-Razanjke-768x511.jpg 768w, https:\/\/pricesadusom.com\/wp-content\/uploads\/2021\/04\/Marija-Petkovic-kore-zadruga-Razanjke-540x359.jpg 540w, https:\/\/pricesadusom.com\/wp-content\/uploads\/2021\/04\/Marija-Petkovic-kore-zadruga-Razanjke-1080x718.jpg 1080w, https:\/\/pricesadusom.com\/wp-content\/uploads\/2021\/04\/Marija-Petkovic-kore-zadruga-Razanjke.jpg 1280w\" data-sizes=\"(max-width: 1160px) 100vw, 1160px\"\/><\/figure>\n<blockquote class=\"wp-block-quote has-text-align-center is-style-large is-style-plain\">\n<p>Ova mlada \u017eena se u korad\u017eijski posao upustila pre godinu i po i od tada svakog dana vredno radi pored \u0161poreta.<\/p>\n<\/blockquote>\n<p>Ona izra\u0111uje kore <strong>po starom receptu, od bra\u0161na od p\u0161enice uzgajane na porodi\u010dnom imanju,<\/strong> i posle ih pakuje i \u0161alje po\u0161tom put Beograda, Novog Sada i drugih gradova, \u010diji \u017eitelji vole doma\u0107e ukuse.\u00a0 \u00a0\u00a0\u00a0\u00a0\u00a0<\/p>\n<blockquote class=\"wp-block-quote has-text-align-center is-style-large is-style-plain\">\n<p>Posebnu dra\u017e njenom kulinarskom ume\u0107u daje to \u0161to svoje pite pe\u010de u crepuljama, tradicionalnim posudama od gline, koje su nastale u ovom selu.<\/p>\n<\/blockquote>\n<p>Bilo da je re\u010d o hlebu, pecivu ili kuvanju jela \u2013 hrani koja se u njima priprema <strong>crepulje \u201edaju\u201c poseban ukus. <\/strong>Marija otkriva da je tako od davnina, da su starije generacije svu hranu za porodicu pripremale u tim posudama, kao i da su ih, <strong>nakon upotrebe obavezno dr\u017eali na podu, kako bi se zadr\u017eao kontakt sa zemljom, odakle i poti\u010de glina.<\/strong><\/p>\n<figure class=\"wp-block-image size-large\"><noscript><img loading=\"lazy\" decoding=\"async\" width=\"621\" height=\"960\" src=\"https:\/\/pricesadusom.com\/wp-content\/uploads\/2021\/04\/Milena-Petkovic-sa-cerkama-crepulje.jpg\" alt=\"\" class=\"wp-image-14585\" srcset=\"https:\/\/pricesadusom.com\/wp-content\/uploads\/2021\/04\/Milena-Petkovic-sa-cerkama-crepulje.jpg 621w, https:\/\/pricesadusom.com\/wp-content\/uploads\/2021\/04\/Milena-Petkovic-sa-cerkama-crepulje-563x870.jpg 563w, https:\/\/pricesadusom.com\/wp-content\/uploads\/2021\/04\/Milena-Petkovic-sa-cerkama-crepulje-540x835.jpg 540w\" sizes=\"auto, (max-width: 621px) 100vw, 621px\"\/><\/noscript><img loading=\"lazy\" decoding=\"async\" width=\"621\" height=\"960\" src=\"https:\/\/pricesadusom.com\/wp-content\/uploads\/2021\/04\/Milena-Petkovic-sa-cerkama-crepulje.jpg\" alt=\"\" class=\"lazyload wp-image-14585\" srcset=\"https:\/\/pricesadusom.com\/wp-content\/uploads\/2021\/04\/Milena-Petkovic-sa-cerkama-crepulje.jpg 621w, https:\/\/pricesadusom.com\/wp-content\/uploads\/2021\/04\/Milena-Petkovic-sa-cerkama-crepulje-563x870.jpg 563w, https:\/\/pricesadusom.com\/wp-content\/uploads\/2021\/04\/Milena-Petkovic-sa-cerkama-crepulje-540x835.jpg 540w\" data-sizes=\"(max-width: 621px) 100vw, 621px\"\/><figcaption>Marija sa \u0107erkama<\/figcaption><\/figure>\n<p>\u201ePoreklom sam iz Srnja kraj Kru\u0161evca, a u Ruji\u0161te sam se udala pre 11 godina. Dosta toga sam nau\u010dila o ovom kraju, o obi\u010dajima i posebno o crepuljama.\u201c<\/p>\n<blockquote class=\"wp-block-quote has-text-align-center is-style-large is-style-plain\">\n<p>\u201e<strong>Suprug i ja smo probali da \u017eivimo u Beogradu i posle tri i po godine u prestonici re\u0161ili smo da se vratimo na selo.<\/strong>\u201c<\/p>\n<\/blockquote>\n<p>\u201eOvde nam se rodila druga \u0107erka, tu sam zapo\u010dela posao sa korama i planiram da ga pro\u0161irim na tortilje i testenine. <strong>Ne bih se bunila kad bih zaposlila barem dva radnika<\/strong>\u201c, pri\u010da Marija i dodaje da je recept za kore na plotni \u0161poreta prvi put videla kod svoje<strong> prabake Draginje koja se rodila po\u010detkom 20. veka.\u00a0<\/strong><\/p>\n<figure class=\"wp-block-image alignwide size-large\"><noscript><img loading=\"lazy\" decoding=\"async\" width=\"1160\" height=\"771\" src=\"https:\/\/pricesadusom.com\/wp-content\/uploads\/2021\/04\/Crepuljarstvo-Razanj-1160x771.jpg\" alt=\"\" class=\"wp-image-14577\" srcset=\"https:\/\/pricesadusom.com\/wp-content\/uploads\/2021\/04\/Crepuljarstvo-Razanj-1160x771.jpg 1160w, https:\/\/pricesadusom.com\/wp-content\/uploads\/2021\/04\/Crepuljarstvo-Razanj-580x386.jpg 580w, https:\/\/pricesadusom.com\/wp-content\/uploads\/2021\/04\/Crepuljarstvo-Razanj-768x511.jpg 768w, https:\/\/pricesadusom.com\/wp-content\/uploads\/2021\/04\/Crepuljarstvo-Razanj-540x359.jpg 540w, https:\/\/pricesadusom.com\/wp-content\/uploads\/2021\/04\/Crepuljarstvo-Razanj-1080x718.jpg 1080w, https:\/\/pricesadusom.com\/wp-content\/uploads\/2021\/04\/Crepuljarstvo-Razanj.jpg 1280w\" sizes=\"auto, (max-width: 1160px) 100vw, 1160px\"\/><\/noscript><img loading=\"lazy\" decoding=\"async\" width=\"1160\" height=\"771\" src=\"https:\/\/pricesadusom.com\/wp-content\/uploads\/2021\/04\/Crepuljarstvo-Razanj-1160x771.jpg\" alt=\"\" class=\"lazyload wp-image-14577\" srcset=\"https:\/\/pricesadusom.com\/wp-content\/uploads\/2021\/04\/Crepuljarstvo-Razanj-1160x771.jpg 1160w, https:\/\/pricesadusom.com\/wp-content\/uploads\/2021\/04\/Crepuljarstvo-Razanj-580x386.jpg 580w, https:\/\/pricesadusom.com\/wp-content\/uploads\/2021\/04\/Crepuljarstvo-Razanj-768x511.jpg 768w, https:\/\/pricesadusom.com\/wp-content\/uploads\/2021\/04\/Crepuljarstvo-Razanj-540x359.jpg 540w, https:\/\/pricesadusom.com\/wp-content\/uploads\/2021\/04\/Crepuljarstvo-Razanj-1080x718.jpg 1080w, https:\/\/pricesadusom.com\/wp-content\/uploads\/2021\/04\/Crepuljarstvo-Razanj.jpg 1280w\" data-sizes=\"(max-width: 1160px) 100vw, 1160px\"\/><figcaption>\u201eOd sastojaka u kore idu litar prokuvane vode sa izvora, na\u0161e bra\u0161no i ka\u0161ika soli\u201c (Marija)<\/figcaption><\/figure>\n<p>\u201eIzradu sam usavr\u0161ila sa svekrvinom majkom, odnosno mu\u017eevljevom bakom Dragicom. <strong>Od jufkica se napravi testo za dve kore, zatim se rukama direktno razvije na plotni \u0161poreta, nakon \u010dega se stavlja sa strane i pakuje. <\/strong>Ljudima se ovo mnogo dopada, posla ima dosta, a svakog dana radim najmanje \u0161est sati\u201c, istakla je Marija, kojoj je porodica najve\u0107a podr\u0161ka. Svekar i mu\u017e joj poma\u017eu oko drva za \u0161poret i dostave bra\u0161na iz mlina, a svekrva lo\u017ei vatru i pazi na decu.<\/p>\n<figure class=\"wp-block-image size-large\"><noscript><img loading=\"lazy\" decoding=\"async\" width=\"1160\" height=\"792\" src=\"https:\/\/pricesadusom.com\/wp-content\/uploads\/2021\/04\/Kuvarice-Razanj-1160x792.jpg\" alt=\"\" class=\"wp-image-14601\" srcset=\"https:\/\/pricesadusom.com\/wp-content\/uploads\/2021\/04\/Kuvarice-Razanj-1160x792.jpg 1160w, https:\/\/pricesadusom.com\/wp-content\/uploads\/2021\/04\/Kuvarice-Razanj-580x396.jpg 580w, https:\/\/pricesadusom.com\/wp-content\/uploads\/2021\/04\/Kuvarice-Razanj-768x524.jpg 768w, https:\/\/pricesadusom.com\/wp-content\/uploads\/2021\/04\/Kuvarice-Razanj-540x369.jpg 540w, https:\/\/pricesadusom.com\/wp-content\/uploads\/2021\/04\/Kuvarice-Razanj-1080x737.jpg 1080w, https:\/\/pricesadusom.com\/wp-content\/uploads\/2021\/04\/Kuvarice-Razanj.jpg 1280w\" sizes=\"auto, (max-width: 1160px) 100vw, 1160px\"\/><\/noscript><img loading=\"lazy\" decoding=\"async\" width=\"1160\" height=\"792\" src=\"https:\/\/pricesadusom.com\/wp-content\/uploads\/2021\/04\/Kuvarice-Razanj-1160x792.jpg\" alt=\"\" class=\"lazyload wp-image-14601\" srcset=\"https:\/\/pricesadusom.com\/wp-content\/uploads\/2021\/04\/Kuvarice-Razanj-1160x792.jpg 1160w, https:\/\/pricesadusom.com\/wp-content\/uploads\/2021\/04\/Kuvarice-Razanj-580x396.jpg 580w, https:\/\/pricesadusom.com\/wp-content\/uploads\/2021\/04\/Kuvarice-Razanj-768x524.jpg 768w, https:\/\/pricesadusom.com\/wp-content\/uploads\/2021\/04\/Kuvarice-Razanj-540x369.jpg 540w, https:\/\/pricesadusom.com\/wp-content\/uploads\/2021\/04\/Kuvarice-Razanj-1080x737.jpg 1080w, https:\/\/pricesadusom.com\/wp-content\/uploads\/2021\/04\/Kuvarice-Razanj.jpg 1280w\" data-sizes=\"(max-width: 1160px) 100vw, 1160px\"\/><\/figure>\n<figure class=\"wp-block-image size-large\"><noscript><img loading=\"lazy\" decoding=\"async\" width=\"1160\" height=\"771\" src=\"https:\/\/pricesadusom.com\/wp-content\/uploads\/2021\/04\/Kore-na-smederevcu-1160x771.jpg\" alt=\"\" class=\"wp-image-14600\" srcset=\"https:\/\/pricesadusom.com\/wp-content\/uploads\/2021\/04\/Kore-na-smederevcu-1160x771.jpg 1160w, https:\/\/pricesadusom.com\/wp-content\/uploads\/2021\/04\/Kore-na-smederevcu-580x386.jpg 580w, https:\/\/pricesadusom.com\/wp-content\/uploads\/2021\/04\/Kore-na-smederevcu-768x511.jpg 768w, https:\/\/pricesadusom.com\/wp-content\/uploads\/2021\/04\/Kore-na-smederevcu-540x359.jpg 540w, https:\/\/pricesadusom.com\/wp-content\/uploads\/2021\/04\/Kore-na-smederevcu-1080x718.jpg 1080w, https:\/\/pricesadusom.com\/wp-content\/uploads\/2021\/04\/Kore-na-smederevcu.jpg 1280w\" sizes=\"auto, (max-width: 1160px) 100vw, 1160px\"\/><\/noscript><img loading=\"lazy\" decoding=\"async\" width=\"1160\" height=\"771\" src=\"https:\/\/pricesadusom.com\/wp-content\/uploads\/2021\/04\/Kore-na-smederevcu-1160x771.jpg\" alt=\"\" class=\"lazyload wp-image-14600\" srcset=\"https:\/\/pricesadusom.com\/wp-content\/uploads\/2021\/04\/Kore-na-smederevcu-1160x771.jpg 1160w, https:\/\/pricesadusom.com\/wp-content\/uploads\/2021\/04\/Kore-na-smederevcu-580x386.jpg 580w, https:\/\/pricesadusom.com\/wp-content\/uploads\/2021\/04\/Kore-na-smederevcu-768x511.jpg 768w, https:\/\/pricesadusom.com\/wp-content\/uploads\/2021\/04\/Kore-na-smederevcu-540x359.jpg 540w, https:\/\/pricesadusom.com\/wp-content\/uploads\/2021\/04\/Kore-na-smederevcu-1080x718.jpg 1080w, https:\/\/pricesadusom.com\/wp-content\/uploads\/2021\/04\/Kore-na-smederevcu.jpg 1280w\" data-sizes=\"(max-width: 1160px) 100vw, 1160px\"\/><figcaption>\u201eNajlep\u0161i deo ovog posla su poruke sa utiscima mu\u0161terija. <strong>Naj\u010de\u0161\u0107e se javljaju Beogra\u0111ani koji su u detinjstvu imali susret sa bakinim korama na selu, ali i Novosa\u0111ani. <\/strong>Moje kore su oti\u0161le i za Nema\u010dku i Francusku, a dobila sam jednu ponudu za prodaju u Dubaiju\u201c, objasnila nam je Marija. \u00a0<\/figcaption><\/figure>\n<p>Osim \u0161to su uglavnom nezaposlene i \u0161to \u017eive na selu, <strong>svim \u010dlanicama \u201eRa\u017eanjki\u201c zajedni\u010dka je vizija <\/strong>\u2013 da stvore lepezu tradicionalnih proizvoda isklju\u010divo od sirovina iz ni\u0161kog kraja, posebno sa teritorije op\u0161tine Ra\u017eanj.<\/p>\n<p><strong>Njih vodi entuzijazam, motivisanost i uverenje da mogu u svom malom mestu sebi da obezbede ekonomsku sigurnost<\/strong>, nezavisnost i da stvore oazu u kojoj \u0107e se o\u010duvati tradicionalne vrednosti koje se danas, u modernom svetu sve vi\u0161e po\u0161tuju.<\/p>\n<figure class=\"wp-block-image size-large\"><noscript><img loading=\"lazy\" decoding=\"async\" width=\"1160\" height=\"771\" src=\"https:\/\/pricesadusom.com\/wp-content\/uploads\/2021\/04\/Hrebeljanovic-etno-restoran-Razanj-1160x771.jpg\" alt=\"\" class=\"wp-image-14579\" srcset=\"https:\/\/pricesadusom.com\/wp-content\/uploads\/2021\/04\/Hrebeljanovic-etno-restoran-Razanj-1160x771.jpg 1160w, https:\/\/pricesadusom.com\/wp-content\/uploads\/2021\/04\/Hrebeljanovic-etno-restoran-Razanj-580x386.jpg 580w, https:\/\/pricesadusom.com\/wp-content\/uploads\/2021\/04\/Hrebeljanovic-etno-restoran-Razanj-768x511.jpg 768w, https:\/\/pricesadusom.com\/wp-content\/uploads\/2021\/04\/Hrebeljanovic-etno-restoran-Razanj-540x359.jpg 540w, https:\/\/pricesadusom.com\/wp-content\/uploads\/2021\/04\/Hrebeljanovic-etno-restoran-Razanj-1080x718.jpg 1080w, https:\/\/pricesadusom.com\/wp-content\/uploads\/2021\/04\/Hrebeljanovic-etno-restoran-Razanj.jpg 1280w\" sizes=\"auto, (max-width: 1160px) 100vw, 1160px\"\/><\/noscript><img loading=\"lazy\" decoding=\"async\" width=\"1160\" height=\"771\" src=\"https:\/\/pricesadusom.com\/wp-content\/uploads\/2021\/04\/Hrebeljanovic-etno-restoran-Razanj-1160x771.jpg\" alt=\"\" class=\"lazyload wp-image-14579\" srcset=\"https:\/\/pricesadusom.com\/wp-content\/uploads\/2021\/04\/Hrebeljanovic-etno-restoran-Razanj-1160x771.jpg 1160w, https:\/\/pricesadusom.com\/wp-content\/uploads\/2021\/04\/Hrebeljanovic-etno-restoran-Razanj-580x386.jpg 580w, https:\/\/pricesadusom.com\/wp-content\/uploads\/2021\/04\/Hrebeljanovic-etno-restoran-Razanj-768x511.jpg 768w, https:\/\/pricesadusom.com\/wp-content\/uploads\/2021\/04\/Hrebeljanovic-etno-restoran-Razanj-540x359.jpg 540w, https:\/\/pricesadusom.com\/wp-content\/uploads\/2021\/04\/Hrebeljanovic-etno-restoran-Razanj-1080x718.jpg 1080w, https:\/\/pricesadusom.com\/wp-content\/uploads\/2021\/04\/Hrebeljanovic-etno-restoran-Razanj.jpg 1280w\" data-sizes=\"(max-width: 1160px) 100vw, 1160px\"\/><\/figure>\n<figure class=\"wp-block-image size-large\"><noscript><img loading=\"lazy\" decoding=\"async\" width=\"1160\" height=\"771\" src=\"https:\/\/pricesadusom.com\/wp-content\/uploads\/2021\/04\/Etno-kuva-Hrebeljanovic-Razanj-1160x771.jpg\" alt=\"\" class=\"wp-image-14578\" srcset=\"https:\/\/pricesadusom.com\/wp-content\/uploads\/2021\/04\/Etno-kuva-Hrebeljanovic-Razanj-1160x771.jpg 1160w, https:\/\/pricesadusom.com\/wp-content\/uploads\/2021\/04\/Etno-kuva-Hrebeljanovic-Razanj-580x386.jpg 580w, https:\/\/pricesadusom.com\/wp-content\/uploads\/2021\/04\/Etno-kuva-Hrebeljanovic-Razanj-768x511.jpg 768w, https:\/\/pricesadusom.com\/wp-content\/uploads\/2021\/04\/Etno-kuva-Hrebeljanovic-Razanj-540x359.jpg 540w, https:\/\/pricesadusom.com\/wp-content\/uploads\/2021\/04\/Etno-kuva-Hrebeljanovic-Razanj-1080x718.jpg 1080w, https:\/\/pricesadusom.com\/wp-content\/uploads\/2021\/04\/Etno-kuva-Hrebeljanovic-Razanj.jpg 1280w\" sizes=\"auto, (max-width: 1160px) 100vw, 1160px\"\/><\/noscript><img loading=\"lazy\" decoding=\"async\" width=\"1160\" height=\"771\" src=\"https:\/\/pricesadusom.com\/wp-content\/uploads\/2021\/04\/Etno-kuva-Hrebeljanovic-Razanj-1160x771.jpg\" alt=\"\" class=\"lazyload wp-image-14578\" srcset=\"https:\/\/pricesadusom.com\/wp-content\/uploads\/2021\/04\/Etno-kuva-Hrebeljanovic-Razanj-1160x771.jpg 1160w, https:\/\/pricesadusom.com\/wp-content\/uploads\/2021\/04\/Etno-kuva-Hrebeljanovic-Razanj-580x386.jpg 580w, https:\/\/pricesadusom.com\/wp-content\/uploads\/2021\/04\/Etno-kuva-Hrebeljanovic-Razanj-768x511.jpg 768w, https:\/\/pricesadusom.com\/wp-content\/uploads\/2021\/04\/Etno-kuva-Hrebeljanovic-Razanj-540x359.jpg 540w, https:\/\/pricesadusom.com\/wp-content\/uploads\/2021\/04\/Etno-kuva-Hrebeljanovic-Razanj-1080x718.jpg 1080w, https:\/\/pricesadusom.com\/wp-content\/uploads\/2021\/04\/Etno-kuva-Hrebeljanovic-Razanj.jpg 1280w\" data-sizes=\"(max-width: 1160px) 100vw, 1160px\"\/><figcaption>Sr\u0111an i Sun\u010dica<\/figcaption><\/figure>\n<p>Da se pri\u010da o crepuljama sve br\u017ee \u0161iri govori i podatak da je ekipa <a href=\"https:\/\/pricesadusom.com\/\" target=\"_blank\" rel=\"noopener\">Pri\u010da sa du\u0161om<\/a>, po povratku u Beograd, ru\u010dala u Etno-ku\u0107i Hrebeljanovi\u0107 u Ra\u017enju, <strong>gde su nam ljubazni doma\u0107ini, Sr\u0111an i Sun\u010dica servirali njihovu \u010duvenu \u201epopovu sarmu\u201c ba\u0161 u crepulji iz Ruji\u0161ta.<\/strong><\/p>\n<p>Vi\u0161e o crepuljama i o zadruzi Ra\u017eanjke prona\u0111ite <a href=\"https:\/\/razanjkeorg.rs\/\" target=\"_blank\" rel=\"noreferrer noopener\">OVDE.<\/a><\/p>\n<figure class=\"wp-block-image size-large\"><noscript><img loading=\"lazy\" decoding=\"async\" width=\"638\" height=\"960\" src=\"https:\/\/pricesadusom.com\/wp-content\/uploads\/2021\/04\/Popova-sarma-Razanj.jpg\" alt=\"\" class=\"wp-image-14589\" srcset=\"https:\/\/pricesadusom.com\/wp-content\/uploads\/2021\/04\/Popova-sarma-Razanj.jpg 638w, https:\/\/pricesadusom.com\/wp-content\/uploads\/2021\/04\/Popova-sarma-Razanj-578x870.jpg 578w, https:\/\/pricesadusom.com\/wp-content\/uploads\/2021\/04\/Popova-sarma-Razanj-540x813.jpg 540w\" sizes=\"auto, (max-width: 638px) 100vw, 638px\"\/><\/noscript><img loading=\"lazy\" decoding=\"async\" width=\"638\" height=\"960\" src=\"https:\/\/pricesadusom.com\/wp-content\/uploads\/2021\/04\/Popova-sarma-Razanj.jpg\" alt=\"\" class=\"lazyload wp-image-14589\" srcset=\"https:\/\/pricesadusom.com\/wp-content\/uploads\/2021\/04\/Popova-sarma-Razanj.jpg 638w, https:\/\/pricesadusom.com\/wp-content\/uploads\/2021\/04\/Popova-sarma-Razanj-578x870.jpg 578w, https:\/\/pricesadusom.com\/wp-content\/uploads\/2021\/04\/Popova-sarma-Razanj-540x813.jpg 540w\" data-sizes=\"(max-width: 638px) 100vw, 638px\"\/><figcaption>Popova sarma u crepulji<\/figcaption><\/figure>\n<p><em>Ovaj tekst je nastao u sklopu promotivne kampanje projekta \u201eJake \u017eene\u201c koji sprovodi Op\u0161tina Ra\u017eanj u saradnji sa udru\u017eenjem \u201eEtno konac\u201c, udru\u017eenjem \u201eSun\u010dev zrak\u201c i Turisti\u010dkom organizacijom op\u0161tine Ra\u017eanj. Projekat je finansijski podr\u017ean od strane lokalne samouprave, resornog ministarstva i Vlade \u0160vajcarske.<\/em><\/p>\n<p><em><strong>Tekst:<\/strong>\u00a0Nenad Blagojevi\u0107 www.pricesadusom.com; <\/em><strong><em>Fotografije:<\/em><\/strong><em> <a href=\"https:\/\/www.dekovach.com\/\" target=\"_blank\" rel=\"noreferrer noopener\">DeKovach<\/a><\/em>; <em>Tekst i fotografije su u vlasni\u0161tvu firme Pri\u010de sa du\u0161om doo. \u010clanak je mogu\u0107e preneti na drugi sajt uz obaveznu objavu izvora \u010dlanka i slika i objavu linka ka sajtu <a href=\"https:\/\/pricesadusom.com\/\" target=\"_blank\" rel=\"noopener\">www.pricesadusom.com<\/a>\u00a0u tekstu i na kraju teksta. \u010clanak nije dozvoljeno preneti u \u0161tampane medije. Tekst sadr\u017ei sponzorisane linkove. Hvala vam \u0161to po\u0161tujete autorska prava u Srbiji.<\/em><\/p>\n<\/div>\n<p><a href=\"https:\/\/pricesadusom.com\/crepulje-glina-razanj-a-zene-preduzetnistvo-udruzile-i-pokreni-posao-zadruga\/\" target=\"_blank\" rel=\"noopener\">Source link <\/a><br \/>\n\n CREPULJE se vekovima prave od gline iz okoline Ra\u017enja, a \u017eene ovog kraja su se udru\u017eile i od toga pokrenule posao<\/p>\n","protected":false},"excerpt":{"rendered":"<p>Ruji\u0161te je od davnina poznato po grn\u010darskom zanatu i po glini koja se ba\u0161 ovde vadi i kopa iz zemlje&hellip;<\/p>\n","protected":false},"author":1,"featured_media":5425,"comment_status":"open","ping_status":"open","sticky":false,"template":"","format":"standard","meta":{"footnotes":""},"categories":[1],"tags":[],"class_list":["post-5424","post","type-post","status-publish","format-standard","has-post-thumbnail","hentry","category-oglasi-razanj"],"_links":{"self":[{"href":"https:\/\/oglasi.infooglasi.rs\/oglasi\/oglasirazanj\/wp-json\/wp\/v2\/posts\/5424","targetHints":{"allow":["GET"]}}],"collection":[{"href":"https:\/\/oglasi.infooglasi.rs\/oglasi\/oglasirazanj\/wp-json\/wp\/v2\/posts"}],"about":[{"href":"https:\/\/oglasi.infooglasi.rs\/oglasi\/oglasirazanj\/wp-json\/wp\/v2\/types\/post"}],"author":[{"embeddable":true,"href":"https:\/\/oglasi.infooglasi.rs\/oglasi\/oglasirazanj\/wp-json\/wp\/v2\/users\/1"}],"replies":[{"embeddable":true,"href":"https:\/\/oglasi.infooglasi.rs\/oglasi\/oglasirazanj\/wp-json\/wp\/v2\/comments?post=5424"}],"version-history":[{"count":0,"href":"https:\/\/oglasi.infooglasi.rs\/oglasi\/oglasirazanj\/wp-json\/wp\/v2\/posts\/5424\/revisions"}],"wp:featuredmedia":[{"embeddable":true,"href":"https:\/\/oglasi.infooglasi.rs\/oglasi\/oglasirazanj\/wp-json\/wp\/v2\/media\/5425"}],"wp:attachment":[{"href":"https:\/\/oglasi.infooglasi.rs\/oglasi\/oglasirazanj\/wp-json\/wp\/v2\/media?parent=5424"}],"wp:term":[{"taxonomy":"category","embeddable":true,"href":"https:\/\/oglasi.infooglasi.rs\/oglasi\/oglasirazanj\/wp-json\/wp\/v2\/categories?post=5424"},{"taxonomy":"post_tag","embeddable":true,"href":"https:\/\/oglasi.infooglasi.rs\/oglasi\/oglasirazanj\/wp-json\/wp\/v2\/tags?post=5424"}],"curies":[{"name":"wp","href":"https:\/\/api.w.org\/{rel}","templated":true}]}}