{"id":5541,"date":"2024-09-09T10:00:24","date_gmt":"2024-09-09T08:00:24","guid":{"rendered":"https:\/\/oglasi.infooglasi.rs\/oglasi\/oglasirazanj\/gastronomsko-turisticka-manifestacija-carolije-iz-crepulje-17-septembra-u-raznju-kanal-m-oglasi-razanj\/"},"modified":"2024-09-09T10:00:24","modified_gmt":"2024-09-09T08:00:24","slug":"gastronomsko-turisticka-manifestacija-carolije-iz-crepulje-17-septembra-u-raznju-kanal-m-oglasi-razanj","status":"publish","type":"post","link":"https:\/\/oglasi.infooglasi.rs\/oglasi\/oglasirazanj\/gastronomsko-turisticka-manifestacija-carolije-iz-crepulje-17-septembra-u-raznju-kanal-m-oglasi-razanj\/","title":{"rendered":"Gastronomsko \u2013 turisti\u010dka manifestacija \u201e\u010carolije iz crepulje\u201c 17. septembra u Ra\u017enju &#8211; Kanal M &#8211; OGLASI RA\u017dANJ"},"content":{"rendered":"<p><\/p>\n<div>\n<p>Gastronomsko \u2013 turisti\u010dka manifestacija \u201e\u010carolije iz crepulje\u201c bi\u0107e odr\u017eana i ove godine u Ra\u017enju po \u010detvrti put. Ova, sada ve\u0107 tradicionalna manifestacija, pokrenuta sa ciljem negovanja starih na\u010dina pripreme jela i ove godine bi\u0107e odr\u017eana na Gradskom trgu od 11 \u010dasova.<\/p>\n<p>Turisti\u010dka organizacija op\u0161tine Ra\u017eanj pokrenula je ovu manifestaciju kako bi o\u010duvali zanate iz 19. veka, tradiciju spremanja hrane, nematerjalno kulturno nasle\u0111e, ali i kako bi popularizovali ra\u017eanjsko crepuljarstvo \u010dija je tehnika izrade 2019. godine upisana u Nacionalni registar nematerijalnog kulturnog nasle\u0111a Republike Srbije.<\/p>\n<p>\u00a0<\/p>\n<\/div>\n<p><a href=\"https:\/\/rtvparacin.rs\/gastronomsko-turisticka-manifestacija-carolije-iz-crepulje-17-septembra-u-raznju\/?utm_source=rss&#038;utm_medium=rss&#038;utm_campaign=gastronomsko-turisticka-manifestacija-carolije-iz-crepulje-17-septembra-u-raznju\" target=\"_blank\" rel=\"noopener\">Source link <\/a><br \/>\n\n Gastronomsko \u2013 turisti\u010dka manifestacija \u201e\u010carolije iz crepulje\u201c 17. septembra u Ra\u017enju &#8211; Kanal M<\/p>\n","protected":false},"excerpt":{"rendered":"<p>Gastronomsko \u2013 turisti\u010dka manifestacija \u201e\u010carolije iz crepulje\u201c bi\u0107e odr\u017eana i ove godine u Ra\u017enju po \u010detvrti put. Ova, sada ve\u0107&hellip;<\/p>\n","protected":false},"author":1,"featured_media":5542,"comment_status":"open","ping_status":"open","sticky":false,"template":"","format":"standard","meta":{"footnotes":""},"categories":[1],"tags":[],"class_list":["post-5541","post","type-post","status-publish","format-standard","has-post-thumbnail","hentry","category-oglasi-razanj"],"_links":{"self":[{"href":"https:\/\/oglasi.infooglasi.rs\/oglasi\/oglasirazanj\/wp-json\/wp\/v2\/posts\/5541","targetHints":{"allow":["GET"]}}],"collection":[{"href":"https:\/\/oglasi.infooglasi.rs\/oglasi\/oglasirazanj\/wp-json\/wp\/v2\/posts"}],"about":[{"href":"https:\/\/oglasi.infooglasi.rs\/oglasi\/oglasirazanj\/wp-json\/wp\/v2\/types\/post"}],"author":[{"embeddable":true,"href":"https:\/\/oglasi.infooglasi.rs\/oglasi\/oglasirazanj\/wp-json\/wp\/v2\/users\/1"}],"replies":[{"embeddable":true,"href":"https:\/\/oglasi.infooglasi.rs\/oglasi\/oglasirazanj\/wp-json\/wp\/v2\/comments?post=5541"}],"version-history":[{"count":0,"href":"https:\/\/oglasi.infooglasi.rs\/oglasi\/oglasirazanj\/wp-json\/wp\/v2\/posts\/5541\/revisions"}],"wp:featuredmedia":[{"embeddable":true,"href":"https:\/\/oglasi.infooglasi.rs\/oglasi\/oglasirazanj\/wp-json\/wp\/v2\/media\/5542"}],"wp:attachment":[{"href":"https:\/\/oglasi.infooglasi.rs\/oglasi\/oglasirazanj\/wp-json\/wp\/v2\/media?parent=5541"}],"wp:term":[{"taxonomy":"category","embeddable":true,"href":"https:\/\/oglasi.infooglasi.rs\/oglasi\/oglasirazanj\/wp-json\/wp\/v2\/categories?post=5541"},{"taxonomy":"post_tag","embeddable":true,"href":"https:\/\/oglasi.infooglasi.rs\/oglasi\/oglasirazanj\/wp-json\/wp\/v2\/tags?post=5541"}],"curies":[{"name":"wp","href":"https:\/\/api.w.org\/{rel}","templated":true}]}}