{"id":5575,"date":"2024-10-15T14:20:28","date_gmt":"2024-10-15T12:20:28","guid":{"rendered":"https:\/\/oglasi.infooglasi.rs\/oglasi\/oglasirazanj\/obelezen-dan-opstine-razanj-oglasi-razanj\/"},"modified":"2024-10-15T14:20:28","modified_gmt":"2024-10-15T12:20:28","slug":"obelezen-dan-opstine-razanj-oglasi-razanj","status":"publish","type":"post","link":"https:\/\/oglasi.infooglasi.rs\/oglasi\/oglasirazanj\/obelezen-dan-opstine-razanj-oglasi-razanj\/","title":{"rendered":"Obele\u017een Dan op\u0161tine Ra\u017eanj &#8211; OGLASI RA\u017dANJ"},"content":{"rendered":"<p><\/p>\n<div data-elementor-type=\"wp-post\" data-elementor-id=\"56285\" class=\"elementor elementor-56285\" data-elementor-settings=\"[]\">\n<div class=\"elementor-inner\">\n<div class=\"elementor-section-wrap\">\n<section class=\"elementor-section elementor-top-section elementor-element elementor-element-9fdecd2 elementor-section-boxed elementor-section-height-default elementor-section-height-default\" data-id=\"9fdecd2\" data-element_type=\"section\">\n<div class=\"elementor-container elementor-column-gap-default\">\n<div class=\"elementor-row\">\n<div class=\"elementor-column elementor-col-100 elementor-top-column elementor-element elementor-element-89f96e3\" data-id=\"89f96e3\" data-element_type=\"column\">\n<div class=\"elementor-column-wrap elementor-element-populated\">\n<div class=\"elementor-widget-wrap\">\n<div class=\"elementor-element elementor-element-45f0f52 elementor-widget elementor-widget-text-editor\" data-id=\"45f0f52\" data-element_type=\"widget\" data-widget_type=\"text-editor.default\">\n<div class=\"elementor-widget-container\">\n<div class=\"elementor-text-editor elementor-clearfix\">\n<p class=\"p1\"><span class=\"s1\">Na ta\u010dno 80 godina od oslobo\u0111enja Ra\u017enja nizom sve\u010danosti obele\u017een je Dan ove op\u0161tine, 13. oktobar. Prvo su ta\u010dno u podne predstavnici op\u0161tine polo\u017eili vence na spomenik palim borcima u centru ovog mesta. Delegaciju je predvodio predsednik op\u0161tine Ra\u017eanj Dobrica Stojkovi\u0107.<\/span><\/p>\n<\/div><\/div>\n<\/p><\/div>\n<\/p><\/div>\n<\/p><\/div>\n<\/p><\/div>\n<\/p><\/div>\n<\/p><\/div>\n<\/section>\n<section class=\"elementor-section elementor-top-section elementor-element elementor-element-17692a6 elementor-section-boxed elementor-section-height-default elementor-section-height-default\" data-id=\"17692a6\" data-element_type=\"section\">\n<div class=\"elementor-container elementor-column-gap-default\">\n<div class=\"elementor-row\">\n<div class=\"elementor-column elementor-col-100 elementor-top-column elementor-element elementor-element-f28ba1a\" data-id=\"f28ba1a\" data-element_type=\"column\">\n<div class=\"elementor-column-wrap elementor-element-populated\">\n<div class=\"elementor-widget-wrap\">\n<div class=\"elementor-element elementor-element-0837d97 elementor-widget elementor-widget-image\" data-id=\"0837d97\" data-element_type=\"widget\" data-widget_type=\"image.default\">\n<div class=\"elementor-widget-container\">\n<div class=\"elementor-image\">\n\t\t\t\t\t\t\t\t\t\t<img loading=\"lazy\" decoding=\"async\" width=\"1024\" height=\"576\" src=\"https:\/\/media.rtvparacin.rs\/2024\/10\/IMG_7507-1024x576.jpeg\" class=\"attachment-large size-large\" alt=\"\" \/>\t\t\t\t\t\t\t\t\t\t\t<\/div>\n<\/p><\/div>\n<\/p><\/div>\n<\/p><\/div>\n<\/p><\/div>\n<\/p><\/div>\n<\/p><\/div>\n<\/p><\/div>\n<\/section>\n<section class=\"elementor-section elementor-top-section elementor-element elementor-element-2e1fa98 elementor-section-boxed elementor-section-height-default elementor-section-height-default\" data-id=\"2e1fa98\" data-element_type=\"section\">\n<div class=\"elementor-container elementor-column-gap-default\">\n<div class=\"elementor-row\">\n<div class=\"elementor-column elementor-col-100 elementor-top-column elementor-element elementor-element-bbd568e\" data-id=\"bbd568e\" data-element_type=\"column\">\n<div class=\"elementor-column-wrap elementor-element-populated\">\n<div class=\"elementor-widget-wrap\">\n<div class=\"elementor-element elementor-element-13de485 elementor-widget elementor-widget-text-editor\" data-id=\"13de485\" data-element_type=\"widget\" data-widget_type=\"text-editor.default\">\n<div class=\"elementor-widget-container\">\n<div class=\"elementor-text-editor elementor-clearfix\">\n<p class=\"p1\"><span class=\"s1\">Spomenik palim borcima za slobodu je podignut \u0161ezdesetih godina pro\u0161log veka i zauzima centralno mesto u op\u0161tinskom jezgru gde je nekada prolazio Carigradski drum. Na ovaj na\u010din obele\u017eena je velika godi\u0161njica, osam decenija od kada je crvena armija oslobodila Ra\u017eanj od nema\u010dkih okupacionih snaga.<\/span><\/p>\n<\/div><\/div>\n<\/p><\/div>\n<\/p><\/div>\n<\/p><\/div>\n<\/p><\/div>\n<\/p><\/div>\n<\/p><\/div>\n<\/section>\n<section class=\"elementor-section elementor-top-section elementor-element elementor-element-ca0dcfa elementor-section-boxed elementor-section-height-default elementor-section-height-default\" data-id=\"ca0dcfa\" data-element_type=\"section\">\n<div class=\"elementor-container elementor-column-gap-default\">\n<div class=\"elementor-row\">\n<div class=\"elementor-column elementor-col-100 elementor-top-column elementor-element elementor-element-68a02a3\" data-id=\"68a02a3\" data-element_type=\"column\">\n<div class=\"elementor-column-wrap elementor-element-populated\">\n<div class=\"elementor-widget-wrap\">\n<div class=\"elementor-element elementor-element-340d37f elementor-widget elementor-widget-gallery\" data-id=\"340d37f\" data-element_type=\"widget\" data-settings=\"{&quot;lazyload&quot;:&quot;yes&quot;,&quot;gallery_layout&quot;:&quot;grid&quot;,&quot;columns&quot;:4,&quot;columns_tablet&quot;:2,&quot;columns_mobile&quot;:1,&quot;gap&quot;:{&quot;unit&quot;:&quot;px&quot;,&quot;size&quot;:10,&quot;sizes&quot;:[]},&quot;gap_tablet&quot;:{&quot;unit&quot;:&quot;px&quot;,&quot;size&quot;:10,&quot;sizes&quot;:[]},&quot;gap_mobile&quot;:{&quot;unit&quot;:&quot;px&quot;,&quot;size&quot;:10,&quot;sizes&quot;:[]},&quot;link_to&quot;:&quot;file&quot;,&quot;aspect_ratio&quot;:&quot;3:2&quot;,&quot;overlay_background&quot;:&quot;yes&quot;,&quot;content_hover_animation&quot;:&quot;fade-in&quot;}\" data-widget_type=\"gallery.default\">\n<div class=\"elementor-widget-container\">\n<div class=\"elementor-gallery__container\">\n\t\t\t\t\t\t\t<a class=\"e-gallery-item elementor-gallery-item elementor-animated-content\" href=\"https:\/\/media.rtvparacin.rs\/2024\/10\/IMG_7508.jpeg\" data-elementor-open-lightbox=\"yes\" data-elementor-lightbox-slideshow=\"all-340d37f\" data-elementor-lightbox-title=\"IMG_7508\" target=\"_blank\" rel=\"noopener\"><\/p>\n<div class=\"e-gallery-image elementor-gallery-item__image\" data-thumbnail=\"https:\/\/media.rtvparacin.rs\/2024\/10\/IMG_7508-300x169.jpeg\" data-width=\"300\" data-height=\"169\"><\/div>\n<div class=\"elementor-gallery-item__overlay\"><\/div>\n<p>\t\t\t\t\t\t\t\t\t\t\t\t\t\t<\/a><br \/>\n\t\t\t\t\t\t\t<a class=\"e-gallery-item elementor-gallery-item elementor-animated-content\" href=\"https:\/\/media.rtvparacin.rs\/2024\/10\/IMG_7509.jpeg\" data-elementor-open-lightbox=\"yes\" data-elementor-lightbox-slideshow=\"all-340d37f\" data-elementor-lightbox-title=\"IMG_7509\" target=\"_blank\" rel=\"noopener\"><\/p>\n<div class=\"e-gallery-image elementor-gallery-item__image\" data-thumbnail=\"https:\/\/media.rtvparacin.rs\/2024\/10\/IMG_7509-300x169.jpeg\" data-width=\"300\" data-height=\"169\"><\/div>\n<div class=\"elementor-gallery-item__overlay\"><\/div>\n<p>\t\t\t\t\t\t\t\t\t\t\t\t\t\t<\/a><br \/>\n\t\t\t\t\t\t\t<a class=\"e-gallery-item elementor-gallery-item elementor-animated-content\" href=\"https:\/\/media.rtvparacin.rs\/2024\/10\/IMG_7511.jpeg\" data-elementor-open-lightbox=\"yes\" data-elementor-lightbox-slideshow=\"all-340d37f\" data-elementor-lightbox-title=\"IMG_7511\" target=\"_blank\" rel=\"noopener\"><\/p>\n<div class=\"e-gallery-image elementor-gallery-item__image\" data-thumbnail=\"https:\/\/media.rtvparacin.rs\/2024\/10\/IMG_7511-300x169.jpeg\" data-width=\"300\" data-height=\"169\"><\/div>\n<div class=\"elementor-gallery-item__overlay\"><\/div>\n<p>\t\t\t\t\t\t\t\t\t\t\t\t\t\t<\/a><br \/>\n\t\t\t\t\t\t\t<a class=\"e-gallery-item elementor-gallery-item elementor-animated-content\" href=\"https:\/\/media.rtvparacin.rs\/2024\/10\/IMG_7512.jpeg\" data-elementor-open-lightbox=\"yes\" data-elementor-lightbox-slideshow=\"all-340d37f\" data-elementor-lightbox-title=\"IMG_7512\" target=\"_blank\" rel=\"noopener\"><\/p>\n<div class=\"e-gallery-image elementor-gallery-item__image\" data-thumbnail=\"https:\/\/media.rtvparacin.rs\/2024\/10\/IMG_7512-300x169.jpeg\" data-width=\"300\" data-height=\"169\"><\/div>\n<div class=\"elementor-gallery-item__overlay\"><\/div>\n<p>\t\t\t\t\t\t\t\t\t\t\t\t\t\t<\/a>\n\t\t\t\t\t<\/div>\n<\/p><\/div>\n<\/p><\/div>\n<\/p><\/div>\n<\/p><\/div>\n<\/p><\/div>\n<\/p><\/div>\n<\/p><\/div>\n<\/section>\n<section class=\"elementor-section elementor-top-section elementor-element elementor-element-ac44ebe elementor-section-boxed elementor-section-height-default elementor-section-height-default\" data-id=\"ac44ebe\" data-element_type=\"section\">\n<div class=\"elementor-container elementor-column-gap-default\">\n<div class=\"elementor-row\">\n<div class=\"elementor-column elementor-col-100 elementor-top-column elementor-element elementor-element-3459c57\" data-id=\"3459c57\" data-element_type=\"column\">\n<div class=\"elementor-column-wrap elementor-element-populated\">\n<div class=\"elementor-widget-wrap\">\n<div class=\"elementor-element elementor-element-7e5a1b5 elementor-widget elementor-widget-text-editor\" data-id=\"7e5a1b5\" data-element_type=\"widget\" data-widget_type=\"text-editor.default\">\n<div class=\"elementor-widget-container\">\n<div class=\"elementor-text-editor elementor-clearfix\">\n<p class=\"p1\"><span class=\"s1\">Potom je usledila Sve\u010dana sednica kojoj su prisustvovali brojni predstavnici okolnih i prijateljskih op\u0161tina i gradova. U sve\u010danoj sali bili su i dr\u017eavni sekretari Sandra Doki\u0107, Nemanja Ze\u010devi\u0107, \u010cedomir Raki\u0107,<span class=\"Apple-converted-space\">\u00a0 <\/span>Sa\u0161a \u0110ordevi\u0107 i Petar Babovii sa saradnicima, kao i predsednici op\u0161tina Aleksinac, Svrljig, Mero\u0161ina, Gad\u017ein Han, Crna Trava, Rekovac, Brus. Para\u0107in su predstavljali \u010dlanovi Op\u0161tinskog ve\u0107a \u017darko Savi\u0107 i Bojan Veljkovi\u0107.<\/span><\/p>\n<\/div><\/div>\n<\/p><\/div>\n<\/p><\/div>\n<\/p><\/div>\n<\/p><\/div>\n<\/p><\/div>\n<\/p><\/div>\n<\/section>\n<section class=\"elementor-section elementor-top-section elementor-element elementor-element-8800800 elementor-section-boxed elementor-section-height-default elementor-section-height-default\" data-id=\"8800800\" data-element_type=\"section\">\n<div class=\"elementor-container elementor-column-gap-default\">\n<div class=\"elementor-row\">\n<div class=\"elementor-column elementor-col-100 elementor-top-column elementor-element elementor-element-3b6f3e6\" data-id=\"3b6f3e6\" data-element_type=\"column\">\n<div class=\"elementor-column-wrap elementor-element-populated\">\n<div class=\"elementor-widget-wrap\">\n<div class=\"elementor-element elementor-element-7cb89ed elementor-widget elementor-widget-image\" data-id=\"7cb89ed\" data-element_type=\"widget\" data-widget_type=\"image.default\">\n<div class=\"elementor-widget-container\">\n<div class=\"elementor-image\">\n\t\t\t\t\t\t\t\t\t\t<img loading=\"lazy\" decoding=\"async\" width=\"1024\" height=\"576\" src=\"https:\/\/media.rtvparacin.rs\/2024\/10\/IMG_7504-1024x576.jpeg\" class=\"attachment-large size-large\" alt=\"\" \/>\t\t\t\t\t\t\t\t\t\t\t<\/div>\n<\/p><\/div>\n<\/p><\/div>\n<\/p><\/div>\n<\/p><\/div>\n<\/p><\/div>\n<\/p><\/div>\n<\/p><\/div>\n<\/section>\n<section class=\"elementor-section elementor-top-section elementor-element elementor-element-5496d44 elementor-section-boxed elementor-section-height-default elementor-section-height-default\" data-id=\"5496d44\" data-element_type=\"section\">\n<div class=\"elementor-container elementor-column-gap-default\">\n<div class=\"elementor-row\">\n<div class=\"elementor-column elementor-col-100 elementor-top-column elementor-element elementor-element-8017d58\" data-id=\"8017d58\" data-element_type=\"column\">\n<div class=\"elementor-column-wrap elementor-element-populated\">\n<div class=\"elementor-widget-wrap\">\n<div class=\"elementor-element elementor-element-531091d elementor-widget elementor-widget-text-editor\" data-id=\"531091d\" data-element_type=\"widget\" data-widget_type=\"text-editor.default\">\n<div class=\"elementor-widget-container\">\n<div class=\"elementor-text-editor elementor-clearfix\">\n<p class=\"p1\"><span class=\"s1\">Ovom prilikom dodeljene su plakete i priznanja zaslu\u017enim gra\u0111anima, a zahvalnice je uru\u010dio predsesnik SO Ra\u017eanj Milan Vasili\u0107. Plaketu je dobilo JP Srbija auto-put kao i predstavnica Udru\u017eenja \u201cRa\u017eanjke\u201d koje pravi crepulje Danijela Petrovi\u0107. U isto vreme najavljena je i realizacija projekata za unapre\u0111enje \u017eivotne sredine uz saradnju sa resornim ministarstvom. <\/span><\/p>\n<\/div><\/div>\n<\/p><\/div>\n<\/p><\/div>\n<\/p><\/div>\n<\/p><\/div>\n<\/p><\/div>\n<\/p><\/div>\n<\/section>\n<section class=\"elementor-section elementor-top-section elementor-element elementor-element-f43353e elementor-section-boxed elementor-section-height-default elementor-section-height-default\" data-id=\"f43353e\" data-element_type=\"section\">\n<div class=\"elementor-container elementor-column-gap-default\">\n<div class=\"elementor-row\">\n<div class=\"elementor-column elementor-col-100 elementor-top-column elementor-element elementor-element-acc9d85\" data-id=\"acc9d85\" data-element_type=\"column\">\n<div class=\"elementor-column-wrap elementor-element-populated\">\n<div class=\"elementor-widget-wrap\">\n<div class=\"elementor-element elementor-element-5d39bc6 elementor-widget elementor-widget-gallery\" data-id=\"5d39bc6\" data-element_type=\"widget\" data-settings=\"{&quot;lazyload&quot;:&quot;yes&quot;,&quot;gallery_layout&quot;:&quot;grid&quot;,&quot;columns&quot;:4,&quot;columns_tablet&quot;:2,&quot;columns_mobile&quot;:1,&quot;gap&quot;:{&quot;unit&quot;:&quot;px&quot;,&quot;size&quot;:10,&quot;sizes&quot;:[]},&quot;gap_tablet&quot;:{&quot;unit&quot;:&quot;px&quot;,&quot;size&quot;:10,&quot;sizes&quot;:[]},&quot;gap_mobile&quot;:{&quot;unit&quot;:&quot;px&quot;,&quot;size&quot;:10,&quot;sizes&quot;:[]},&quot;link_to&quot;:&quot;file&quot;,&quot;aspect_ratio&quot;:&quot;3:2&quot;,&quot;overlay_background&quot;:&quot;yes&quot;,&quot;content_hover_animation&quot;:&quot;fade-in&quot;}\" data-widget_type=\"gallery.default\">\n<div class=\"elementor-widget-container\">\n<div class=\"elementor-gallery__container\">\n\t\t\t\t\t\t\t<a class=\"e-gallery-item elementor-gallery-item elementor-animated-content\" href=\"https:\/\/media.rtvparacin.rs\/2024\/10\/IMG_7505.jpeg\" data-elementor-open-lightbox=\"yes\" data-elementor-lightbox-slideshow=\"all-5d39bc6\" data-elementor-lightbox-title=\"IMG_7505\" target=\"_blank\" rel=\"noopener\"><\/p>\n<div class=\"e-gallery-image elementor-gallery-item__image\" data-thumbnail=\"https:\/\/media.rtvparacin.rs\/2024\/10\/IMG_7505-300x169.jpeg\" data-width=\"300\" data-height=\"169\"><\/div>\n<div class=\"elementor-gallery-item__overlay\"><\/div>\n<p>\t\t\t\t\t\t\t\t\t\t\t\t\t\t<\/a><br \/>\n\t\t\t\t\t\t\t<a class=\"e-gallery-item elementor-gallery-item elementor-animated-content\" href=\"https:\/\/media.rtvparacin.rs\/2024\/10\/IMG_7502.jpeg\" data-elementor-open-lightbox=\"yes\" data-elementor-lightbox-slideshow=\"all-5d39bc6\" data-elementor-lightbox-title=\"IMG_7502\" target=\"_blank\" rel=\"noopener\"><\/p>\n<div class=\"e-gallery-image elementor-gallery-item__image\" data-thumbnail=\"https:\/\/media.rtvparacin.rs\/2024\/10\/IMG_7502-300x169.jpeg\" data-width=\"300\" data-height=\"169\"><\/div>\n<div class=\"elementor-gallery-item__overlay\"><\/div>\n<p>\t\t\t\t\t\t\t\t\t\t\t\t\t\t<\/a><br \/>\n\t\t\t\t\t\t\t<a class=\"e-gallery-item elementor-gallery-item elementor-animated-content\" href=\"https:\/\/media.rtvparacin.rs\/2024\/10\/IMG_7503.jpeg\" data-elementor-open-lightbox=\"yes\" data-elementor-lightbox-slideshow=\"all-5d39bc6\" data-elementor-lightbox-title=\"IMG_7503\" target=\"_blank\" rel=\"noopener\"><\/p>\n<div class=\"e-gallery-image elementor-gallery-item__image\" data-thumbnail=\"https:\/\/media.rtvparacin.rs\/2024\/10\/IMG_7503-300x169.jpeg\" data-width=\"300\" data-height=\"169\"><\/div>\n<div class=\"elementor-gallery-item__overlay\"><\/div>\n<p>\t\t\t\t\t\t\t\t\t\t\t\t\t\t<\/a><br \/>\n\t\t\t\t\t\t\t<a class=\"e-gallery-item elementor-gallery-item elementor-animated-content\" href=\"https:\/\/media.rtvparacin.rs\/2024\/10\/IMG_7501.jpeg\" data-elementor-open-lightbox=\"yes\" data-elementor-lightbox-slideshow=\"all-5d39bc6\" data-elementor-lightbox-title=\"IMG_7501\" target=\"_blank\" rel=\"noopener\"><\/p>\n<div class=\"e-gallery-image elementor-gallery-item__image\" data-thumbnail=\"https:\/\/media.rtvparacin.rs\/2024\/10\/IMG_7501-300x169.jpeg\" data-width=\"300\" data-height=\"169\"><\/div>\n<div class=\"elementor-gallery-item__overlay\"><\/div>\n<p>\t\t\t\t\t\t\t\t\t\t\t\t\t\t<\/a><br \/>\n\t\t\t\t\t\t\t<a class=\"e-gallery-item elementor-gallery-item elementor-animated-content\" href=\"https:\/\/media.rtvparacin.rs\/2024\/10\/IMG_7500-1.jpeg\" data-elementor-open-lightbox=\"yes\" data-elementor-lightbox-slideshow=\"all-5d39bc6\" data-elementor-lightbox-title=\"IMG_7500\" target=\"_blank\" rel=\"noopener\"><\/p>\n<div class=\"e-gallery-image elementor-gallery-item__image\" data-thumbnail=\"https:\/\/media.rtvparacin.rs\/2024\/10\/IMG_7500-1-300x169.jpeg\" data-width=\"300\" data-height=\"169\"><\/div>\n<div class=\"elementor-gallery-item__overlay\"><\/div>\n<p>\t\t\t\t\t\t\t\t\t\t\t\t\t\t<\/a>\n\t\t\t\t\t<\/div>\n<\/p><\/div>\n<\/p><\/div>\n<\/p><\/div>\n<\/p><\/div>\n<\/p><\/div>\n<\/p><\/div>\n<\/p><\/div>\n<\/section>\n<section class=\"elementor-section elementor-top-section elementor-element elementor-element-ad571e1 elementor-section-boxed elementor-section-height-default elementor-section-height-default\" data-id=\"ad571e1\" data-element_type=\"section\">\n<div class=\"elementor-container elementor-column-gap-default\">\n<div class=\"elementor-row\">\n<div class=\"elementor-column elementor-col-100 elementor-top-column elementor-element elementor-element-24f5a6d\" data-id=\"24f5a6d\" data-element_type=\"column\">\n<div class=\"elementor-column-wrap elementor-element-populated\">\n<div class=\"elementor-widget-wrap\">\n<div class=\"elementor-element elementor-element-c30be52 elementor-aspect-ratio-169 elementor-widget elementor-widget-video\" data-id=\"c30be52\" data-element_type=\"widget\" data-settings=\"{&quot;aspect_ratio&quot;:&quot;169&quot;}\" data-widget_type=\"video.default\">\n<div class=\"elementor-widget-container\">\n<div class=\"elementor-wrapper elementor-fit-aspect-ratio elementor-open-inline\">\n\t\t\t\t\t<\/div>\n<\/p><\/div>\n<\/p><\/div>\n<\/p><\/div>\n<\/p><\/div>\n<\/p><\/div>\n<\/p><\/div>\n<\/p><\/div>\n<\/section><\/div>\n<\/p><\/div>\n<\/p><\/div>\n<p>The post <a href=\"https:\/\/rtvparacin.rs\/obelezen-dan-opstine-razanj-2\/\" target=\"_blank\" rel=\"noopener\">Obele\u017een Dan op\u0161tine Ra\u017eanj<\/a> first appeared on <a href=\"https:\/\/rtvparacin.rs\" target=\"_blank\" rel=\"noopener\">Kanal M | Radio Televizija Para\u0107in<\/a>.<\/p>\n<p>The post <a rel=\"nofollow noopener\" href=\"https:\/\/rtvparacin.rs\/obelezen-dan-opstine-razanj-2\/\" target=\"_blank\">Obele\u017een Dan op\u0161tine Ra\u017eanj<\/a> appeared first on <a rel=\"nofollow noopener\" href=\"https:\/\/rtvparacin.rs\" target=\"_blank\">Kanal M | Radio Televizija Para\u0107in<\/a>.<\/p>\n<p><a href=\"https:\/\/rtvparacin.rs\/obelezen-dan-opstine-razanj-2\/?utm_source=rss&#038;utm_medium=rss&#038;utm_campaign=obelezen-dan-opstine-razanj-2\" target=\"_blank\" rel=\"noopener\">Source link <\/a><br \/>\n\n Obele\u017een Dan op\u0161tine Ra\u017eanj<\/p>\n","protected":false},"excerpt":{"rendered":"<p>Na ta\u010dno 80 godina od oslobo\u0111enja Ra\u017enja nizom sve\u010danosti obele\u017een je Dan ove op\u0161tine, 13. oktobar. Prvo su ta\u010dno u&hellip;<\/p>\n","protected":false},"author":1,"featured_media":5576,"comment_status":"open","ping_status":"open","sticky":false,"template":"","format":"standard","meta":{"footnotes":""},"categories":[1],"tags":[],"class_list":["post-5575","post","type-post","status-publish","format-standard","has-post-thumbnail","hentry","category-oglasi-razanj"],"_links":{"self":[{"href":"https:\/\/oglasi.infooglasi.rs\/oglasi\/oglasirazanj\/wp-json\/wp\/v2\/posts\/5575","targetHints":{"allow":["GET"]}}],"collection":[{"href":"https:\/\/oglasi.infooglasi.rs\/oglasi\/oglasirazanj\/wp-json\/wp\/v2\/posts"}],"about":[{"href":"https:\/\/oglasi.infooglasi.rs\/oglasi\/oglasirazanj\/wp-json\/wp\/v2\/types\/post"}],"author":[{"embeddable":true,"href":"https:\/\/oglasi.infooglasi.rs\/oglasi\/oglasirazanj\/wp-json\/wp\/v2\/users\/1"}],"replies":[{"embeddable":true,"href":"https:\/\/oglasi.infooglasi.rs\/oglasi\/oglasirazanj\/wp-json\/wp\/v2\/comments?post=5575"}],"version-history":[{"count":0,"href":"https:\/\/oglasi.infooglasi.rs\/oglasi\/oglasirazanj\/wp-json\/wp\/v2\/posts\/5575\/revisions"}],"wp:featuredmedia":[{"embeddable":true,"href":"https:\/\/oglasi.infooglasi.rs\/oglasi\/oglasirazanj\/wp-json\/wp\/v2\/media\/5576"}],"wp:attachment":[{"href":"https:\/\/oglasi.infooglasi.rs\/oglasi\/oglasirazanj\/wp-json\/wp\/v2\/media?parent=5575"}],"wp:term":[{"taxonomy":"category","embeddable":true,"href":"https:\/\/oglasi.infooglasi.rs\/oglasi\/oglasirazanj\/wp-json\/wp\/v2\/categories?post=5575"},{"taxonomy":"post_tag","embeddable":true,"href":"https:\/\/oglasi.infooglasi.rs\/oglasi\/oglasirazanj\/wp-json\/wp\/v2\/tags?post=5575"}],"curies":[{"name":"wp","href":"https:\/\/api.w.org\/{rel}","templated":true}]}}