{"id":5438,"date":"2023-10-30T21:31:19","date_gmt":"2023-10-30T20:31:19","guid":{"rendered":"https:\/\/oglasi.infooglasi.rs\/oglasi\/oglasirekovac\/biblioteka-u-rekovcu-prvih-90-godina-oglasi-rekovac\/"},"modified":"2023-10-30T21:31:19","modified_gmt":"2023-10-30T20:31:19","slug":"biblioteka-u-rekovcu-prvih-90-godina-oglasi-rekovac","status":"publish","type":"post","link":"https:\/\/oglasi.infooglasi.rs\/oglasi\/oglasirekovac\/biblioteka-u-rekovcu-prvih-90-godina-oglasi-rekovac\/","title":{"rendered":"Biblioteka u Rekovcu \u2013 prvih 90 godina &#8211; OGLASI REKOVAC"},"content":{"rendered":"<p><\/p>\n<div>\n<p style=\"text-align: justify;\"><em>\u201eRazmena knjiga izme\u0111u pojedinaca i naroda svojevrsna je razmena emocija. Nema sveta bez knjige i nema knjige bez sveta\u2026 Kako i koliko \u010ditamo, takvi smo i toliki ljudi\u201c, napisao je Selimir Radulovi\u0107, upravnik Biblioteke Matice srpske, a zabele\u017eeno i uvodu monografij Narodna biblioteka \u201edr Milovan Spasi\u0107\u201c (1918-2018) koja je objavljena povodom 90 godina rada biblioteke u Rekovcu, autorke Biljane Tomi\u0107.<\/em><\/p>\n<p><a href=\"https:\/\/far.rs\/wp-content\/uploads\/2018\/11\/747-Biblioteka-nekada.pdf\" target=\"_blank\" rel=\"noopener\">\u00a0Biblioteka nekada<\/a><\/p>\n<p style=\"text-align: justify;\">Op\u0161tina Rekovac se nalazi u sredi\u0161njem delu Srbije i jugoisto\u010dnom delu \u0160umadije, izme\u0111u Gledi\u0107kih planina na zapadu i Juhora na istoku. Rekovac se danas prepoznaje po manastiru Kalen, naivnom slikarstvu Janka Bra\u0161i\u0107a, arheolo\u0161kim nalazi\u0161tima, Saboru \u201ePro\u0111oh Leva\u010d, pro\u0111oh \u0160umadiju\u201c, ali i Narodnoj biblioteci.<\/p>\n<p style=\"text-align: justify;\">Osnivanje biblioteku u Rekovcu vezuje se za ime Milovana Spasi\u0107a, \u010diju posrednu ulogu navode neki istoriografi: \u201eGodine 1873. uspostavljena je \u010ditaonica u selu Medve\u0111i, koje je tada pripadalo Leva\u010dkom srezu, i radila je dve godine uz pomo\u0107 op\u0161tinske potpore i uloga dvadesetak \u010dlanova\u201c.<\/p>\n<div id=\"attachment_68672\" style=\"width: 610px\" class=\"wp-caption aligncenter\"><img decoding=\"async\" aria-describedby=\"caption-attachment-68672\" loading=\"lazy\" class=\"wp-image-68672 size-full\" src=\"https:\/\/far.rs\/wp-content\/uploads\/2018\/11\/748.jpg\" alt=\"\" width=\"600\" height=\"955\" srcset=\"https:\/\/far.rs\/wp-content\/uploads\/2018\/11\/748.jpg 600w, https:\/\/far.rs\/wp-content\/uploads\/2018\/11\/748-188x300.jpg 188w\" sizes=\"auto, (max-width: 600px) 100vw, 600px\"\/><\/p>\n<p id=\"caption-attachment-68672\" class=\"wp-caption-text\">Milovan Spasi\u0107<\/p>\n<\/div>\n<p style=\"text-align: justify;\">Osnivanju biblioteka u manjim mestima, poput Rekovca, doprinosi i pokret Kulturna liga, osnovan 1908. godine na predlog profesora Beogradskog univerziteta. Biljana Tomi\u0107 bele\u017ei da je pokret nastao iz potrebe za \u0161kolovanjem omladine, za prosve\u0107ivanjem i obrazovanjem naroda. Postavljeni ciljevi bili su da se me\u0111u gradskim i seoskim stanovni\u0161tvom u\u010dvrste osnovne kulturne tekovine, a pogotovu \u201estvarna pismenost\u201c.<\/p>\n<p style=\"text-align: justify;\">Uprava Kulturne lige iz Beograda je slanjem knjiga pomogla otvaranje seoskih biblioteka u leva\u010dkom okrugu: Lo\u0107iki (1909.), Rekovcu (1909.), Dragovu (1909.), Zadru\u017ena \u010ditaonica u \u017dupanjevcu (1908.), Opari\u0107u (1909.), Preve\u0161tu (1909.), Ratkovi\u0107u i Sekuri\u010du iste godine.<\/p>\n<div id=\"attachment_68673\" style=\"width: 1034px\" class=\"wp-caption aligncenter\"><img decoding=\"async\" aria-describedby=\"caption-attachment-68673\" loading=\"lazy\" class=\"wp-image-68673 size-large\" src=\"https:\/\/far.rs\/wp-content\/uploads\/2018\/11\/749-1024x682.jpg\" alt=\"\" width=\"1024\" height=\"682\" srcset=\"https:\/\/far.rs\/wp-content\/uploads\/2018\/11\/749-1024x682.jpg 1024w, https:\/\/far.rs\/wp-content\/uploads\/2018\/11\/749-300x200.jpg 300w, https:\/\/far.rs\/wp-content\/uploads\/2018\/11\/749-768x511.jpg 768w, https:\/\/far.rs\/wp-content\/uploads\/2018\/11\/749.jpg 1200w\" sizes=\"auto, (max-width: 1024px) 100vw, 1024px\"\/><\/p>\n<p id=\"caption-attachment-68673\" class=\"wp-caption-text\">Rekovac \u2013 Gornja glavna ulica<\/p>\n<\/div>\n<p style=\"text-align: justify;\">Kako Predlog bud\u017eeta za Narodnu biblioteku 1919. godine, koji je pored obnavljanja biblioteke u Kragujevcu i drugim ve\u0107im gradovima u kojima su ve\u0107 postojale, kao i \u201eotvaranje novih knji\u017enica\u201c, nije ostvaren, Narodna biblioteka u Rekovcu osnovana je 1928. godine.<\/p>\n<p style=\"text-align: justify;\">Premda o nastanku ne postoje pouzdana dokumenta, za dan formiranja uzet je 12. oktobar. Osniva\u010d je bio profesor knji\u017eevnosti Petar Popovi\u0107, sin pop Vase. Kao po\u010detni fond, pop Vasa je biblioteci poklonio dvadestak knjiga, uglavnom crkvenih.<\/p>\n<p style=\"text-align: justify;\">U po\u010detku, biblioteka se nalazila u prostorijama osnovne \u0161kole. Koriste je, kako Rekov\u010dani, tako i \u017eitelji okolnih sela. Bibliotekom rukovode prosvetni radnici Ili\u0107 Rakovi\u0107, Dragan Stepanovi\u0107 i Krsta \u010cabri\u0107. Za vreme NOB-a nije radila.<\/p>\n<p style=\"text-align: justify;\">Obnovljena je 1947. godine na inicijativu Prosvetnog saveta Leva\u010dkog sreza. Prvi posleratni knji\u017eni\u010dar bio je \u017divan Ili\u0107 iz Komarana, koji je pored izdavanja knjiga prodavao dnevnu i periodi\u010dnu \u0161tampu. Prve knjige za obnovljenu biblioteku darovao je general Vojislav Milojevi\u0107 iz Ni\u0161a, ro\u0111en u selu Ursulu u blizini Rekovca.<\/p>\n<div id=\"attachment_68674\" style=\"width: 1034px\" class=\"wp-caption aligncenter\"><img decoding=\"async\" aria-describedby=\"caption-attachment-68674\" loading=\"lazy\" class=\"wp-image-68674 size-large\" src=\"https:\/\/far.rs\/wp-content\/uploads\/2018\/11\/750-1024x732.jpg\" alt=\"\" width=\"1024\" height=\"732\" srcset=\"https:\/\/far.rs\/wp-content\/uploads\/2018\/11\/750-1024x732.jpg 1024w, https:\/\/far.rs\/wp-content\/uploads\/2018\/11\/750-300x215.jpg 300w, https:\/\/far.rs\/wp-content\/uploads\/2018\/11\/750-768x549.jpg 768w, https:\/\/far.rs\/wp-content\/uploads\/2018\/11\/750.jpg 1200w\" sizes=\"auto, (max-width: 1024px) 100vw, 1024px\"\/><\/p>\n<p id=\"caption-attachment-68674\" class=\"wp-caption-text\">Otvaranje biblioteke i Galerije, 1975. godina<\/p>\n<\/div>\n<p style=\"text-align: justify;\">Od 1963. godine biblioteka radi u sastavu Radni\u010dkog univerziteta \u201eDu\u0161an Popovi\u0107\u201c. Po\u010detni fond je iznosio 300 knjiga. Re\u0161enjem Skup\u0161tine op\u0161tine Rekovac iz 1974. godine, spajanjem radni\u010dkih univerziteta iz Rekovca i Belu\u0161i\u0107a, spajaju se i biblioteke. Godinu dana kasnije zgrada dru\u0161tveno-politi\u010dkih organizacija rekova\u010dke op\u0161tine preure\u0111uje sa za potrebe biblioteke.<\/p>\n<div id=\"attachment_68675\" style=\"width: 1034px\" class=\"wp-caption aligncenter\"><img decoding=\"async\" aria-describedby=\"caption-attachment-68675\" loading=\"lazy\" class=\"wp-image-68675 size-large\" src=\"https:\/\/far.rs\/wp-content\/uploads\/2018\/11\/751-1024x768.jpg\" alt=\"\" width=\"1024\" height=\"768\" srcset=\"https:\/\/far.rs\/wp-content\/uploads\/2018\/11\/751-1024x768.jpg 1024w, https:\/\/far.rs\/wp-content\/uploads\/2018\/11\/751-300x225.jpg 300w, https:\/\/far.rs\/wp-content\/uploads\/2018\/11\/751-768x576.jpg 768w, https:\/\/far.rs\/wp-content\/uploads\/2018\/11\/751-678x509.jpg 678w, https:\/\/far.rs\/wp-content\/uploads\/2018\/11\/751-326x245.jpg 326w, https:\/\/far.rs\/wp-content\/uploads\/2018\/11\/751-80x60.jpg 80w, https:\/\/far.rs\/wp-content\/uploads\/2018\/11\/751.jpg 1200w\" sizes=\"auto, (max-width: 1024px) 100vw, 1024px\"\/><\/p>\n<p id=\"caption-attachment-68675\" class=\"wp-caption-text\">Biblioteka sada<\/p>\n<\/div>\n<p style=\"text-align: justify;\">Nakon pola veka postojanja, biblioteka u Rekovcu dobila je krov nad glavom. Tokom ovih prvih 90 godina postojanja menjala je i ime. Na inicijativu Programskog saveta Zbor radnika doneo je Odluku 19, septembra 1986. godine da Radni\u010dki univerzitet \u201eDu\u0161an Popovi\u0107\u201c u Rekovcu promeni firmu i delatnost u Narodnu biblioteku, koja radi samostalno od prvog oktobra 1986. godine. U sastavu Biblioteku su se nalazile Galerija i bioskop. Biblioteka je imala fond od 33.000 knjiga i 1.500 \u010dlanova.<\/p>\n<div id=\"attachment_68676\" style=\"width: 1034px\" class=\"wp-caption aligncenter\"><img decoding=\"async\" aria-describedby=\"caption-attachment-68676\" loading=\"lazy\" class=\"wp-image-68676 size-large\" src=\"https:\/\/far.rs\/wp-content\/uploads\/2018\/11\/752-1024x680.jpg\" alt=\"\" width=\"1024\" height=\"680\" srcset=\"https:\/\/far.rs\/wp-content\/uploads\/2018\/11\/752-1024x680.jpg 1024w, https:\/\/far.rs\/wp-content\/uploads\/2018\/11\/752-300x199.jpg 300w, https:\/\/far.rs\/wp-content\/uploads\/2018\/11\/752-768x510.jpg 768w, https:\/\/far.rs\/wp-content\/uploads\/2018\/11\/752.jpg 1200w\" sizes=\"auto, (max-width: 1024px) 100vw, 1024px\"\/><\/p>\n<p id=\"caption-attachment-68676\" class=\"wp-caption-text\">Galerija<\/p>\n<\/div>\n<p style=\"text-align: justify;\">Biblioteka danas ima Pozajmno odeljenje za odrasle sa \u010ditaonicom i elektronskom u\u010dionicom, Zavi\u010dajnu zbirku, Pozajmno odeljenje za decu sa \u010ditaonicom, kao i podru\u010dna odeljenja.<\/p>\n<div id=\"attachment_68677\" style=\"width: 1034px\" class=\"wp-caption aligncenter\"><img decoding=\"async\" aria-describedby=\"caption-attachment-68677\" loading=\"lazy\" class=\"wp-image-68677 size-large\" src=\"https:\/\/far.rs\/wp-content\/uploads\/2018\/11\/753-1024x673.jpg\" alt=\"\" width=\"1024\" height=\"673\" srcset=\"https:\/\/far.rs\/wp-content\/uploads\/2018\/11\/753-1024x673.jpg 1024w, https:\/\/far.rs\/wp-content\/uploads\/2018\/11\/753-300x197.jpg 300w, https:\/\/far.rs\/wp-content\/uploads\/2018\/11\/753-768x505.jpg 768w, https:\/\/far.rs\/wp-content\/uploads\/2018\/11\/753.jpg 1200w\" sizes=\"auto, (max-width: 1024px) 100vw, 1024px\"\/><\/p>\n<p id=\"caption-attachment-68677\" class=\"wp-caption-text\">De\u010dje odeljenje<\/p>\n<\/div>\n<p style=\"text-align: justify;\">Biblioteka je u oktobru proslavila 90 godina postojanja, uz prisustvo ministra kulture Vladana Vukosavljevi\u0107a. Proteklih 17 godina doprinos obele\u017eavanju godi\u0161njice rekova\u010dke biblioteke davali su brojni pisci, glumci, javne li\u010dnosti: Dragan Laki\u0107evi\u0107, Zlata Numanagi\u0107, Ra\u0161a Popov, Jelena \u017digon, Vladimir Jagli\u010di\u0107, Vesna Dedi\u0107, Mirjana Bobi\u0107 Mojsilovi\u0107, Jelica Greganovi\u0107, Nele Karajli\u0107\u2026<\/p>\n<div id=\"attachment_68678\" style=\"width: 1034px\" class=\"wp-caption aligncenter\"><img decoding=\"async\" aria-describedby=\"caption-attachment-68678\" loading=\"lazy\" class=\"wp-image-68678 size-large\" src=\"https:\/\/far.rs\/wp-content\/uploads\/2018\/11\/754-1024x680.jpg\" alt=\"\" width=\"1024\" height=\"680\" srcset=\"https:\/\/far.rs\/wp-content\/uploads\/2018\/11\/754-1024x680.jpg 1024w, https:\/\/far.rs\/wp-content\/uploads\/2018\/11\/754-300x199.jpg 300w, https:\/\/far.rs\/wp-content\/uploads\/2018\/11\/754-768x510.jpg 768w, https:\/\/far.rs\/wp-content\/uploads\/2018\/11\/754.jpg 1200w\" sizes=\"auto, (max-width: 1024px) 100vw, 1024px\"\/><\/p>\n<p id=\"caption-attachment-68678\" class=\"wp-caption-text\">Dan biblioteke<\/p>\n<\/div>\n<p style=\"text-align: justify;\">Direktorka Biljana Tomi\u0107 bele\u017ei i zna\u010dajnu izdava\u010dku delatnost ustanove, ali i nagrade \u2013 \u201eMilorad Pani\u0107 Surep\u201c za postignute rezultate u razvoju bibliote\u010dke delatnosti i unapre\u0111ivanju bibliotekarstva u Republici; nagradu \u201eMilovan Spasi\u0107 za izuzetan doprinos razvoju kulture, \u0161kolstva i nauke u op\u0161tini Rekovac; Zahvalnicu radi unapre\u0111ivanja bibliote\u010dke delatnosti i promovisanja kulture u op\u0161tini Rekovac.<\/p>\n<div id=\"attachment_68679\" style=\"width: 310px\" class=\"wp-caption aligncenter\"><img decoding=\"async\" aria-describedby=\"caption-attachment-68679\" loading=\"lazy\" class=\"wp-image-68679 size-full\" src=\"https:\/\/far.rs\/wp-content\/uploads\/2018\/11\/755.jpg\" alt=\"\" width=\"300\" height=\"450\" srcset=\"https:\/\/far.rs\/wp-content\/uploads\/2018\/11\/755.jpg 300w, https:\/\/far.rs\/wp-content\/uploads\/2018\/11\/755-200x300.jpg 200w\" sizes=\"auto, (max-width: 300px) 100vw, 300px\"\/><\/p>\n<p id=\"caption-attachment-68679\" class=\"wp-caption-text\">Milovan Spasi\u0107<\/p>\n<\/div>\n<p style=\"text-align: justify;\">Ko je bio Milovan Spasi\u0107?<\/p>\n<p style=\"text-align: justify;\">Srpski politi\u010dar i pedagog, doktor filozofije, na\u010delnik u Ministarstvu prosvete, upravnik Uprave fondova i \u010dlan Dr\u017eavnog saveta. Smatra se prvim bibliotekarom Narodne biblioteke.<\/p>\n<p style=\"text-align: justify;\">Ro\u0111en je 1817. godine u Rekovcu u zemljoradni\u010dkoj porodici. Otac, Ivan Spasi\u0107, bio je seoski knez. Kada je 1832. godine osnovana Narodna biblioteka Srbije, \u201euvidev\u0161i potrebu da se haoti\u010dno stanje biblioteke pri Pope\u010diteljstvu prosve\u0161tenija\u201c, Pope\u010diteljstvo anga\u017euje svog mladog slu\u017ebenika Milovana Spasi\u0107a, koji se upravo kao dr\u017eavni pitomac vratio sa studija, da sredi postoje\u0107u biblioteku, da kompletira zbirku i da ih sve popi\u0161e.<\/p>\n<p style=\"text-align: justify;\">Spasi\u0107 koristi znanja i iskustva ste\u010dena u Bratislavi, gde je bio anga\u017eovan u Biblioteci srpske omladine. Neveliki fond knjiga (2.283 svezaka) deli u tri grupe: srpske i ostale slovenske; nema\u010dke; latinske i romanske knjige.<\/p>\n<p style=\"text-align: justify;\">Razvrstane knjige je obradio prepisav\u0161i na cedulje osnovne podatke o knjigama koje je potom uazbu\u010dio. Izradio je kataloge za sve tri grupe knjiga.<\/p>\n<p style=\"text-align: justify;\">\u00a0 <em>Jovanka Nikoli\u0107<\/em><\/p>\n<p style=\"text-align: justify;\"><em>Foto: monografija Narodna biblioteka \u201eDr Milovan Spasi\u0107\u201c (1928. \u2013 2018.)<\/em><\/p>\n<p style=\"text-align: center;\"><em>Tekst je objavljen u okviru projekta \u201eDimitrovgrad \u2013 Kragujevac \u2013 Pan\u010devo: Kulturno nasle\u0111e i multikulturalnost\u201d, koji partnerski realizuju udru\u017eenja Emblema iz Dimitrovgrada, \u0160umadinka iz Kragujevca i Omnibus iz Pan\u010deva na sajtovima\u00a0<\/em><a href=\"https:\/\/far.rs\/index.php\/sr\/pocetna\/\" target=\"_blank\" rel=\"noopener\"><strong><em>www.far.rs<\/em><\/strong><\/a><em>,\u00a0<\/em><a href=\"http:\/\/www.glassumadije.rs\/\" target=\"_blank\" rel=\"noopener\"><strong><em>www.glassumadije.rs<\/em><\/strong><\/a><em>\u00a0i\u00a0<\/em><a href=\"https:\/\/www.pancevo.city\/\" target=\"_blank\" rel=\"noopener\"><strong><em>www.pancevo.city<\/em><\/strong><\/a><em>.<\/em><\/p>\n<p style=\"text-align: center;\"><em>Projekat je podr\u017ealo Ministarstvo kulture i informisanja Republike Srbije.<\/em><\/p>\n<\/p><\/div>\n<p><a href=\"https:\/\/far.rs\/sr\/2018\/11\/01\/biblioteka-u-rekovcu-prvih-90-godina\/\" target=\"_blank\" rel=\"noopener\">Source link <\/a><br \/>\n\n Biblioteka u Rekovcu \u2013 prvih 90 godina<\/p>\n","protected":false},"excerpt":{"rendered":"<p>\u201eRazmena knjiga izme\u0111u pojedinaca i naroda svojevrsna je razmena emocija. Nema sveta bez knjige i nema knjige bez sveta\u2026 Kako&hellip;<\/p>\n","protected":false},"author":1,"featured_media":5439,"comment_status":"open","ping_status":"open","sticky":false,"template":"","format":"standard","meta":{"footnotes":""},"categories":[1],"tags":[],"class_list":["post-5438","post","type-post","status-publish","format-standard","has-post-thumbnail","hentry","category-oglasi-rekovac"],"_links":{"self":[{"href":"https:\/\/oglasi.infooglasi.rs\/oglasi\/oglasirekovac\/wp-json\/wp\/v2\/posts\/5438","targetHints":{"allow":["GET"]}}],"collection":[{"href":"https:\/\/oglasi.infooglasi.rs\/oglasi\/oglasirekovac\/wp-json\/wp\/v2\/posts"}],"about":[{"href":"https:\/\/oglasi.infooglasi.rs\/oglasi\/oglasirekovac\/wp-json\/wp\/v2\/types\/post"}],"author":[{"embeddable":true,"href":"https:\/\/oglasi.infooglasi.rs\/oglasi\/oglasirekovac\/wp-json\/wp\/v2\/users\/1"}],"replies":[{"embeddable":true,"href":"https:\/\/oglasi.infooglasi.rs\/oglasi\/oglasirekovac\/wp-json\/wp\/v2\/comments?post=5438"}],"version-history":[{"count":0,"href":"https:\/\/oglasi.infooglasi.rs\/oglasi\/oglasirekovac\/wp-json\/wp\/v2\/posts\/5438\/revisions"}],"wp:featuredmedia":[{"embeddable":true,"href":"https:\/\/oglasi.infooglasi.rs\/oglasi\/oglasirekovac\/wp-json\/wp\/v2\/media\/5439"}],"wp:attachment":[{"href":"https:\/\/oglasi.infooglasi.rs\/oglasi\/oglasirekovac\/wp-json\/wp\/v2\/media?parent=5438"}],"wp:term":[{"taxonomy":"category","embeddable":true,"href":"https:\/\/oglasi.infooglasi.rs\/oglasi\/oglasirekovac\/wp-json\/wp\/v2\/categories?post=5438"},{"taxonomy":"post_tag","embeddable":true,"href":"https:\/\/oglasi.infooglasi.rs\/oglasi\/oglasirekovac\/wp-json\/wp\/v2\/tags?post=5438"}],"curies":[{"name":"wp","href":"https:\/\/api.w.org\/{rel}","templated":true}]}}