{"id":5700,"date":"2024-08-15T23:03:33","date_gmt":"2024-08-15T21:03:33","guid":{"rendered":"https:\/\/oglasi.infooglasi.rs\/oglasi\/oglasirekovac\/novi-put-brojna-publika-uzivala-u-poetsko-muzickoj-veceri-u-jagodini-oglasi-rekovac\/"},"modified":"2024-08-15T23:03:33","modified_gmt":"2024-08-15T21:03:33","slug":"novi-put-brojna-publika-uzivala-u-poetsko-muzickoj-veceri-u-jagodini-oglasi-rekovac","status":"publish","type":"post","link":"https:\/\/oglasi.infooglasi.rs\/oglasi\/oglasirekovac\/novi-put-brojna-publika-uzivala-u-poetsko-muzickoj-veceri-u-jagodini-oglasi-rekovac\/","title":{"rendered":"Novi Put \u00bb Brojna publika u\u017eivala u poetsko-muzi\u010dkoj ve\u010deri u Jagodini &#8211; OGLASI REKOVAC"},"content":{"rendered":"<p><\/p>\n<p> Naslovna \/\/&#13;<br \/>\n      <a href=\"https:\/\/noviput.rs\/category\/kultura\/\" rel=\"category tag noopener\" target=\"_blank\">Kultura<\/a>      \/\/&#13;<br \/>\n      Brojna publika u\u017eivala u poetsko-muzi\u010dkoj ve\u010deri u Jagodini    <\/p>\n<div>\n<p><strong>Doga\u0111aj je privukao veliku pa\u017enju publike, koja<br \/>\nje prisutne pisce i muzi\u010dke izvo\u0111a\u010de nagradila burnim aplauzima<\/strong><\/p>\n<div class=\"wp-block-image\">\n<figure class=\"aligncenter is-resized\"><img loading=\"lazy\" decoding=\"async\" src=\"https:\/\/noviput.rs\/wp-content\/uploads\/IMG-1ac45ec3b6a2596c19c1e125ec4d7da8-V-1024x768.jpg\" alt=\"\" class=\"wp-image-34704\" width=\"505\" height=\"379\" srcset=\"https:\/\/noviput.rs\/wp-content\/uploads\/IMG-1ac45ec3b6a2596c19c1e125ec4d7da8-V-1024x768.jpg 1024w, https:\/\/noviput.rs\/wp-content\/uploads\/IMG-1ac45ec3b6a2596c19c1e125ec4d7da8-V-300x225.jpg 300w, https:\/\/noviput.rs\/wp-content\/uploads\/IMG-1ac45ec3b6a2596c19c1e125ec4d7da8-V-768x576.jpg 768w, https:\/\/noviput.rs\/wp-content\/uploads\/IMG-1ac45ec3b6a2596c19c1e125ec4d7da8-V-250x188.jpg 250w, https:\/\/noviput.rs\/wp-content\/uploads\/IMG-1ac45ec3b6a2596c19c1e125ec4d7da8-V.jpg 1600w\" sizes=\"auto, (max-width: 505px) 100vw, 505px\" \/><figcaption>Foto: privatna arhiva<\/figcaption><\/figure>\n<\/div>\n<p>Poetsko-muzi\u010dko<br \/>\nve\u010de odr\u017eano je proteklog \u010detvrtka u foajeu Kulturnog centra \u201eSvetozar<br \/>\nMarkovi\u0107\u201c u Jagodini.<\/p>\n<p>Tom<br \/>\nprilikom, predstavljena je najnovija dvojezi\u010dna knji\u017eevna antologija<br \/>\nspisateljice iz Milo\u0161eva <strong>Dragice Mateji\u0107<br \/>\n\u0160reder<\/strong>, koja ve\u0107 decenijama \u017eivi i stvara u Hildenu, u Nema\u010dkoj. Naziv<br \/>\nantologije je \u201eProbudi dete u sebi\u201c, a neki od autora koji su zastupljeni u<br \/>\novoj knjizi, bili su prisutni na ovom doga\u0111aju, gde su i \u010ditali su svoje pesme<br \/>\ni pri\u010de koje su u njoj objavljene. To su: <strong>Slavka<br \/>\nKlikovac<\/strong> iz Podgorice, <strong>Branimir<br \/>\nPeri\u0107<\/strong> sa Kopaonika, <strong>Tatjana<br \/>\nMilanovi\u0107<\/strong> iz Jagodine i <strong>Milo\u0161<br \/>\nMilojevi\u0107 Resavski<\/strong> iz Despotovca.<\/p>\n<p>Sastavni<br \/>\ndeo ve\u010deri bio je i prigodan muzi\u010dki program. Izvo\u0111enjima na harmonici, publici<br \/>\nse predstavio <strong>Matija Savanovi\u0107<\/strong>,<br \/>\nu\u010denik Muzi\u010dke \u0161kole, na gitari poznati kantautor <strong>Du\u0161ko Dimitrijevi\u0107 End\u017ei<\/strong>, dok je pevala <strong>Milanka Jovanovi\u0107<\/strong> iz Lovaca.<\/p>\n<p>Doga\u0111aj<br \/>\nje izazvao veliku pa\u017enju publike, koja je vidno u\u017eivala u programu i svako<br \/>\npredstavljanje nagradila burnim aplauzima.<\/p>\n<p><strong>D.M.<\/strong><\/p>\n<\/p><\/div>\n<p><script src=\"http:\/\/connect.facebook.net\/en_US\/all.js#xfbml=1\"><\/script><script type=\"text\/javascript\">(function(d,s,id){var js,fjs=d.getElementsByTagName(s)[0];if(d.getElementById(id)){return}js=d.createElement(s);js.id=id;js.src=\"https:\\\/\\\/connect.facebook.net\\\/en_US\\\/all.js\";fjs.parentNode.insertBefore(js,fjs)}(document,\"script\",\"facebook-jssdk\"));<\/script><br \/>\n<br \/><a href=\"https:\/\/noviput.rs\/kultura\/brojna-publika-uzivala-u-poetsko-muzickoj-veceri-u-jagodini\/?utm_source=rss&#038;utm_medium=rss&#038;utm_campaign=brojna-publika-uzivala-u-poetsko-muzickoj-veceri-u-jagodini\" target=\"_blank\" rel=\"noopener\">Source link <\/a><br \/>\n\n Novi Put \u00bb Brojna publika u\u017eivala u poetsko-muzi\u010dkoj ve\u010deri u Jagodini<\/p>\n","protected":false},"excerpt":{"rendered":"<p>Naslovna \/\/&#13; Kultura \/\/&#13; Brojna publika u\u017eivala u poetsko-muzi\u010dkoj ve\u010deri u Jagodini Doga\u0111aj je privukao veliku pa\u017enju publike, koja je&hellip;<\/p>\n","protected":false},"author":1,"featured_media":5701,"comment_status":"open","ping_status":"open","sticky":false,"template":"","format":"standard","meta":{"footnotes":""},"categories":[1],"tags":[],"class_list":["post-5700","post","type-post","status-publish","format-standard","has-post-thumbnail","hentry","category-oglasi-rekovac"],"_links":{"self":[{"href":"https:\/\/oglasi.infooglasi.rs\/oglasi\/oglasirekovac\/wp-json\/wp\/v2\/posts\/5700","targetHints":{"allow":["GET"]}}],"collection":[{"href":"https:\/\/oglasi.infooglasi.rs\/oglasi\/oglasirekovac\/wp-json\/wp\/v2\/posts"}],"about":[{"href":"https:\/\/oglasi.infooglasi.rs\/oglasi\/oglasirekovac\/wp-json\/wp\/v2\/types\/post"}],"author":[{"embeddable":true,"href":"https:\/\/oglasi.infooglasi.rs\/oglasi\/oglasirekovac\/wp-json\/wp\/v2\/users\/1"}],"replies":[{"embeddable":true,"href":"https:\/\/oglasi.infooglasi.rs\/oglasi\/oglasirekovac\/wp-json\/wp\/v2\/comments?post=5700"}],"version-history":[{"count":0,"href":"https:\/\/oglasi.infooglasi.rs\/oglasi\/oglasirekovac\/wp-json\/wp\/v2\/posts\/5700\/revisions"}],"wp:featuredmedia":[{"embeddable":true,"href":"https:\/\/oglasi.infooglasi.rs\/oglasi\/oglasirekovac\/wp-json\/wp\/v2\/media\/5701"}],"wp:attachment":[{"href":"https:\/\/oglasi.infooglasi.rs\/oglasi\/oglasirekovac\/wp-json\/wp\/v2\/media?parent=5700"}],"wp:term":[{"taxonomy":"category","embeddable":true,"href":"https:\/\/oglasi.infooglasi.rs\/oglasi\/oglasirekovac\/wp-json\/wp\/v2\/categories?post=5700"},{"taxonomy":"post_tag","embeddable":true,"href":"https:\/\/oglasi.infooglasi.rs\/oglasi\/oglasirekovac\/wp-json\/wp\/v2\/tags?post=5700"}],"curies":[{"name":"wp","href":"https:\/\/api.w.org\/{rel}","templated":true}]}}