{"id":5782,"date":"2024-12-22T18:06:51","date_gmt":"2024-12-22T17:06:51","guid":{"rendered":"https:\/\/oglasi.infooglasi.rs\/oglasi\/oglasirekovac\/opstina-rekovac-kupicemo-tri-autobusa-za-prevoz-djaka-oglasi-rekovac\/"},"modified":"2024-12-22T18:06:51","modified_gmt":"2024-12-22T17:06:51","slug":"opstina-rekovac-kupicemo-tri-autobusa-za-prevoz-djaka-oglasi-rekovac","status":"publish","type":"post","link":"https:\/\/oglasi.infooglasi.rs\/oglasi\/oglasirekovac\/opstina-rekovac-kupicemo-tri-autobusa-za-prevoz-djaka-oglasi-rekovac\/","title":{"rendered":"Op\u0161tina Rekovac: Kupi\u0107emo tri autobusa za prevoz \u0111aka &#8211; OGLASI REKOVAC"},"content":{"rendered":"<p><\/p>\n<div>\n<p>U\u010denici u op\u0161tini Rekovac od 1. oktobra ne mogu da se prevoze do svojih \u0161kola javnim prevozom, jer je \u00a0Javno preduze\u0107e za drumski prevoz putnika Rekovac prestalo sa obavljanjem prevoza putnika.<strong> U op\u0161tini Rekovac ka\u017eu da se \u0111aci snalaze za prevoz do \u0161kole, da se niko se ne \u017eali, te da su roditelji su \u201esvesni situacije\u201c. U op\u0161tini planiraju da re\u0161e ovaj problem, ali tek u 2025. godini<\/strong>. Predsednik Skup\u0161tine op\u0161tine Rekovac <strong>Dragan Prodanovi\u0107<\/strong> je rekao Glasu \u0160umadije da \u0107e biti kupljena tri autobusa, za svaku \u0161kolu po jedan, za prevoz u\u010denika.<\/p>\n<p>U op\u0161tini su, kako ka\u017ee, procenili da je \u201emnogo bolja varijanta\u201c\u00a0 da svaka \u0161kola ima svoj autobus.<\/p>\n<ul class=\"wp-block-list\">\n<li><strong>Od nove godine \u0107emo da radimo na kupovini autobusa. Oni \u0107e biti nabavljeni na lizing i to \u0107e manje da nas ko\u0161ta nego \u0161to smo \u00a0izdvajali za prevozni\u010dko preduze\u0107e.<\/strong> Kod kupovine na lizing, ima\u0107emo izdvajanja po 200.000-300.000 dinara mese\u010dno za tri dobra autobusa. Postoji i mogu\u0107nost da dobijemo i neke donacije iz Beograda, rekao je Prodanovi\u0107.<\/li>\n<\/ul>\n<blockquote class=\"wp-block-quote is-layout-flow wp-block-quote-is-layout-flow\">\n<p>Od oktobra su ostali bez javnog autobuskog prevoza me\u0161tani 32 sela u op\u0161tini Rekovac.<\/p>\n<p>Prodanovi\u0107 ka\u017ee da je re\u0161enje u poveravanju prevoza JP \u201eGlaveja\u201c, koje je tu delatnost obavljalo i pre desetak godina, dok nije do\u0161lo do deobe i formiranja Javnog preduze\u0107a za drumski prevoz putnika Rekovac.<\/p>\n<\/blockquote>\n<p>Prodanovi\u0107 je najavio spajanje Javnog preduze\u0107a za drumski prevoz putnika Rekovac sa mati\u010dnim preduze\u0107em \u201eGlaveja\u201c.<\/p>\n<ul class=\"wp-block-list\">\n<li>Javni gradski prevoz \u0107e ubudu\u0107e obavljati \u201eGlaveja\u201c u okviru postoje\u0107eg pogona ovog preduze\u0107a, objasnio je Prodanovi\u0107<\/li>\n<\/ul>\n<p>Za prevoz me\u0161tana, ka\u017ee Prodanovi\u0107, bi\u0107e dovoljna dva autobusa koja \u0107e \u201eGlaveja\u201c preuzeti od Javnog prezuze\u0107a za prevoz putnika u drumskom saobra\u0107aju Rekovac.<\/p>\n<ul class=\"wp-block-list\">\n<li>Vide\u0107emo kako \u0107e to pravno da se re\u0161i, dali smo nalog op\u0161tinskoj upravi i sekretaru skup\u0161tine da vide pravne mogu\u0107nosti \u201efuzije\u201c, da se to preduze\u0107e jednostavno \u201eutopi\u201c u Glaveju, kazao je Prodanovi\u0107 ,dodaju\u0107i da \u0107e o \u201efuziji\u201c odlu\u010divati skup\u0161tina op\u0161tine.<\/li>\n<\/ul>\n<p>Kako je ranije preneo <strong>Radio Leva\u010d<\/strong>, ra\u010dun javnog preduze\u0107a za drumski prevoz je blokiran zbog neizmirenih poreza i doprinosa. Iz rukovodstva firme su naveli da zbog dugovanja op\u0161tine prema preduze\u0107u, nema para za gorivo, redovno odr\u017eavanje vozila i deblokadu ra\u010duna, a radnici ne primaju platu osam meseci.<\/p>\n<p>O problemima u Javnom preduze\u0107u za drumski prevoz putnika Rekovac, Prodanovi\u0107 ka\u017ee:<\/p>\n<ul class=\"wp-block-list\">\n<li>Preduze\u0107e koje dobija redovno subvencije od op\u0161tine, a \u017eali se da nema pare, zna\u010di da je gibita\u0161ko preduze\u0107e i \u2013 nemamo vi\u0161e \u0161ta da pri\u010damo.<\/li>\n<\/ul>\n<p>Ocenio je da su pri\u010de rukovodstva firme da im op\u0161tina ne daje pare \u201e\u010diste la\u017ei\u201c.<\/p>\n<ul class=\"wp-block-list\">\n<li>Oni su samo u ovoj godini dobili preko 13,5 miliona iz bud\u017eeta op\u0161tine i to u vreme kada smo mi u bud\u017eetskog krizi, kazao je Prodanovi\u0107.<\/li>\n<\/ul>\n<p>Dodao je da, s druge strane, niko nema kontrolu nad onim \u201e\u0161ta oni rade i kako rade, koliko se tro\u0161i i \u0161ta se tro\u0161i\u201c.<\/p>\n<p>Prodanovi\u0107 tvrdi da iz preduze\u0107a ne dozvoljavaju da se izvr\u0161i kontrola.<\/p>\n<ul class=\"wp-block-list\">\n<li>Imaju blokade, jer su prijavili porez za plate, a nisu primali plate i Poreska uprava ih je blokirala. Mi mo\u017eemo kao op\u0161tina i osniva\u010d da prihvatimo dugove tog preduze\u0107a, ali ne\u0107emo da prihvatimo ljude koji trenutno rukovode preduze\u0107em. Ho\u0107emo da imamo potpunu kontrolu nad tim preduze\u0107em, da znamo gde op\u0161tina daje pare i za \u0161ta daje pare, ka\u017ee Prodanovi\u0107.<\/li>\n<\/ul>\n<p>On je rekao da preduze\u0107e ima ukupno devetoro zaposlenih, od toga je \u010detvoro \u201e\u010dist vi\u0161ak\u201c, a to su dva direktora i dva invalida rada, dok \u00a0je u preduze\u0107u uposleno pet voza\u010da.<\/p>\n<h6 class=\"wp-block-heading\">Fotografija: Radio Leva\u010d<\/h6>\n<\/div>\n<p><a href=\"https:\/\/www.glassumadije.rs\/opstina-rekovac-kupicemo-tri-autobusa-za-prevoz-djaka\/\" target=\"_blank\" rel=\"noopener\">Source link <\/a><br \/>\n\n Op\u0161tina Rekovac: Kupi\u0107emo tri autobusa za prevoz \u0111aka<\/p>\n","protected":false},"excerpt":{"rendered":"<p>U\u010denici u op\u0161tini Rekovac od 1. oktobra ne mogu da se prevoze do svojih \u0161kola javnim prevozom, jer je \u00a0Javno&hellip;<\/p>\n","protected":false},"author":1,"featured_media":5783,"comment_status":"open","ping_status":"open","sticky":false,"template":"","format":"standard","meta":{"footnotes":""},"categories":[1],"tags":[],"class_list":["post-5782","post","type-post","status-publish","format-standard","has-post-thumbnail","hentry","category-oglasi-rekovac"],"_links":{"self":[{"href":"https:\/\/oglasi.infooglasi.rs\/oglasi\/oglasirekovac\/wp-json\/wp\/v2\/posts\/5782","targetHints":{"allow":["GET"]}}],"collection":[{"href":"https:\/\/oglasi.infooglasi.rs\/oglasi\/oglasirekovac\/wp-json\/wp\/v2\/posts"}],"about":[{"href":"https:\/\/oglasi.infooglasi.rs\/oglasi\/oglasirekovac\/wp-json\/wp\/v2\/types\/post"}],"author":[{"embeddable":true,"href":"https:\/\/oglasi.infooglasi.rs\/oglasi\/oglasirekovac\/wp-json\/wp\/v2\/users\/1"}],"replies":[{"embeddable":true,"href":"https:\/\/oglasi.infooglasi.rs\/oglasi\/oglasirekovac\/wp-json\/wp\/v2\/comments?post=5782"}],"version-history":[{"count":0,"href":"https:\/\/oglasi.infooglasi.rs\/oglasi\/oglasirekovac\/wp-json\/wp\/v2\/posts\/5782\/revisions"}],"wp:featuredmedia":[{"embeddable":true,"href":"https:\/\/oglasi.infooglasi.rs\/oglasi\/oglasirekovac\/wp-json\/wp\/v2\/media\/5783"}],"wp:attachment":[{"href":"https:\/\/oglasi.infooglasi.rs\/oglasi\/oglasirekovac\/wp-json\/wp\/v2\/media?parent=5782"}],"wp:term":[{"taxonomy":"category","embeddable":true,"href":"https:\/\/oglasi.infooglasi.rs\/oglasi\/oglasirekovac\/wp-json\/wp\/v2\/categories?post=5782"},{"taxonomy":"post_tag","embeddable":true,"href":"https:\/\/oglasi.infooglasi.rs\/oglasi\/oglasirekovac\/wp-json\/wp\/v2\/tags?post=5782"}],"curies":[{"name":"wp","href":"https:\/\/api.w.org\/{rel}","templated":true}]}}