{"id":5855,"date":"2024-09-03T11:59:52","date_gmt":"2024-09-03T09:59:52","guid":{"rendered":"https:\/\/oglasi.infooglasi.rs\/oglasi\/oglasisecanj\/vucic-postujemo-bosnjake-hrvate-albance-samo-zelimo-da-nasi-ljudi-budu-svoji-na-svome-oglasi-secanj\/"},"modified":"2024-09-03T11:59:52","modified_gmt":"2024-09-03T09:59:52","slug":"vucic-postujemo-bosnjake-hrvate-albance-samo-zelimo-da-nasi-ljudi-budu-svoji-na-svome-oglasi-secanj","status":"publish","type":"post","link":"https:\/\/oglasi.infooglasi.rs\/oglasi\/oglasisecanj\/vucic-postujemo-bosnjake-hrvate-albance-samo-zelimo-da-nasi-ljudi-budu-svoji-na-svome-oglasi-secanj\/","title":{"rendered":"Vu\u010di\u0107: Po\u0161tujemo Bo\u0161njake, Hrvate, Albance, samo \u017eelimo da na\u0161i ljudi budu svoji na svome &#8211; OGLASI SE\u010cANJ"},"content":{"rendered":"<p><\/p>\n<div>\n<p><strong>BEOGRAD<\/strong>, 2. septembra 2024. (Beta) \u2013 Predsednik Srbije Aleksandar Vu\u010di\u0107 ocenio je danas da odnosi Srba u Srbiji i u Republici Srpskoj (RS) nikad nisu bili tako pametno ure\u0111eni, uravnote\u017eeni i dobri kao danas.<\/p>\n<p>Vu\u010di\u0107 je na otvaranju Doma zdravlja \u201cSrbija\u201d u Stanarima kod Doboja, rekao da \u0107e Srbija nastaviti sa ulaganjima u izgradnju objekata u RS.<\/p>\n<p>\u201cNe samo da imate predsednika Srbije koji jednako voli svoju Srbiju i va\u0161u RS, ali i svoju RS, imate narod u Srbiji koji svim srcem voli RS, jednako koliko vi volite Srbiju\u201d, rekao je Vu\u010di\u0107.<\/p>\n<p>On je kazao da se pre 11 godina dogovorio sa aktuelnim predsednikom RS Miloradom Dodikom da RS ne mo\u017ee i nikada ne\u0107e i\u0107i protiv Srbije, a da Srbija ne sme i ne\u0107e nikada ni\u0161ta u\u010diniti protiv interesa RS.<\/p>\n<p>\u201cToga se do dana dana\u0161njeg dr\u017eimo, slagali se ili ne po nekom pitanju, \u0161ta god bilo i kako god bilo\u201d, rekao je predsednik.<\/p>\n<p>Dodao je da \u0107e Srbija uvek biti garant mira i po\u0161tovanja Dejtonskog sporazuma, ali i opstanka i postojanja RS.<\/p>\n<p>\u201cTo niko ne mo\u017ee da nam oduzme. Po\u0161tujemo BiH ali i RS i njen integritet u okviru BiH. Po\u0161tujemo Bo\u0161njake, Hrvate, Albance, ni protiv koga nemamo ni\u0161ta, samo \u017eelimo da na\u0161i ljudi budu svoji na svome. Vi \u017eelite da se ovde po\u0161tuje Dejtonski sporazum, i mi to \u017eelimo kao potpisnik Dejtona\u201d, kazao je Vu\u010di\u0107.<\/p>\n<p>On je najavio nova ulaganja Srbije u Republiku Srpsku i rekao da o\u010dekuje da \u0107e stopa rasta u Srbiji biti oko ili malo vi\u0161a od \u010detiri odsto \u0161to \u0107e omogu\u0107iti i ulaganja u RS.<\/p>\n<p>\u201cEkspo je tako\u0111e prilika za razvoj cele Srbije, ali i regiona, a posebno Republike Srpske\u201d, rekao je Vu\u010di\u0107.<\/p>\n<p>Na pitanje o upozorenju koje su Sonja Biserko iz Helsin\u0161kog odbora za ljudska prava i Nenad \u010canak, biv\u0161i predsednik LSV, preneli premijeru Kosova Aljbinu Kurtiju da se planira preseljenje Srba s Kosova u Sand\u017eak, Vu\u010di\u0107 je rekao da je \u201cgledao razne cirkuse\u201d, ali da dosad nije video \u201ccirkus kakav prave Kurti, Biserko i \u010canak \u201c.<\/p>\n<p>\u201cSrbi \u0107e ostati na Kosovu i Metohiji, to je sve \u0161to imam da ka\u017eem na tu glupost\u201d, odgovorio je Vu\u010di\u0107.<\/p>\n<p>Upitan o poberdi ekstremno desni\u010darske\u00a0\u201cAlternative za Nema\u010dku\u201d na izborima u dve nemalke pokrajine u nedelju, Vu\u010di\u010d je kratko rekao da je to o\u010dekivano, i da \u0107e Srbija nastaviti da sara\u0111uje s vladom Nema\u010dke.<\/p>\n<p>Na pitanje da li je s predsednikom Francuske Emanuelom Makronom pro\u0161le nedelje u Beogradu razgovarao o revidiranju uloge Kancelarije visokog predstavnika (OHR) u BiH, Vu\u010di\u0107 je rekao da nije.<\/p>\n<p>\u201cTo nam nije bila jedna od va\u017enih tema, a razgovarali smo do \u010detiri ujutro. To je tre\u0107i put da razgovaramo do \u010detiri ujutro\u201d, rekao je Vu\u010di\u0107.<\/p>\n<\/div>\n<p><a href=\"https:\/\/portalforum.rs\/vucic-postujemo-bosnjake-hrvate-albance-samo-zelimo-da-nasi-ljudi-budu-svoji-na-svome\/\" target=\"_blank\" rel=\"noopener\">Source link <\/a><br \/>\n\n Vu\u010di\u0107: Po\u0161tujemo Bo\u0161njake, Hrvate, Albance, samo \u017eelimo da na\u0161i ljudi budu svoji na svome<\/p>\n","protected":false},"excerpt":{"rendered":"<p>BEOGRAD, 2. septembra 2024. (Beta) \u2013 Predsednik Srbije Aleksandar Vu\u010di\u0107 ocenio je danas da odnosi Srba u Srbiji i u&hellip;<\/p>\n","protected":false},"author":1,"featured_media":0,"comment_status":"open","ping_status":"open","sticky":false,"template":"","format":"standard","meta":{"footnotes":""},"categories":[1],"tags":[],"class_list":["post-5855","post","type-post","status-publish","format-standard","hentry","category-oglasi-secanj"],"_links":{"self":[{"href":"https:\/\/oglasi.infooglasi.rs\/oglasi\/oglasisecanj\/wp-json\/wp\/v2\/posts\/5855","targetHints":{"allow":["GET"]}}],"collection":[{"href":"https:\/\/oglasi.infooglasi.rs\/oglasi\/oglasisecanj\/wp-json\/wp\/v2\/posts"}],"about":[{"href":"https:\/\/oglasi.infooglasi.rs\/oglasi\/oglasisecanj\/wp-json\/wp\/v2\/types\/post"}],"author":[{"embeddable":true,"href":"https:\/\/oglasi.infooglasi.rs\/oglasi\/oglasisecanj\/wp-json\/wp\/v2\/users\/1"}],"replies":[{"embeddable":true,"href":"https:\/\/oglasi.infooglasi.rs\/oglasi\/oglasisecanj\/wp-json\/wp\/v2\/comments?post=5855"}],"version-history":[{"count":0,"href":"https:\/\/oglasi.infooglasi.rs\/oglasi\/oglasisecanj\/wp-json\/wp\/v2\/posts\/5855\/revisions"}],"wp:attachment":[{"href":"https:\/\/oglasi.infooglasi.rs\/oglasi\/oglasisecanj\/wp-json\/wp\/v2\/media?parent=5855"}],"wp:term":[{"taxonomy":"category","embeddable":true,"href":"https:\/\/oglasi.infooglasi.rs\/oglasi\/oglasisecanj\/wp-json\/wp\/v2\/categories?post=5855"},{"taxonomy":"post_tag","embeddable":true,"href":"https:\/\/oglasi.infooglasi.rs\/oglasi\/oglasisecanj\/wp-json\/wp\/v2\/tags?post=5855"}],"curies":[{"name":"wp","href":"https:\/\/api.w.org\/{rel}","templated":true}]}}