{"id":6252,"date":"2023-11-02T22:12:39","date_gmt":"2023-11-02T21:12:39","guid":{"rendered":"https:\/\/oglasi.infooglasi.rs\/oglasi\/oglasisurdulica\/borci-odali-postu-poginulima-u-prvom-svetskom-ratu-vamedia-oglasi-surdulica\/"},"modified":"2023-11-02T22:12:39","modified_gmt":"2023-11-02T21:12:39","slug":"borci-odali-postu-poginulima-u-prvom-svetskom-ratu-vamedia-oglasi-surdulica","status":"publish","type":"post","link":"https:\/\/oglasi.infooglasi.rs\/oglasi\/oglasisurdulica\/borci-odali-postu-poginulima-u-prvom-svetskom-ratu-vamedia-oglasi-surdulica\/","title":{"rendered":"Borci odali po\u0161tu poginulima u Prvom svetskom ratu | VAmedia &#8211; OGLASI SURDULICA"},"content":{"rendered":"<p><\/p>\n<div id=\"post-21753\">&#13;<br \/>\n&#13;<br \/>\n\t\t\t\t\t<!-- .entry-header -->&#13;<br \/>\n&#13;<br \/>\n\t\t&#13;<br \/>\n\t\t<!-- Subtitle widget area -->&#13;<br \/>\n\t\t\t\t\t<!-- .sub-title-widget-area -->&#13;<br \/>\n\t\t&#13;<br \/>\n\t\t&#13;<\/p>\n<div class=\"entry-content\">\n<p>U Surdulici je odr\u017ean<br \/>\nDan se\u0107anja na stradale iz Prvog svetskog rata. Predstavnici valjevskog<br \/>\nUdru\u017eenja boraca tim povodom izdali su slede\u0107e saop\u0161tenje: <\/p>\n<figure class=\"wp-block-image\"><img loading=\"lazy\" decoding=\"async\" width=\"1024\" height=\"768\" src=\"https:\/\/www.vamedia.info\/wp-content\/uploads\/2021\/05\/20210527_135524-1024x768.jpg\" alt=\"\" class=\"wp-image-21754\" srcset=\"https:\/\/www.vamedia.info\/wp-content\/uploads\/2021\/05\/20210527_135524.jpg 1024w, https:\/\/www.vamedia.info\/wp-content\/uploads\/2021\/05\/20210527_135524-300x225.jpg 300w, https:\/\/www.vamedia.info\/wp-content\/uploads\/2021\/05\/20210527_135524-768x576.jpg 768w, https:\/\/www.vamedia.info\/wp-content\/uploads\/2021\/05\/20210527_135524-624x468.jpg 624w, https:\/\/www.vamedia.info\/wp-content\/uploads\/2021\/05\/20210527_135524-240x180.jpg 240w, https:\/\/www.vamedia.info\/wp-content\/uploads\/2021\/05\/20210527_135524-80x60.jpg 80w, https:\/\/www.vamedia.info\/wp-content\/uploads\/2021\/05\/20210527_135524-576x432.jpg 576w\" sizes=\"auto, (max-width: 1024px) 100vw, 1024px\"\/><\/figure>\n<p>Predstavnici udru\u017eenja boraca Valjevo,\u00a0 predsednik Dejan Markovi\u0107 Milo\u0161evi\u0107 Kuna, generalni sekretar Bradi\u0107 Ljubomir i \u010dlanovi udru\u017eenja i borci Goran Kolari\u0107 i Milisav Prvanovi\u0107 u ime Grada Valjeva, Udru\u017eenje boraca Valjevo, Gvozdenog puka Valjeva i Srbije polo\u017eili su \u00a0cve\u0107e u slavu i \u010dast Surduli\u010dkih mu\u010denika poginulim u Prvom svetskom ratu.<\/p>\n<p>,,Udru\u017eenja potomaka ratnika Srbije \u2013 op\u0161tinski odbor Surdulica, u subotu 29. maja 2021. godine organizovao je \u00a0veliku narodnu litiju za Duboku dolinu (jedno od najve\u0107ih strati\u0161ta Srba u Prvom svetskom ratu) u slavu i \u010dast Surduli\u010dkih mu\u010denika.<br \/>Surdulica je mesto u kojem su okupatori od 1915. do 1918. godine ubili vi\u0161e od 4000 srpskih civila, a Duboka dolina je simbol stradanja svih Srba sa juga Srbije.<br \/>Posle Svete liturgije koja \u0107e biti slu\u017eena u hramu Sv. \u0110or\u0111a u Surdulici odr\u017eana je litija (Krstni hod) do mesta stradanja gde su brojne rodoljubive delegacije boraca i potomaka ratnika polo\u017eiti vence\u201c.<br \/>Grad Valjevo, udru\u017eenje boraca Valjevo i Gvozdeni puk Valjevo i Srbije po\u0161tuje sve srpske \u017ertve pale u svim ratovima koje su zadesilu na\u0161u otad\u017ebinu Srbiju i mi moramo \u010duvati i gajiti se\u0107anje na na\u0161e stradale i poginule heroje sa porukom svima da se otad\u017ebina i narod brani \u017eivotima ako zatreba i da smo na to uvek spremni.<\/p>\n<p>Gvozdeni puk Srbije,<br \/>Gvozdeni puk Valjevo i<br \/>Udru\u017eenje Boraca Valjevo.<\/p>\n<p>Lj. Bradi\u0107\u201d<\/p>\n<\/p><\/div>\n<p><!-- .entry-content -->&#13;<br \/>\n&#13;<br \/>\n\t\t&#13;<\/p>\n<footer class=\"entry-meta\">&#13;<br \/>\n\t\t\t<!-- Post end widget area -->&#13;<br \/>\n\t\t\t\t\t\t\t&#13;<br \/>\n\t\t\t&#13;<br \/>\n&#13;<br \/>\n\t\t\t\t\t\t\t<!-- .entry-meta-term -->&#13;<br \/>\n&#13;<br \/>\n\t\t\t\t\t<\/footer>\n<p><!-- .entry-meta -->&#13;\n\t<\/div>\n<p><a href=\"https:\/\/www.vamedia.info\/2021\/05\/borci-odali-postu-poginulima-u-prvom-svetskom-ratu\/\" target=\"_blank\" rel=\"noopener\">Source link <\/a><br \/>\n\n Borci odali po\u0161tu poginulima u Prvom svetskom ratu | VAmedia<\/p>\n","protected":false},"excerpt":{"rendered":"<p>&#13; &#13; &#13; &#13; &#13; &#13; &#13; &#13; &#13; U Surdulici je odr\u017ean Dan se\u0107anja na stradale iz Prvog svetskog&hellip;<\/p>\n","protected":false},"author":1,"featured_media":6253,"comment_status":"open","ping_status":"open","sticky":false,"template":"","format":"standard","meta":{"footnotes":""},"categories":[1],"tags":[],"class_list":["post-6252","post","type-post","status-publish","format-standard","has-post-thumbnail","hentry","category-oglasi-surdulica"],"_links":{"self":[{"href":"https:\/\/oglasi.infooglasi.rs\/oglasi\/oglasisurdulica\/wp-json\/wp\/v2\/posts\/6252","targetHints":{"allow":["GET"]}}],"collection":[{"href":"https:\/\/oglasi.infooglasi.rs\/oglasi\/oglasisurdulica\/wp-json\/wp\/v2\/posts"}],"about":[{"href":"https:\/\/oglasi.infooglasi.rs\/oglasi\/oglasisurdulica\/wp-json\/wp\/v2\/types\/post"}],"author":[{"embeddable":true,"href":"https:\/\/oglasi.infooglasi.rs\/oglasi\/oglasisurdulica\/wp-json\/wp\/v2\/users\/1"}],"replies":[{"embeddable":true,"href":"https:\/\/oglasi.infooglasi.rs\/oglasi\/oglasisurdulica\/wp-json\/wp\/v2\/comments?post=6252"}],"version-history":[{"count":0,"href":"https:\/\/oglasi.infooglasi.rs\/oglasi\/oglasisurdulica\/wp-json\/wp\/v2\/posts\/6252\/revisions"}],"wp:featuredmedia":[{"embeddable":true,"href":"https:\/\/oglasi.infooglasi.rs\/oglasi\/oglasisurdulica\/wp-json\/wp\/v2\/media\/6253"}],"wp:attachment":[{"href":"https:\/\/oglasi.infooglasi.rs\/oglasi\/oglasisurdulica\/wp-json\/wp\/v2\/media?parent=6252"}],"wp:term":[{"taxonomy":"category","embeddable":true,"href":"https:\/\/oglasi.infooglasi.rs\/oglasi\/oglasisurdulica\/wp-json\/wp\/v2\/categories?post=6252"},{"taxonomy":"post_tag","embeddable":true,"href":"https:\/\/oglasi.infooglasi.rs\/oglasi\/oglasisurdulica\/wp-json\/wp\/v2\/tags?post=6252"}],"curies":[{"name":"wp","href":"https:\/\/api.w.org\/{rel}","templated":true}]}}