{"id":6280,"date":"2023-11-25T16:05:02","date_gmt":"2023-11-25T15:05:02","guid":{"rendered":"https:\/\/oglasi.infooglasi.rs\/oglasi\/oglasisurdulica\/demanti-tuzba-direktorke-nesic-usmerena-ka-opstini-surdulica-oglasi-surdulica\/"},"modified":"2023-11-25T16:05:02","modified_gmt":"2023-11-25T15:05:02","slug":"demanti-tuzba-direktorke-nesic-usmerena-ka-opstini-surdulica-oglasi-surdulica","status":"publish","type":"post","link":"https:\/\/oglasi.infooglasi.rs\/oglasi\/oglasisurdulica\/demanti-tuzba-direktorke-nesic-usmerena-ka-opstini-surdulica-oglasi-surdulica\/","title":{"rendered":"Demanti: Tu\u017eba direktorke NE\u0160I\u0106 usmerena ka op\u0161tini SURDULICA &#8211; OGLASI SURDULICA"},"content":{"rendered":"<p><\/p>\n<div>\n<p>Punomo\u0107nik direktorke O\u0160\u201c Vuk Karad\u017ei\u0107\u201c u Surdulici, Miomior Tasi\u0107 oputio je demant portalu InfoVranjske.rs povodom teksta \u201e<a href=\"https:\/\/infovranjske.rs\/direktorka-osnovne-skole-u-surdulici-tuzila-samu-sebe\/\" target=\"_blank\" rel=\"noopener\">Direktorka OSNOVNE \u0160KOLE u Surdulici TU\u017dILA samu SEBE?<\/a>\u201e, koji je objavljen 08. novembra, 2023. godine na informativnom portalu.  <\/p>\n<p><strong>U demantu advokata Tasi\u0107a, stoji da je Dragana Ne\u0161i\u0107 tu\u017eila op\u0161tinu Surdulicu, a ne samu sebe. <\/strong><\/p>\n<p>S druge strane iz Op\u0161tine Surdulice nagla\u0161avaju da nikakvih tu\u017ebe od strane Ne\u0161i\u0107eve nije bilo prema ovoj op\u0161tini u P\u010dinjskom okrugu.  Portal InfoVranjske.rs do\u0161ao u posed tu\u017ebe Dragane Ne\u0161i\u0107 iz Surdulice pred Osnovni sud u Surdulici. <\/p>\n<figure class=\"wp-block-image size-large\"><img loading=\"lazy\" decoding=\"async\" width=\"875\" height=\"1024\" src=\"https:\/\/infovranjske.rs\/wp-content\/uploads\/Surdulcia-Tuzba-e1699617913282-875x1024.jpg\" alt=\"\" class=\"wp-image-52695\" srcset=\"https:\/\/infovranjske.rs\/wp-content\/uploads\/Surdulcia-Tuzba-e1699617913282-875x1024.jpg 875w, https:\/\/infovranjske.rs\/wp-content\/uploads\/Surdulcia-Tuzba-e1699617913282-256x300.jpg 256w, https:\/\/infovranjske.rs\/wp-content\/uploads\/Surdulcia-Tuzba-e1699617913282-768x899.jpg 768w, https:\/\/infovranjske.rs\/wp-content\/uploads\/Surdulcia-Tuzba-e1699617913282.jpg 1200w\" sizes=\"auto, (max-width: 875px) 100vw, 875px\"\/><\/figure>\n<p><strong>Demanti advokata Ne\u0161i\u0107eve prenosimo u celosti i bez dodatnih izmena. <\/strong><\/p>\n<p><em>Punomo\u0107nik direktora Osnovne \u0161kole ,, Vuk Karad\u017eic\u201c iz Surdulice, advokata Miomira Tasi\u0107a iz Vranje izjavljuje demant u delu teksta koji je portal ,,vranjske\u201c objavio dana 08.11.2023 u tekstu ,, Direktorka tu\u017eila sama sebe\u201c jer je tu\u017eba usmerena ka op\u0161tini Surdulica, koja je donela odluku da neisplacuju tro\u0161kove prevoza zaposlenih u \u0161kolama, \u0161to je u suprotnosti sa Zakonom o radu i Zakona o osnovama obrazovanja i vaspitanja, a izme\u0111u redova mo\u017ee da se pro\u010dita, zato \u0161to su direktori u \u0161kolama na teritoriji op\u0161tine Surdulica iz redova SNS-a<\/em><\/p>\n<p><em>Nije ta\u010dno da je direktorka tu\u017eila za 100.000 dinara, vec za 22.100 sa kamatom i to za period od 01.01.2022 do 01.02.2023 god, odnosno za period od 13 meseci. Organizovani prevoz za zaposlene u \u0161kolama krece tek od 01.09.2023.godine i za taj period nece biti utu\u017eenja. <\/em><\/p>\n<p><em>Ponavljam, samoinicijativna odluka op\u0161tine Surdulica da neispla\u0107uje putne tro\u0161kove, jer isti nisu iz redova Socijalisti\u010dke partije Srbije, vec iz Srpske napredne stranke zaposlenim u \u0161kolama isklju\u010div je razlog utu\u017eenja. <\/em><\/p>\n<p><em>Skoro svi radnici pomenute \u0161kole su utu\u017eili i dobili pravnosna\u017ene i izvr\u0161ne presude i putem izvr\u0161enja isti ce biti napla\u0107eni od op\u0161tine Surdulica. <\/em><\/p>\n<p><strong>Punomo\u0107je je potpisao advokat direktorke O\u0160\u201c Vuk Karad\u017ei\u0107\u201c u Sudulici, Miomir Tasi\u0107.<\/strong><\/p>\n<p>Podse\u0107amo, na dru\u0161tvenim mre\u017eama pojavila se informacija jednog od zaposlenih u kojoj tvrdi da direktorka O\u0160 \u201eVuk Karad\u017ei\u0107\u201c u Surdulici, stanuje na manje od 300 metara od obrazovne ustanove u kojoj je na funkciji. <\/p>\n<p>NIV<\/p>\n<\/p><\/div>\n<p><a href=\"https:\/\/infovranjske.rs\/demanti-tuzba-direktorke-nesic-usmerena-ka-opstini-surdulica\/\" target=\"_blank\" rel=\"noopener\">Source link <\/a><br \/>\n\n Demanti: Tu\u017eba direktorke NE\u0160I\u0106 usmerena ka op\u0161tini SURDULICA<\/p>\n","protected":false},"excerpt":{"rendered":"<p>Punomo\u0107nik direktorke O\u0160\u201c Vuk Karad\u017ei\u0107\u201c u Surdulici, Miomior Tasi\u0107 oputio je demant portalu InfoVranjske.rs povodom teksta \u201eDirektorka OSNOVNE \u0160KOLE u&hellip;<\/p>\n","protected":false},"author":1,"featured_media":6281,"comment_status":"open","ping_status":"open","sticky":false,"template":"","format":"standard","meta":{"footnotes":""},"categories":[1],"tags":[],"class_list":["post-6280","post","type-post","status-publish","format-standard","has-post-thumbnail","hentry","category-oglasi-surdulica"],"_links":{"self":[{"href":"https:\/\/oglasi.infooglasi.rs\/oglasi\/oglasisurdulica\/wp-json\/wp\/v2\/posts\/6280","targetHints":{"allow":["GET"]}}],"collection":[{"href":"https:\/\/oglasi.infooglasi.rs\/oglasi\/oglasisurdulica\/wp-json\/wp\/v2\/posts"}],"about":[{"href":"https:\/\/oglasi.infooglasi.rs\/oglasi\/oglasisurdulica\/wp-json\/wp\/v2\/types\/post"}],"author":[{"embeddable":true,"href":"https:\/\/oglasi.infooglasi.rs\/oglasi\/oglasisurdulica\/wp-json\/wp\/v2\/users\/1"}],"replies":[{"embeddable":true,"href":"https:\/\/oglasi.infooglasi.rs\/oglasi\/oglasisurdulica\/wp-json\/wp\/v2\/comments?post=6280"}],"version-history":[{"count":0,"href":"https:\/\/oglasi.infooglasi.rs\/oglasi\/oglasisurdulica\/wp-json\/wp\/v2\/posts\/6280\/revisions"}],"wp:featuredmedia":[{"embeddable":true,"href":"https:\/\/oglasi.infooglasi.rs\/oglasi\/oglasisurdulica\/wp-json\/wp\/v2\/media\/6281"}],"wp:attachment":[{"href":"https:\/\/oglasi.infooglasi.rs\/oglasi\/oglasisurdulica\/wp-json\/wp\/v2\/media?parent=6280"}],"wp:term":[{"taxonomy":"category","embeddable":true,"href":"https:\/\/oglasi.infooglasi.rs\/oglasi\/oglasisurdulica\/wp-json\/wp\/v2\/categories?post=6280"},{"taxonomy":"post_tag","embeddable":true,"href":"https:\/\/oglasi.infooglasi.rs\/oglasi\/oglasisurdulica\/wp-json\/wp\/v2\/tags?post=6280"}],"curies":[{"name":"wp","href":"https:\/\/api.w.org\/{rel}","templated":true}]}}