{"id":6299,"date":"2023-11-03T14:46:51","date_gmt":"2023-11-03T13:46:51","guid":{"rendered":"https:\/\/oglasi.infooglasi.rs\/oglasi\/oglasisvilajnac\/panika-u-svilajncu-petnaestogodisnjak-kog-je-ujela-zmija-hitno-hospitalizovan-mestani-traze-otrovnicu-oglasi-svilajnac\/"},"modified":"2023-11-03T14:46:51","modified_gmt":"2023-11-03T13:46:51","slug":"panika-u-svilajncu-petnaestogodisnjak-kog-je-ujela-zmija-hitno-hospitalizovan-mestani-traze-otrovnicu-oglasi-svilajnac","status":"publish","type":"post","link":"https:\/\/oglasi.infooglasi.rs\/oglasi\/oglasisvilajnac\/panika-u-svilajncu-petnaestogodisnjak-kog-je-ujela-zmija-hitno-hospitalizovan-mestani-traze-otrovnicu-oglasi-svilajnac\/","title":{"rendered":"PANIKA U SVILAJNCU: Petnaestogodi\u0161njak kog je ujela zmija hitno hospitalizovan, me\u0161tani tra\u017ee otrovnicu! &#8211; OGLASI SVILAJNAC"},"content":{"rendered":"<p><\/p>\n<div>\n<p><strong><em>Petnaestodogi\u0161njeg de\u010daka iz <a href=\"https:\/\/serbiantimes.info\/tag\/svilajnac\/\" target=\"_blank\" rel=\"noopener\" title=\"\">Svilajnca <\/a>ujela je zmija usred no\u0107i, a pretpostavlja se da je re\u010d o otrovnici. Nemili doga\u0111aj se odigrao sino\u0107 u kasnim satima, a zmija je de\u010daka ujela za ruku dok je sa drugom sedeo na klupi.<\/em><\/strong><\/p>\n<p>-Po prijemu poziva ekipa Hitne pomo\u0107 je iza\u0161la na teren i de\u010dak je nakon primene svih medicinskih procedura u takvim situacijama sanitetom prevezen u Klini\u010dki centar u <a href=\"https:\/\/serbiantimes.info\/tag\/kragujevac\/\" target=\"_blank\" rel=\"noopener\" title=\"\">Kragujevcu <\/a>\u2013 potvrdili su u Domu zdravlja Svilajnac.<\/p>\n<p>De\u010daci su bili u ve\u010dernjem izlasku, a na klupu su seli da predahnu kad su se vra\u0107ali od zajedni\u010dke drugarice koju su sino\u0107 ispratili ku\u0107i.<\/p>\n<p>Prema re\u010dima de\u010dakovih sugra\u0111ana oni su no\u0107as pretra\u017eili \u010ditav teren na kome se incident dogodio, me\u0111utim <a href=\"https:\/\/serbiantimes.info\/tag\/zmija\/\" target=\"_blank\" rel=\"noopener\" title=\"\">zmiju<\/a> nisu prona\u0161li.<\/p>\n<p>-Odmah nakon \u0161to je mladi\u0107 sme\u0161ten na Infektivnu kliniku, javili su nam da poku\u0161amo da na\u0111emo zmiju pre svega da se otkloni opasnost da ne ujede jo\u0161 nekog. Prevrnuli smo svaki kamen, ali je nismo na\u0161li \u2013 rekao nam je me\u0161tanin Svilajnca.<\/p>\n<p>On dodaje da i lekari sumnjaju da je otrovnica, po klini\u010dkoj slici i otoku koji se veoma brzo razvio na prstu petnaestodogi\u0161njaka.<\/p>\n<p>Po prijemu u Klini\u010dki centar u Kragujevcu, de\u010dak je no\u0107as zadr\u017ean na le\u010denju na Infektivnoj klinici ove ustanove.<\/p>\n<h3 class=\"wp-block-heading\"><mark style=\"background-color:rgba(0, 0, 0, 0)\" class=\"has-inline-color has-vivid-red-color\">PRO\u010cITAJTE VI\u0160E:<\/mark><\/h3>\n<p><strong><a href=\"https:\/\/serbiantimes.info\/nakon-odlaska-u-solarijum-ostala-bez-polovine-organa-zbog-ove-greske-sada-joj-zdravlje-visi-o-koncu\/\" target=\"_blank\" rel=\"noopener\" title=\"\">NAKON ODLASKA U SOLARIJUM, OSTALA BEZ POLOVINE ORGANA: Katarini zbog ove gre\u0161ke zdravlje visi o koncu!<\/a><\/strong><\/p>\n<p><strong><a href=\"https:\/\/serbiantimes.info\/rekli-su-mi-da-cu-se-razboleti-egipcanin-ahmed-ostao-u-cudu-zbog-srpskog-verovanja-video\/\" target=\"_blank\" rel=\"noreferrer noopener\">\u201cREKLI SU MI DA \u0106U SE RAZBOLETI\u201d: Egip\u0107anin Ahmed ostao u \u010dudu zbog srpskog verovanja! (VIDEO)<\/a><\/strong><\/p>\n<p><strong><a href=\"https:\/\/serbiantimes.info\/beogradski-gimnazijalac-osvaja-svet-strahinja-doneo-bronzu-sa-svetske-geografske-olimpijade\/\" target=\"_blank\" rel=\"noreferrer noopener\">BEOGRADSKI GIMNAZIJALAC OSVAJA SVET: Strahinja doneo bronzu sa Svetske geografske olimpijade!<\/a><\/strong><\/p>\n<p>Izvor: <a href=\"https:\/\/www.kurir.rs\/vesti\/srbija\/4223080\/decaka-ujela-zmija-usred-noci-u-svilajncu\" target=\"_blank\" rel=\"noopener\" title=\"\">Kurir<\/a><br \/>Ilustracija: EPA\/ Attila Balazs<\/p>\n<\/p><\/div>\n<p><a href=\"https:\/\/serbiantimes.info\/panika-u-svilajncu-petnaestogodisnjak-kog-je-ujela-zmija-hitno-hospitalizovan-mestani-traze-otrovnicu\/\" target=\"_blank\" rel=\"noopener\">Source link <\/a><br \/>\n\n PANIKA U SVILAJNCU: Petnaestogodi\u0161njak kog je ujela zmija hitno hospitalizovan, me\u0161tani tra\u017ee otrovnicu!<\/p>\n","protected":false},"excerpt":{"rendered":"<p>Petnaestodogi\u0161njeg de\u010daka iz Svilajnca ujela je zmija usred no\u0107i, a pretpostavlja se da je re\u010d o otrovnici. Nemili doga\u0111aj se&hellip;<\/p>\n","protected":false},"author":1,"featured_media":6300,"comment_status":"open","ping_status":"open","sticky":false,"template":"","format":"standard","meta":{"footnotes":""},"categories":[1],"tags":[],"class_list":["post-6299","post","type-post","status-publish","format-standard","has-post-thumbnail","hentry","category-oglasi-svilajnac"],"_links":{"self":[{"href":"https:\/\/oglasi.infooglasi.rs\/oglasi\/oglasisvilajnac\/wp-json\/wp\/v2\/posts\/6299","targetHints":{"allow":["GET"]}}],"collection":[{"href":"https:\/\/oglasi.infooglasi.rs\/oglasi\/oglasisvilajnac\/wp-json\/wp\/v2\/posts"}],"about":[{"href":"https:\/\/oglasi.infooglasi.rs\/oglasi\/oglasisvilajnac\/wp-json\/wp\/v2\/types\/post"}],"author":[{"embeddable":true,"href":"https:\/\/oglasi.infooglasi.rs\/oglasi\/oglasisvilajnac\/wp-json\/wp\/v2\/users\/1"}],"replies":[{"embeddable":true,"href":"https:\/\/oglasi.infooglasi.rs\/oglasi\/oglasisvilajnac\/wp-json\/wp\/v2\/comments?post=6299"}],"version-history":[{"count":0,"href":"https:\/\/oglasi.infooglasi.rs\/oglasi\/oglasisvilajnac\/wp-json\/wp\/v2\/posts\/6299\/revisions"}],"wp:featuredmedia":[{"embeddable":true,"href":"https:\/\/oglasi.infooglasi.rs\/oglasi\/oglasisvilajnac\/wp-json\/wp\/v2\/media\/6300"}],"wp:attachment":[{"href":"https:\/\/oglasi.infooglasi.rs\/oglasi\/oglasisvilajnac\/wp-json\/wp\/v2\/media?parent=6299"}],"wp:term":[{"taxonomy":"category","embeddable":true,"href":"https:\/\/oglasi.infooglasi.rs\/oglasi\/oglasisvilajnac\/wp-json\/wp\/v2\/categories?post=6299"},{"taxonomy":"post_tag","embeddable":true,"href":"https:\/\/oglasi.infooglasi.rs\/oglasi\/oglasisvilajnac\/wp-json\/wp\/v2\/tags?post=6299"}],"curies":[{"name":"wp","href":"https:\/\/api.w.org\/{rel}","templated":true}]}}